{"id":94746,"date":"2025-05-12T17:25:13","date_gmt":"2025-05-12T17:25:13","guid":{"rendered":"https:\/\/www.europesays.com\/fr\/94746\/"},"modified":"2025-05-12T17:25:13","modified_gmt":"2025-05-12T17:25:13","slug":"mobilisation-dans-la-fonction-publique-manifestations-greve-a-quoi-sattendre-ce-mardi-13-mai","status":"publish","type":"post","link":"https:\/\/www.europesays.com\/fr\/94746\/","title":{"rendered":"Mobilisation dans la fonction publique : manifestations, gr\u00e8ve&#8230; \u00e0 quoi s&rsquo;attendre ce mardi 13 mai ?"},"content":{"rendered":"<p>Plusieurs syndicats de la fonction publique ont appel\u00e9 \u00e0 la gr\u00e8ve et \u00e0 des rassemblements ce mardi.Cet appel fait suite \u00e0 une premi\u00e8re mobilisation le 3 avril qui avait rassembl\u00e9 dans des proportions modestes \u00e0 Paris et dans plusieurs villes.Au centre des revendications : les mesures budg\u00e9taires prises par le gouvernement pour 2025.<\/p>\n<p data-module=\"article-paragraph\" class=\"jsx-362436225 Paragraph\">Une deuxi\u00e8me journ\u00e9e de mobilisation, un mois apr\u00e8s la premi\u00e8re. La CGT, Solidaires, la CFE-CGC, UNSA, FO et la FSU ont appel\u00e9 \u00e0 une journ\u00e9e d&rsquo;action dans la fonction publique ce mardi 13 mai. Cet appel fait suite \u00e0 une premi\u00e8re mobilisation le 3 avril qui avait rassembl\u00e9 dans des proportions modestes \u00e0 Paris et dans plusieurs villes, notamment Lille et Lyon.\u00a0<\/p>\n<p data-module=\"article-paragraph\" class=\"jsx-362436225 Paragraph Paragraph__End\">L&rsquo;appel \u00e0 la gr\u00e8ve avait \u00e9t\u00e9 peu suivi, avec 1,6% de gr\u00e9vistes dans la fonction publique de l&rsquo;\u00c9tat, et une mobilisation sans commune mesure avec celle du 5 d\u00e9cembre 2024, o\u00f9 entre 130.000 et 200.000 personnes avaient d\u00e9fil\u00e9, enseignants en t\u00eate, pour s&rsquo;opposer \u00e0 des mesures d&rsquo;\u00e9conomies dans la fonction publique. La mobilisation du 13 mai sera-t-elle plus suivie ? Les motifs de la contestation, quasi-inchang\u00e9s, portent toujours sur les mesures budg\u00e9taires prises par le gouvernement pour 2025.<\/p>\n<p>Pourquoi une nouvelle journ\u00e9e d&rsquo;action ?<\/p>\n<p data-module=\"article-paragraph\" class=\"jsx-362436225 Paragraph Paragraph__End\">Le 6 mai dernier, une semaine avant l&rsquo;appel \u00e0 la mobilisation et \u00e0 la gr\u00e8ve de ce 13 mai, une intersyndicale de la fonction publique qui rassemble cinq des huit syndicats repr\u00e9sentatifs, dont la premi\u00e8re force, la CGT, avait d\u00e9plor\u00e9 des d\u00e9bats budg\u00e9taires qui \u00ab\u00a0s&rsquo;engagent de la pire des mani\u00e8res\u00a0\u00bb.<\/p>\n<ul class=\"jsx-3657663356 ReadMoreArticle__List flex flex-column\">\n<li class=\"jsx-3657663356\"><a href=\"https:\/\/www.tf1info.fr\/politique\/sncf-ferroviaire-est-il-vraiment-possible-d-interdire-les-greves-dans-les-transports-pendant-les-vacances-scolaires-2246911.html\" rel=\"noopener\" class=\"jsx-4233824444 Link flex\" target=\"_blank\"><img decoding=\"async\" src=\"https:\/\/www.europesays.com\/fr\/wp-content\/uploads\/2025\/05\/train-tgv-interieur-sncf-93fb88-0@1x.jpeg\" alt=\"Lire aussi\" loading=\"lazy\" importance=\"low\" fetchpriority=\"low\" class=\"\"\/>\n<p class=\"jsx-3657663356 ReadMoreArticle__Title\">Lire aussi<\/p>\n<p class=\"jsx-3657663356\">Est-il vraiment possible \u00ab\u00a0d&rsquo;interdire les gr\u00e8ves dans les transports pendant les vacances\u00a0\u00bb ?<\/p>\n<p><\/a><\/li>\n<\/ul>\n<p data-module=\"article-paragraph\" class=\"jsx-362436225 Paragraph Paragraph__End\">La CGT fonction publique, avait pour sa part d\u00e9nonc\u00e9 par la voix de l&rsquo;un de ses secr\u00e9taires g\u00e9n\u00e9raux, Christophe Delecourt, un \u00ab\u00a0double discours\u00a0\u00bb du gouvernement, d\u00e9plorant des \u00ab\u00a0r\u00e9unions mensong\u00e8res\u00a0\u00bb avec le ministre \u00e0 propos des r\u00e9mun\u00e9rations dans la fonction publique, alors que les agents redoutent une \u00ab\u00a0nouvelle ann\u00e9e blanche\u00a0\u00bb. Outre la CGT, la FSU, l&rsquo;Unsa, Solidaires et la CFE-CGC, ont d\u00e9plor\u00e9 les \u00e9conomies annonc\u00e9es par la ministre des Comptes publics, Am\u00e9lie de Montchalin, qui a promis un grand \u00ab\u00a0m\u00e9nage\u00a0\u00bb dans les agences et op\u00e9rateurs de l&rsquo;\u00c9tat pour \u00e9conomiser 2 \u00e0 3 milliards d&rsquo;euros.\u00a0<\/p>\n<p>O\u00f9 sont annonc\u00e9es des manifestations ?<\/p>\n<p data-module=\"article-paragraph\" class=\"jsx-362436225 Paragraph\">Plusieurs rassemblements sont annonc\u00e9s dans les grandes villes. \u00c0 Paris, un d\u00e9part est notamment pr\u00e9vu \u00e0 14h place du Bataillon du Pacifique, tout pr\u00e8s du minist\u00e8re de l\u2019\u00c9conomie (Bercy), ont rappel\u00e9 les diff\u00e9rents syndicats dont l&rsquo;Unsa, sur les r\u00e9seaux sociaux. \u00c0 Lyon, le rendez-vous est fix\u00e9 \u00e0 11h devant la Bourse du Travail.<\/p>\n<p data-module=\"article-paragraph\" class=\"jsx-362436225 Paragraph Paragraph__End\">Des rassemblements sont aussi pr\u00e9vus dans le Nord, notamment \u00e0 Lille (14h30 Porte de Paris), Saint-Quentin (15h Place du 8 octobre) et Laon (10h Place Foch).<\/p>\n<blockquote data-testid=\"EmbedTwitter\" id=\"tweet-1921832155312771502-:Rnmij9n79m:\" class=\"jsx-aeff1a1c40f54d7a twitter-tweet flex justify-center items-center\"><p>\ud83d\udce3 Pour la Fonction publique et pour les agent\u00b7es publics : mobilisation mardi 13 mai ! Pour la manifestation parisienne, rendez-vous place de Bercy \u00e0 partir de 13h. D\u00e9part \u00e0 14h. \ud83d\udc49  https:\/\/t.co\/9fiHvPGTs9 pic.twitter.com\/GNmYJ2wMRz \u2014 UNSA-FP (@UnsaFP)  May 12, 2025<\/p><\/blockquote>\n<blockquote data-testid=\"EmbedTwitter\" id=\"tweet-1921246588623634648-:Ro6ij9n79m:\" class=\"jsx-aeff1a1c40f54d7a twitter-tweet flex justify-center items-center\"><p>\ud83d\udce2 13 MAI = MOBILISATION ! Pour des  #ServicesPublics forts et respect\u00e9s. \ud83d\udccd MANIF : \ud83d\udfe5 Lyon \u2013 11H, Pl. Guichard #13Mai #SNT #CFECGC #Territoriaux #CGT #UNSA #FSU #Solidaires @cfecgcAURA @cfecgcfp \u270a  pic.twitter.com\/73AyIO5ubV \u2014 SNT CFE CGC (@SNT_CFECGC)  May 10, 2025<\/p><\/blockquote>\n<blockquote data-testid=\"EmbedTwitter\" id=\"tweet-1921240318831173715-:Romij9n79m:\" class=\"jsx-aeff1a1c40f54d7a twitter-tweet flex justify-center items-center\"><p>13 mai : \u27a1\ufe0fLILLE\u23f1\ufe0f 14H30 Porte de Paris \u27a1\ufe0fST QUENTIN\u23f1\ufe0f 15H00 Pl. du 8 octobre \u27a1\ufe0fLAON\u23f1\ufe0f 10H00 Place Foch \ud83c\udfaf Objectif : d\u00e9fendre un service public de qualit\u00e9 et le respect des agents ! #CFECGC #ServicesPublics #13mai #FonctionPublique #mobilisation #SNT #territoriaux pic.twitter.com\/BtGOLumLZx \u2014 SNT CFE CGC (@SNT_CFECGC)  May 10, 2025<\/p><\/blockquote>\n<p data-module=\"article-paragraph\" class=\"jsx-362436225 Paragraph Paragraph__End\">Des manifestations sont aussi annonc\u00e9es dans l\u2019H\u00e9rault, notamment \u00e0 Montpellier et Clermont-l\u2019H\u00e9rault, et un peu partout ailleurs sur le territoire, comme \u00e0 Grenoble, Bourg-en-Bresse, ou encore \u00e0 Ch\u00e2teauroux.<\/p>\n<p>Quelles perturbations ? <\/p>\n<p data-module=\"article-paragraph\" class=\"jsx-362436225 Paragraph Paragraph__End\">La mobilisation devrait s\u2019\u00e9tendre \u00e0 de nombreux services publics. Alors que plusieurs syndicats enseignants dont Sud \u00c9ducation et SNES-FSU ont \u00e9galement appel\u00e9 \u00e0 la gr\u00e8ve \u00ab\u00a0pour d\u00e9fendre le service public\u00a0\u00bb, certains \u00e9tablissements scolaires pourraient donc \u00eatre touch\u00e9s. Les temps d&rsquo;accueil, de loisirs, de restauration et de garderie pourraient aussi \u00eatre impact\u00e9s par endroits, tout comme le fonctionnement des cr\u00e8ches et des transports.\u00a0<\/p>\n<blockquote data-testid=\"EmbedTwitter\" id=\"tweet-1921843097606004826-:Rqmij9n79m:\" class=\"jsx-aeff1a1c40f54d7a twitter-tweet flex justify-center items-center\"><p>Toutes et tous en gr\u00e8ve et manifestation demain 13 mai, pour nos salaires, nos services publics, et contre l\u2019aust\u00e9rit\u00e9 ! \u270a \u2b07\ufe0f\u2b07\ufe0f\u2b07\ufe0f  https:\/\/t.co\/UAVORu4vjH \u2014 SUD \u00e9ducation (@SUD_education)  May 12, 2025<\/p><\/blockquote>\n<blockquote data-testid=\"EmbedTwitter\" id=\"tweet-1921933945467187373-:Rr6ij9n79m:\" class=\"jsx-aeff1a1c40f54d7a twitter-tweet flex justify-center items-center\"><p>En raison d&rsquo;un mouvement de gr\u00e8ve mardi 13 mai, le fonctionnement est perturb\u00e9 dans certains accueils p\u00e9riscolaires des \u00e9coles de Pau et dans les accueils petite enfance de l&rsquo;Agglom\u00e9ration \ud83d\udd3d  https:\/\/t.co\/wl0WvC10q6 \u2014 Pau, Capitale Humaine (@Ville_Pau)  May 12, 2025<\/p><\/blockquote>\n<blockquote data-testid=\"EmbedTwitter\" id=\"tweet-1921919245258047744-:Rrmij9n79m:\" class=\"jsx-aeff1a1c40f54d7a twitter-tweet flex justify-center items-center\"><p>Info trafic &#8211; Mouvement de gr\u00e8ve &#8211; Perturbations ce mardi 13 mai \ud83d\ude8b\ud83d\ude8c\ud83d\udea0 \u2139\ufe0fDans le cadre d\u2019un pr\u00e9avis de gr\u00e8ve reconductible d\u00e9pos\u00e9 par la CFDT, le service sur le r\u00e9seau de transport Bibus sera perturb\u00e9 mardi 13 mai. \ud83d\udd0ePerturbations et offre de transport \u27a1\ufe0f https:\/\/t.co\/BM9ZxIzDyV pic.twitter.com\/oJmzGyuK2G \u2014 Bibus (@BibusBrest)  May 12, 2025<\/p><\/blockquote>\n<p data-module=\"article-paragraph\" class=\"jsx-362436225 Paragraph Paragraph__End\">Ce sera notamment le cas \u00e0 Pau, \u00e0 Narbonne, \u00e0 Arles, \u00e0 Romans-sur-Is\u00e8re, ou encore \u00e0 Brest, o\u00f9 des perturbations ont d&rsquo;ores et d\u00e9j\u00e0 \u00e9t\u00e9 annonc\u00e9es sur les r\u00e9seaux sociaux ou par la presse r\u00e9gionale.<\/p>\n<p>Audrey LE GUELLEC<\/p>\n<p><script async src=\"https:\/\/platform.twitter.com\/widgets.js\" charset=\"utf-8\"><\/script><\/p>\n","protected":false},"excerpt":{"rendered":"Plusieurs syndicats de la fonction publique ont appel\u00e9 \u00e0 la gr\u00e8ve et \u00e0 des rassemblements ce mardi.Cet appel&hellip;\n","protected":false},"author":2,"featured_media":94747,"comment_status":"","ping_status":"","sticky":false,"template":"","format":"standard","meta":{"footnotes":""},"categories":[2821],"tags":[1111,11,1921,829,1271,1126,1777,674,1011,27,18677,1922,2088,12,584,25,133,5010],"class_list":{"0":"post-94746","1":"post","2":"type-post","3":"status-publish","4":"format-standard","5":"has-post-thumbnail","7":"category-rennes","8":"tag-actu","9":"tag-actualites","10":"tag-article-video","11":"tag-bretagne","12":"tag-cgt","13":"tag-education-nationale","14":"tag-eu","15":"tag-europe","16":"tag-fr","17":"tag-france","18":"tag-greves","19":"tag-info","20":"tag-manifestation","21":"tag-news","22":"tag-rennes","23":"tag-republique-francaise","24":"tag-video","25":"tag-video-sujets-de-societe"},"share_on_mastodon":{"url":"https:\/\/pubeurope.com\/@fr\/114496033559477320","error":""},"_links":{"self":[{"href":"https:\/\/www.europesays.com\/fr\/wp-json\/wp\/v2\/posts\/94746","targetHints":{"allow":["GET"]}}],"collection":[{"href":"https:\/\/www.europesays.com\/fr\/wp-json\/wp\/v2\/posts"}],"about":[{"href":"https:\/\/www.europesays.com\/fr\/wp-json\/wp\/v2\/types\/post"}],"author":[{"embeddable":true,"href":"https:\/\/www.europesays.com\/fr\/wp-json\/wp\/v2\/users\/2"}],"replies":[{"embeddable":true,"href":"https:\/\/www.europesays.com\/fr\/wp-json\/wp\/v2\/comments?post=94746"}],"version-history":[{"count":0,"href":"https:\/\/www.europesays.com\/fr\/wp-json\/wp\/v2\/posts\/94746\/revisions"}],"wp:featuredmedia":[{"embeddable":true,"href":"https:\/\/www.europesays.com\/fr\/wp-json\/wp\/v2\/media\/94747"}],"wp:attachment":[{"href":"https:\/\/www.europesays.com\/fr\/wp-json\/wp\/v2\/media?parent=94746"}],"wp:term":[{"taxonomy":"category","embeddable":true,"href":"https:\/\/www.europesays.com\/fr\/wp-json\/wp\/v2\/categories?post=94746"},{"taxonomy":"post_tag","embeddable":true,"href":"https:\/\/www.europesays.com\/fr\/wp-json\/wp\/v2\/tags?post=94746"}],"curies":[{"name":"wp","href":"https:\/\/api.w.org\/{rel}","templated":true}]}}