{"id":947497,"date":"2026-05-21T10:52:19","date_gmt":"2026-05-21T10:52:19","guid":{"rendered":"https:\/\/www.europesays.com\/fr\/947497\/"},"modified":"2026-05-21T10:52:19","modified_gmt":"2026-05-21T10:52:19","slug":"strasbourg-une-cycliste-de-26-ans-tuee-lautomobiliste-sans-permis-devrait-etre-mis-en-examen","status":"publish","type":"post","link":"https:\/\/www.europesays.com\/fr\/947497\/","title":{"rendered":"Strasbourg : Une cycliste de 26 ans tu\u00e9e, l\u2019automobiliste sans permis devrait \u00eatre mis en examen"},"content":{"rendered":"<p class=\"mb-4 text-lg md:leading-8 break-words\"><strong>S\u00e9curit\u00e9 routi\u00e8re &#8211; Une \u00e9tudiante de 26 ans a perdu la vie \u00e0 v\u00e9lo, percut\u00e9e par un automobiliste de 23 ans qui n\u2019avait pas de permis de conduire. Il a \u00e9t\u00e9 d\u00e9f\u00e9r\u00e9 devant un juge d\u2019instruction mercredi en vue d\u2019\u00eatre mis en examen pour homicide routier<\/strong><\/p>\n<p class=\"mb-4 text-lg md:leading-8 break-words\">Le drame s\u2019est produit dans la nuit de mardi \u00e0 mercredi vers 2 heures du matin Avenue du Rhin \u00e0 Strasbourg. <a href=\"https:\/\/www.20minutes.fr\/societe\/4219703-20260427-insultes-agressions-menaces-mort-pres-6-femmes-10-renoncent-velo-cause-harcelement-sexiste?at_medium=RSS%20feed&amp;at_campaign=ynews&amp;utm_source=yahoo&amp;utm_medium=rss&amp;utm_campaign=news_feed&amp;utm_content=in_article_link\" rel=\"nofollow noopener\" target=\"_blank\" data-ylk=\"elm:link;elmt:article_link;slk:Une cycliste de 26 ans;itc:0;sec:content-canvas\" data-yga=\"{&quot;yLinkElement&quot;:&quot;context_link&quot;,&quot;yModuleName&quot;:&quot;content-canvas&quot;,&quot;yLinkText&quot;:&quot;Une cycliste de 26 ans&quot;}\" class=\"link \">Une cycliste de 26 ans<\/a>, une \u00e9tudiante italienne, a \u00e9t\u00e9 percut\u00e9e par une voiture. L\u2019automobiliste s\u2019est arr\u00eat\u00e9 et a appel\u00e9 les secours. En vain. La jeune femme est d\u00e9c\u00e9d\u00e9e sur place, rapporte le journal <a href=\"https:\/\/c.dna.fr\/faits-divers-justice\/2026\/05\/20\/homicide-routier-d-une-etudiante-italienne-le-conducteur-n-avait-pas-le-permis?at_medium=RSS%20feed&amp;at_campaign=ynews&amp;utm_source=yahoo&amp;utm_medium=rss&amp;utm_campaign=news_feed&amp;utm_content=in_article_link\" rel=\"nofollow noopener\" target=\"_blank\" data-ylk=\"elm:link;elmt:article_link;slk:Les Derni\u00e8res Nouvelles d\u2019Alsace;itc:0;sec:content-canvas\" data-yga=\"{&quot;yLinkElement&quot;:&quot;context_link&quot;,&quot;yModuleName&quot;:&quot;content-canvas&quot;,&quot;yLinkText&quot;:&quot;Les Derni\u00e8res Nouvelles d\u2019Alsace&quot;}\" class=\"link \">Les Derni\u00e8res Nouvelles d\u2019Alsace<\/a>.<\/p>\n<p class=\"mb-4 text-lg md:leading-8 break-words\">Si les tests aux stup\u00e9fiants et \u00e0 l\u2019alcool de l\u2019automobiliste \u00e2g\u00e9 de 23 ans ont \u00e9t\u00e9 n\u00e9gatifs, il s\u2019est av\u00e9r\u00e9, a indiqu\u00e9 le parquet de Strasbourg \u00e0 nos confr\u00e8res, qu\u2019il n\u2019\u00e9tait pas titulaire du <a href=\"https:\/\/www.20minutes.fr\/dossier\/permis_de_conduire?at_medium=RSS%20feed&amp;at_campaign=ynews&amp;utm_source=yahoo&amp;utm_medium=rss&amp;utm_campaign=news_feed&amp;utm_content=in_article_link\" rel=\"nofollow noopener\" target=\"_blank\" data-ylk=\"elm:link;elmt:article_link;slk:permis de conduire;itc:0;sec:content-canvas\" data-yga=\"{&quot;yLinkElement&quot;:&quot;context_link&quot;,&quot;yModuleName&quot;:&quot;content-canvas&quot;,&quot;yLinkText&quot;:&quot;permis de conduire&quot;}\" class=\"link \">permis de conduire<\/a>. Selon les premiers \u00e9l\u00e9ments de l\u2019enqu\u00eate, la cycliste roulait bien sur la piste cyclable mais serait <a href=\"https:\/\/www.20minutes.fr\/dossier\/securite-routiere?at_medium=RSS%20feed&amp;at_campaign=ynews&amp;utm_source=yahoo&amp;utm_medium=rss&amp;utm_campaign=news_feed&amp;utm_content=in_article_link\" rel=\"nofollow noopener\" target=\"_blank\" data-ylk=\"elm:link;elmt:article_link;slk:pass\u00e9e au feu rouge;itc:0;sec:content-canvas\" data-yga=\"{&quot;yLinkElement&quot;:&quot;context_link&quot;,&quot;yModuleName&quot;:&quot;content-canvas&quot;,&quot;yLinkText&quot;:&quot;pass\u00e9e au feu rouge&quot;}\" class=\"link \">pass\u00e9e au feu rouge<\/a> au moment de l\u2019impact.<\/p>\n<p>Publicit\u00e9<\/p>\n<p>Publicit\u00e9<\/p>\n<p>Publicit\u00e9<\/p>\n<p>Publicit\u00e9<\/p>\n<p class=\"mb-4 text-lg md:leading-8 break-words\">Le jeune homme a finalement \u00e9t\u00e9 d\u00e9f\u00e9r\u00e9 devant un juge d\u2019instruction mercredi, en vue d\u2019\u00eatre mis en examen pour homicide routier par conducteur non titulaire du permis de conduire.<\/p>\n<p class=\"mb-4 text-lg md:leading-8 break-words\"><a href=\"https:\/\/www.20minutes.fr\/faits_divers\/faits-divers-strasbourg\/4224652-20260521-strasbourg-cycliste-26-ans-tuee-automobiliste-permis-devrait-etre-mis-examen?at_medium=RSS%20feed&amp;at_campaign=ynews&amp;utm_source=yahoo&amp;utm_medium=rss&amp;utm_campaign=news_feed&amp;utm_content=read_more_link&quot;\" rel=\"nofollow noopener\" target=\"_blank\" data-ylk=\"elm:link;elmt:article_link;slk:Lire la suite sur 20minutes;itc:0;sec:content-canvas\" data-yga=\"{&quot;yLinkElement&quot;:&quot;context_link&quot;,&quot;yModuleName&quot;:&quot;content-canvas&quot;,&quot;yLinkText&quot;:&quot;Lire la suite sur 20minutes&quot;}\" class=\"link \">Lire la suite sur 20minutes<\/a><\/p>\n<p>\u00c0 lire aussi :<br \/><a href=\"https:\/\/www.20minutes.fr\/faits_divers\/faits-divers-strasbourg\/4223173-20260512-strasbourg-deux-hommes-reclamant-dz-mafia-mis-examen-enlevement-femme-25-ans?at_medium=RSS%20feed&amp;at_campaign=ynews&amp;utm_source=yahoo&amp;utm_medium=rss&amp;utm_campaign=news_feed&amp;utm_content=related_content_link\" rel=\"nofollow noopener\" target=\"_blank\" data-ylk=\"elm:link;elmt:article_link;slk:Strasbourg : Deux hommes se r\u00e9clamant de la DZ Mafia mis en examen pour l\u2019enl\u00e8vement d\u2019une femme de 25 ans;itc:0;sec:content-canvas\" data-yga=\"{&quot;yLinkElement&quot;:&quot;context_link&quot;,&quot;yModuleName&quot;:&quot;content-canvas&quot;,&quot;yLinkText&quot;:&quot;Strasbourg &quot;}\" class=\"link \">Strasbourg : Deux hommes se r\u00e9clamant de la DZ Mafia mis en examen pour l\u2019enl\u00e8vement d\u2019une femme de 25 ans<\/a><br \/><a href=\"https:\/\/www.20minutes.fr\/justice\/4221528-20260503-chateauroux-jeune-conducteur-mis-examen-apres-mort-cycliste-traine-plusieurs-metres?at_medium=RSS%20feed&amp;at_campaign=ynews&amp;utm_source=yahoo&amp;utm_medium=rss&amp;utm_campaign=news_feed&amp;utm_content=related_content_link\" rel=\"nofollow noopener\" target=\"_blank\" data-ylk=\"elm:link;elmt:article_link;slk:Ch\u00e2teauroux : Un jeune conducteur mis en examen apr\u00e8s la mort d\u2019un cycliste tra\u00een\u00e9 sur plusieurs m\u00e8tres;itc:0;sec:content-canvas\" data-yga=\"{&quot;yLinkElement&quot;:&quot;context_link&quot;,&quot;yModuleName&quot;:&quot;content-canvas&quot;,&quot;yLinkText&quot;:&quot;Ch\u00e2teauroux &quot;}\" class=\"link \">Ch\u00e2teauroux : Un jeune conducteur mis en examen apr\u00e8s la mort d\u2019un cycliste tra\u00een\u00e9 sur plusieurs m\u00e8tres<\/a><\/p>\n","protected":false},"excerpt":{"rendered":"S\u00e9curit\u00e9 routi\u00e8re &#8211; Une \u00e9tudiante de 26 ans a perdu la vie \u00e0 v\u00e9lo, percut\u00e9e par un automobiliste&hellip;\n","protected":false},"author":2,"featured_media":947498,"comment_status":"","ping_status":"","sticky":false,"template":"","format":"standard","meta":{"footnotes":"","_share_on_mastodon":"0"},"categories":[2820],"tags":[1111,11,1764,33254,1777,674,1011,27,775,70552,23918,12,25,5009,640],"class_list":["post-947497","post","type-post","status-publish","format-standard","has-post-thumbnail","category-strasbourg","tag-actu","tag-actualites","tag-ans","tag-dernieres-nouvelles-dalsace","tag-eu","tag-europe","tag-fr","tag-france","tag-grand-est","tag-juge-dinstruction","tag-lautomobiliste","tag-news","tag-republique-francaise","tag-securite-routiere","tag-strasbourg"],"share_on_mastodon":{"url":"https:\/\/pubeurope.com\/@fr\/116612192726025183","error":""},"_links":{"self":[{"href":"https:\/\/www.europesays.com\/fr\/wp-json\/wp\/v2\/posts\/947497","targetHints":{"allow":["GET"]}}],"collection":[{"href":"https:\/\/www.europesays.com\/fr\/wp-json\/wp\/v2\/posts"}],"about":[{"href":"https:\/\/www.europesays.com\/fr\/wp-json\/wp\/v2\/types\/post"}],"author":[{"embeddable":true,"href":"https:\/\/www.europesays.com\/fr\/wp-json\/wp\/v2\/users\/2"}],"replies":[{"embeddable":true,"href":"https:\/\/www.europesays.com\/fr\/wp-json\/wp\/v2\/comments?post=947497"}],"version-history":[{"count":0,"href":"https:\/\/www.europesays.com\/fr\/wp-json\/wp\/v2\/posts\/947497\/revisions"}],"wp:featuredmedia":[{"embeddable":true,"href":"https:\/\/www.europesays.com\/fr\/wp-json\/wp\/v2\/media\/947498"}],"wp:attachment":[{"href":"https:\/\/www.europesays.com\/fr\/wp-json\/wp\/v2\/media?parent=947497"}],"wp:term":[{"taxonomy":"category","embeddable":true,"href":"https:\/\/www.europesays.com\/fr\/wp-json\/wp\/v2\/categories?post=947497"},{"taxonomy":"post_tag","embeddable":true,"href":"https:\/\/www.europesays.com\/fr\/wp-json\/wp\/v2\/tags?post=947497"}],"curies":[{"name":"wp","href":"https:\/\/api.w.org\/{rel}","templated":true}]}}