{"id":947525,"date":"2026-05-21T11:07:22","date_gmt":"2026-05-21T11:07:22","guid":{"rendered":"https:\/\/www.europesays.com\/fr\/947525\/"},"modified":"2026-05-21T11:07:22","modified_gmt":"2026-05-21T11:07:22","slug":"metropole-de-lyon-fermeture-de-la7-ces-communes-sont-submergees-par-des-bouchons-monstres-comment-les-maires-font-ils-face","status":"publish","type":"post","link":"https:\/\/www.europesays.com\/fr\/947525\/","title":{"rendered":"M\u00e9tropole de Lyon. Fermeture de l\u2019A7\u00a0: ces communes sont submerg\u00e9es par des bouchons monstres, comment les maires font-ils face\u00a0?"},"content":{"rendered":"<p>La col\u00e8re grondait. Apr\u00e8s deux week-ends cons\u00e9cutifs de fermeture de l\u2019A7 \u00e0 hauteur du viaduc de Pierre-B\u00e9nite, du tunnel sous Fourvi\u00e8re et les tr\u00e9mies sous Perrache (Lyon 2e ), qui ont donn\u00e9 lieu \u00e0 des sc\u00e8nes de bouchons interminables dans les petites rues des communes au sud de Lyon, le maire de Vernaison, Julien Vuillemard (LR) a annonc\u00e9 prendre des mesures.<\/p>\n<p>Objectif\u00a0: limiter les impacts des reports du flux routier, s\u00e9curiser les d\u00e9placements, pr\u00e9server&#8230;<\/p>\n","protected":false},"excerpt":{"rendered":"La col\u00e8re grondait. Apr\u00e8s deux week-ends cons\u00e9cutifs de fermeture de l\u2019A7 \u00e0 hauteur du viaduc de Pierre-B\u00e9nite, du&hellip;\n","protected":false},"author":2,"featured_media":947526,"comment_status":"","ping_status":"","sticky":false,"template":"","format":"standard","meta":{"footnotes":"","_share_on_mastodon":"0"},"categories":[1889],"tags":[1111,11,2430,35406,4749,3542,33,3154,1777,674,107,1011,27,2428,12,25,2429,2803,26941],"class_list":["post-947525","post","type-post","status-publish","format-standard","has-post-thumbnail","category-lyon","tag-actu","tag-actualites","tag-auvergne-rhone-alpes","tag-brignais-bassin","tag-btp-et-chantiers","tag-circulation","tag-economie","tag-edition-sud-lyonnais","tag-eu","tag-europe","tag-fil-info","tag-fr","tag-france","tag-lyon","tag-news","tag-republique-francaise","tag-rhone","tag-transport","tag-vernaison"],"share_on_mastodon":{"url":"https:\/\/pubeurope.com\/@fr\/116612251428005501","error":""},"_links":{"self":[{"href":"https:\/\/www.europesays.com\/fr\/wp-json\/wp\/v2\/posts\/947525","targetHints":{"allow":["GET"]}}],"collection":[{"href":"https:\/\/www.europesays.com\/fr\/wp-json\/wp\/v2\/posts"}],"about":[{"href":"https:\/\/www.europesays.com\/fr\/wp-json\/wp\/v2\/types\/post"}],"author":[{"embeddable":true,"href":"https:\/\/www.europesays.com\/fr\/wp-json\/wp\/v2\/users\/2"}],"replies":[{"embeddable":true,"href":"https:\/\/www.europesays.com\/fr\/wp-json\/wp\/v2\/comments?post=947525"}],"version-history":[{"count":0,"href":"https:\/\/www.europesays.com\/fr\/wp-json\/wp\/v2\/posts\/947525\/revisions"}],"wp:featuredmedia":[{"embeddable":true,"href":"https:\/\/www.europesays.com\/fr\/wp-json\/wp\/v2\/media\/947526"}],"wp:attachment":[{"href":"https:\/\/www.europesays.com\/fr\/wp-json\/wp\/v2\/media?parent=947525"}],"wp:term":[{"taxonomy":"category","embeddable":true,"href":"https:\/\/www.europesays.com\/fr\/wp-json\/wp\/v2\/categories?post=947525"},{"taxonomy":"post_tag","embeddable":true,"href":"https:\/\/www.europesays.com\/fr\/wp-json\/wp\/v2\/tags?post=947525"}],"curies":[{"name":"wp","href":"https:\/\/api.w.org\/{rel}","templated":true}]}}