{"id":9476,"date":"2025-04-08T06:00:08","date_gmt":"2025-04-08T06:00:08","guid":{"rendered":"https:\/\/www.europesays.com\/fr\/9476\/"},"modified":"2025-04-08T06:00:08","modified_gmt":"2025-04-08T06:00:08","slug":"melanie-da-cruz-demoralisee-elle-refait-sa-poitrine-une-nouvelle-fois","status":"publish","type":"post","link":"https:\/\/www.europesays.com\/fr\/9476\/","title":{"rendered":"M\u00e9lanie Da Cruz : d\u00e9moralis\u00e9e, elle refait sa poitrine une nouvelle fois"},"content":{"rendered":"<p>Connue pour son franc-parler, M\u00e9lanie Da Cruz <strong>ne se cache pas aupr\u00e8s de ses abonn\u00e9s<\/strong>. Elle partage tout avec eux, le meilleur et le pire. Et quand elle a quelque chose sur le c\u0153ur, elle le dit haut et fort. Ce <strong>vendredi 4 avril sur TikTok<\/strong>, elle a publi\u00e9 une vid\u00e9o dans laquelle elle se trouve <strong>\u00e0 l&rsquo;h\u00f4pital<\/strong>, avant son intervention, habill\u00e9e de la <strong>blouse bleue<\/strong>.<\/p>\n<p>Elle a expliqu\u00e9 qu&rsquo;elle allait une nouvelle fois passer au bloc op\u00e9ratoire, pour faire r\u00e9duire le volume de sa poitrine. Et visiblement, elle n&rsquo;\u00e9tait <strong>pas franchement rassur\u00e9e<\/strong>. Elle \u00e9tait m\u00eame plut\u00f4t tr\u00e8s angoiss\u00e9e.<\/p>\n<p>Un retour au bloc compliqu\u00e9 pour M\u00e9lanie Da Cruz <\/p>\n<p>D\u00e9couverte dans l&rsquo;\u00e9mission de t\u00e9l\u00e9-r\u00e9alit\u00e9 <strong>Secret Story 9<\/strong>, la jeune femme de 33 ans a ensuite<strong> enchain\u00e9 d&rsquo;autres \u00e9missions<\/strong>, comme Les Anges ou <a href=\"https:\/\/www.public.fr\/martika-mamans-et-celebres-lance-son-agence-de-communication\" target=\"_blank\" rel=\"noopener\">Mamans et c\u00e9l\u00e8bres<\/a>, avant de stopper la t\u00e9l\u00e9-r\u00e9alit\u00e9. C\u00f4t\u00e9 vie priv\u00e9e, elle a \u00e9t\u00e9 mari\u00e9e au footballeur Anthony Martial jusqu&rsquo;en 2022, ann\u00e9e au cours de laquelle ils se sont s\u00e9par\u00e9s suite \u00e0 une infid\u00e9lit\u00e9. Ensemble, ils ont eu un petit gar\u00e7on pr\u00e9nomm\u00e9 Swan. Depuis cette rupture douloureuse, elle se consacre enti\u00e8rement \u00e0 son fils. <\/p>\n<p>Mais \u00e0 elle aussi et cette op\u00e9ration de la poitrine en est la preuve. Il ne s&rsquo;agit pas d&rsquo;un caprice, loin de l\u00e0. \u201cJe ne veux vraiment pas garder une poitrine aussi grosse. [\u2026] \u00c7a ne me fait pas plaisir de faire des chirurgies pour un oui, pour un non, mais \u00e7a me complexait d\u2019avoir une poitrine comme \u00e7a.\u201d Alors, elle esp\u00e8re que cette <strong>op\u00e9ration <\/strong><strong>\u00ab\u00a0soit la bonne et la derni\u00e8re !\u201d<\/strong><br \/>De retour chez elle, M\u00e9lanie Da Cruz n&rsquo;a non plus pas cach\u00e9 \u00e0 sa communaut\u00e9 les douleurs post-op\u00e9ration. \u00ab\u00a0Cette fois-ci, j\u2019ai mal en tout cas. J\u2019ose m\u00eame pas regarder\u00a0\u00bb. Et pour cause : des <strong>bleus sous les bras<\/strong>, des <strong>\u0153d\u00e8mes <\/strong>encore bien pr\u00e9sents, et un r\u00e9sultat encore flou. \u201cJe vous ferai un update\u201d, a-t-elle promis dans sa vid\u00e9o.<\/p>\n<p>Une femme courageuse qui ne l\u00e2che rien<\/p>\n<p>Entre sa s\u00e9paration compliqu\u00e9e avec<a href=\"https:\/\/www.public.fr\/melanie-da-cruz-l-ex-d-anthony-martial-s-affiche-blessee-au-visage-vive-inquietude-apres-l-altercation-avec-samantha\" target=\"_blank\" rel=\"noopener\"> Anthony Martial<\/a> et ses op\u00e9rations de poitrine, la vie n&rsquo;est pas un long fleuve tranquille pour M\u00e9lanie Da Cruz. Mais, la bonne nouvelle, c&rsquo;est qu&rsquo;elle peut <strong>compter sur son entourage et ses followers <\/strong>qui la soutiennent. <\/p>\n<p>Une amie est d&rsquo;ailleurs venue lui rendre visite avec un <strong>beau bouquet de fleurs \u00e0 la main<\/strong>. Un petit geste qui fait du bien au moral. En tout cas, on lui souhaite que <strong>sa convalescence se passe au mieux.<\/strong><\/p>\n<p>      Mentionn\u00e9s dans cet article<\/p>\n<p>\u00c0 lire aussi<\/p>\n","protected":false},"excerpt":{"rendered":"Connue pour son franc-parler, M\u00e9lanie Da Cruz ne se cache pas aupr\u00e8s de ses abonn\u00e9s. Elle partage tout&hellip;\n","protected":false},"author":2,"featured_media":9477,"comment_status":"","ping_status":"","sticky":false,"template":"","format":"standard","meta":{"footnotes":""},"categories":[1359],"tags":[58,59,1011,27,4760,973],"class_list":{"0":"post-9476","1":"post","2":"type-post","3":"status-publish","4":"format-standard","5":"has-post-thumbnail","7":"category-people","8":"tag-divertissement","9":"tag-entertainment","10":"tag-fr","11":"tag-france","12":"tag-melanie-da-cruz","13":"tag-people"},"share_on_mastodon":{"url":"https:\/\/pubeurope.com\/@fr\/114300821349416097","error":""},"_links":{"self":[{"href":"https:\/\/www.europesays.com\/fr\/wp-json\/wp\/v2\/posts\/9476","targetHints":{"allow":["GET"]}}],"collection":[{"href":"https:\/\/www.europesays.com\/fr\/wp-json\/wp\/v2\/posts"}],"about":[{"href":"https:\/\/www.europesays.com\/fr\/wp-json\/wp\/v2\/types\/post"}],"author":[{"embeddable":true,"href":"https:\/\/www.europesays.com\/fr\/wp-json\/wp\/v2\/users\/2"}],"replies":[{"embeddable":true,"href":"https:\/\/www.europesays.com\/fr\/wp-json\/wp\/v2\/comments?post=9476"}],"version-history":[{"count":0,"href":"https:\/\/www.europesays.com\/fr\/wp-json\/wp\/v2\/posts\/9476\/revisions"}],"wp:featuredmedia":[{"embeddable":true,"href":"https:\/\/www.europesays.com\/fr\/wp-json\/wp\/v2\/media\/9477"}],"wp:attachment":[{"href":"https:\/\/www.europesays.com\/fr\/wp-json\/wp\/v2\/media?parent=9476"}],"wp:term":[{"taxonomy":"category","embeddable":true,"href":"https:\/\/www.europesays.com\/fr\/wp-json\/wp\/v2\/categories?post=9476"},{"taxonomy":"post_tag","embeddable":true,"href":"https:\/\/www.europesays.com\/fr\/wp-json\/wp\/v2\/tags?post=9476"}],"curies":[{"name":"wp","href":"https:\/\/api.w.org\/{rel}","templated":true}]}}