{"id":947610,"date":"2026-05-21T12:11:18","date_gmt":"2026-05-21T12:11:18","guid":{"rendered":"https:\/\/www.europesays.com\/fr\/947610\/"},"modified":"2026-05-21T12:11:18","modified_gmt":"2026-05-21T12:11:18","slug":"une-bonne-nouvelle-ses-onze-vaches-avaient-disparu-en-une-nuit-leleveur-breton-les","status":"publish","type":"post","link":"https:\/\/www.europesays.com\/fr\/947610\/","title":{"rendered":"\u00ab\u00a0Une bonne nouvelle\u00a0\u00bb\u00a0: ses onze vaches avaient disparu en une nuit, l\u2019\u00e9leveur breton les"},"content":{"rendered":"<p>Tout est bien qui finit bien pour Nicolas Lorand, \u00e9leveur de vaches \u00e0 Treffendel\u00a0(Ille-et-Vilaine). Lundi 11\u00a0mai 2026 au matin, il s\u2019\u00e9tait inqui\u00e9t\u00e9 <a href=\"https:\/\/rennes.maville.com\/actu\/actudet_--la-cloture-etait-arrachee-onze-vaches-de-cet-eleveur-ont-disparu-en-une-nuit-en-bretagne-_7-7325033_actu.Htm\" target=\"_self\" rel=\"nofollow noopener\">de la disparition de onze g\u00e9nisses de race prim\u2019holstein dans un de ses champs, situ\u00e9\u00a0\u00e0\u00a0quelques\u00a0centaines\u00a0de\u00a0m\u00e8tres\u00a0de\u00a0son\u00a0habitation.<\/a><\/p>\n<p>Apr\u00e8s les avoir cherch\u00e9es plusieurs jours, l\u2019\u00e9leveur s\u2019\u00e9tait d\u00e9cid\u00e9 \u00e0 porter plainte \u00e0 la gendarmerie de Montfort-sur-Meu, mardi 19\u00a0mai. Imaginant s\u2019\u00eatre fait voler ses vaches\u00a0: Au niveau de la route qui jouxte le champ, j\u2019ai aper\u00e7u des traces de pi\u00e9tinements de sabots, puis plus rien, racontait-il\u00a0mardi.<\/p>\n<p>Retrouv\u00e9 au milieu d\u2019un autre troupeau<\/p>\n<p>Deux jours plus tard, un voisin agriculteur l\u2019a pr\u00e9venu que ses vaches \u00e9taient \u00a0au milieu d\u2019un troupeau de 50\u00a0autres bovins, dans un champ, \u00e0 deux kilom\u00e8tres de mon exploitation\u00a0\u00bb, pr\u00e9cise\u00a0Nicolas Lorand. Une piste qu\u2019avait \u00e9voqu\u00e9e Mich\u00e8le Rauline, la maire de Treffendel, qui rappelait <a href=\"https:\/\/rennes.maville.com\/actu\/actudet_-onze-vaches-disparues-a-l-ouest-de-rennes-evacuer-autant-de-bovins-parait-complique...-_7-7326007_actu.Htm\" target=\"_self\" rel=\"nofollow noopener\"> qu\u2019en g\u00e9n\u00e9ral, on les retrouve <\/a>.<\/p>\n<p>Les vaches ont visiblement forc\u00e9 la barri\u00e8re pour se faire la belle. Elles ont pu \u00eatre identifi\u00e9es gr\u00e2ce au num\u00e9ro inscrit sur la boucle d\u2019oreille de chaque b\u00eate.<\/p>\n<p>Ce jeudi 21\u00a0mai, l\u2019\u00e9leveur est donc all\u00e9 r\u00e9cup\u00e9rer son troupeau avec une b\u00e9taill\u00e8re. C\u2019est plut\u00f4t une bonne nouvelle\u00a0!, conclut-il.<\/p>\n<p>\u00a0<\/p>\n","protected":false},"excerpt":{"rendered":"Tout est bien qui finit bien pour Nicolas Lorand, \u00e9leveur de vaches \u00e0 Treffendel\u00a0(Ille-et-Vilaine). Lundi 11\u00a0mai 2026 au&hellip;\n","protected":false},"author":2,"featured_media":947611,"comment_status":"","ping_status":"","sticky":false,"template":"","format":"standard","meta":{"footnotes":"","_share_on_mastodon":"0"},"categories":[2821],"tags":[5742,1111,11,11690,829,6978,9902,5796,22957,1777,674,1011,27,17714,12,2043,293,584,25,4256,14014],"class_list":["post-947610","post","type-post","status-publish","format-standard","has-post-thumbnail","category-rennes","tag-5742","tag-actu","tag-actualites","tag-bonne","tag-bretagne","tag-breton","tag-champ","tag-disparu","tag-eleveur","tag-eu","tag-europe","tag-fr","tag-france","tag-km","tag-news","tag-nouvelle","tag-nuit","tag-rennes","tag-republique-francaise","tag-retrouve","tag-vaches"],"share_on_mastodon":{"url":"https:\/\/pubeurope.com\/@fr\/116612502971541184","error":""},"_links":{"self":[{"href":"https:\/\/www.europesays.com\/fr\/wp-json\/wp\/v2\/posts\/947610","targetHints":{"allow":["GET"]}}],"collection":[{"href":"https:\/\/www.europesays.com\/fr\/wp-json\/wp\/v2\/posts"}],"about":[{"href":"https:\/\/www.europesays.com\/fr\/wp-json\/wp\/v2\/types\/post"}],"author":[{"embeddable":true,"href":"https:\/\/www.europesays.com\/fr\/wp-json\/wp\/v2\/users\/2"}],"replies":[{"embeddable":true,"href":"https:\/\/www.europesays.com\/fr\/wp-json\/wp\/v2\/comments?post=947610"}],"version-history":[{"count":0,"href":"https:\/\/www.europesays.com\/fr\/wp-json\/wp\/v2\/posts\/947610\/revisions"}],"wp:featuredmedia":[{"embeddable":true,"href":"https:\/\/www.europesays.com\/fr\/wp-json\/wp\/v2\/media\/947611"}],"wp:attachment":[{"href":"https:\/\/www.europesays.com\/fr\/wp-json\/wp\/v2\/media?parent=947610"}],"wp:term":[{"taxonomy":"category","embeddable":true,"href":"https:\/\/www.europesays.com\/fr\/wp-json\/wp\/v2\/categories?post=947610"},{"taxonomy":"post_tag","embeddable":true,"href":"https:\/\/www.europesays.com\/fr\/wp-json\/wp\/v2\/tags?post=947610"}],"curies":[{"name":"wp","href":"https:\/\/api.w.org\/{rel}","templated":true}]}}