{"id":94770,"date":"2025-05-12T17:37:08","date_gmt":"2025-05-12T17:37:08","guid":{"rendered":"https:\/\/www.europesays.com\/fr\/94770\/"},"modified":"2025-05-12T17:37:08","modified_gmt":"2025-05-12T17:37:08","slug":"a-deux-pas-de-lille-un-grand-marche-de-createurs-est-organise-en-bord-de-deule-ce-dimanche","status":"publish","type":"post","link":"https:\/\/www.europesays.com\/fr\/94770\/","title":{"rendered":"\u00c0 deux pas de Lille, un grand march\u00e9 de cr\u00e9ateurs est organis\u00e9 en bord de De\u00fble ce dimanche"},"content":{"rendered":"<p>            Par<br \/>\n        <strong><br \/>\n            <a href=\"https:\/\/actu.fr\/auteur\/nicolas-demollien\" title=\"Consulter tous les articles de Nicolas Demollien\" rel=\"nofollow noopener\" target=\"_blank\">Nicolas Demollien<\/a><br \/>\n        <\/strong><\/p>\n<p>        Publi\u00e9 le<\/p>\n<p>            12 mai 2025 \u00e0 18h42        <\/p>\n<p>C\u2019est un rendez-vous qui attire \u00e0 chaque fois de nombreux promeneurs ! Ce dimanche 18 mai 2025, un <b>grand march\u00e9 de cr\u00e9ateurs<\/b> est organis\u00e9 en <b>bord de De\u00fble<\/b> \u00e0 <a href=\"https:\/\/actu.fr\/hauts-de-france\/lambersart_59328\" rel=\"nofollow noopener\" target=\"_blank\">Lambersart<\/a>, tout pr\u00e8s de <a href=\"https:\/\/actu.fr\/hauts-de-france\/lille_59350\" rel=\"nofollow noopener\" target=\"_blank\">Lille<\/a> (Nord). En bonus, de <b>nombreuses animations sont \u00e9galement mises en place tout pr\u00e8s<\/b> de l\u00e0. On fait le point.<\/p>\n<p>Un march\u00e9 de cr\u00e9ateurs en bord de De\u00fble \u00e0 Lambersart, tout pr\u00e8s de Lille<\/p>\n<p class=\" wall-content\">Ce march\u00e9 des cr\u00e9ateurs se tiendra ainsi sur la <b>Plaine du Colys\u00e9e<\/b> de 14h \u00e0 20h. Une centaine d\u2019exposants sont annonc\u00e9s sur place : des cr\u00e9ateurs, des artisans, ainsi que des producteurs de la m\u00e9tropole lilloise. Ils proposeront \u00e0 la vente des objets cr\u00e9\u00e9s de leurs mains, leurs produits\u2026<\/p>\n<p class=\" wall-content\">\u00ab\u00a0L\u2019objectif pour les cr\u00e9ateurs est d\u2019aller \u00e0 la rencontre de leurs (potentiels) clients et de se retrouver pour un moment de partage et de bonne humeur\u00a0\u00bb, annoncent les organisateurs.<\/p>\n<p class=\" wall-content\">Une buvette, Chez Paulette bistrot mobile, sera \u00e9galement install\u00e9e au c\u0153ur du march\u00e9 et proposera une pause rafra\u00eechissante. Des foodtrucks seront \u00e9galement pr\u00e9sents.<\/p>\n<p>De nombreuses animations \u00e9galement aux abords<\/p>\n<p class=\" wall-content\">Et ce n\u2019est pas tout ! Tout pr\u00e8s de l\u00e0, la Ville de Lambersart a pr\u00e9vu de nombreuses animations avec une pi\u00e9tonnisation des abords du Colys\u00e9e de 14h \u00e0 18h. \u00ab\u00a0Cela concerne pr\u00e9cis\u00e9ment l\u2019avenue du Colys\u00e9e entre l\u2019avenue de l\u2019Hippodrome et l\u2019avenue Pasteur et l\u2019avenue Pasteur jusqu\u2019\u00e0 l\u2019avenue du Pesage\u00a0\u00bb, pr\u00e9cise la municipalit\u00e9.<\/p>\n<p>Vid\u00e9os : en ce moment sur Actu<\/p>\n<p class=\" wall-content\">Sur place, vous retrouverez p\u00eale-m\u00eale une piste de junicode (parcours \u00e0 v\u00e9lo pour les enfants), une balade en roller et d\u00e9ambulation, des ateliers techniques avec l\u2019UFL et Ludovic Obraniak, des iniatiations au spikeball, animations artistiques et autres marches nordiques ou initiations au Qi Gong et Qi Gong B\u00e2ton.<\/p>\n<p>    <a href=\"https:\/\/www.facebook.com\/plugins\/post.php?href=https%3A%2F%2Fwww.facebook.com%2FVilleLambersart%2Fposts%2Fpfbid0p11T8NMLm3HJoLcsFfrPxeVfqbyd9RGnLU9WTugWYUdkqyJLgjmG3zZCsBVYF7zYl&amp;show_text=true&amp;width=350\" title=\"Ouvrie le lien\" rel=\"nofollow noopener\" target=\"_blank\">Cliquez ici pour visualiser le contenu<\/a><\/p>\n<p class=\" wall-content\">Bref, un bon moment en perspective !<\/p>\n<p class=\" wall-content\">Suivez toute l\u2019actualit\u00e9 de vos villes et m\u00e9dias favoris en vous inscrivant \u00e0 <a href=\"https:\/\/moncompte.actu.fr\" title=\"D\u00e9couvez Mon Actu\" rel=\"nofollow noopener\" data-trk=\"{&quot;cta&quot;:{&quot;action&quot;:&quot;https:\\\/\\\/moncompte.actu.fr&quot;,&quot;category&quot;:&quot;mon compte&quot;,&quot;from&quot;:&quot;article footer&quot;,&quot;name&quot;:&quot;Mon actu&quot;,&quot;type&quot;:&quot;cta&quot;}}\" target=\"_blank\">Mon Actu<\/a>.<\/p>\n","protected":false},"excerpt":{"rendered":"Par Nicolas Demollien Publi\u00e9 le 12 mai 2025 \u00e0 18h42 C\u2019est un rendez-vous qui attire \u00e0 chaque fois&hellip;\n","protected":false},"author":2,"featured_media":94771,"comment_status":"","ping_status":"","sticky":false,"template":"","format":"standard","meta":{"footnotes":""},"categories":[2815],"tags":[1111,11,1777,674,1011,27,811,1307,1652,2089,12,25],"class_list":{"0":"post-94770","1":"post","2":"type-post","3":"status-publish","4":"format-standard","5":"has-post-thumbnail","7":"category-lille","8":"tag-actu","9":"tag-actualites","10":"tag-eu","11":"tag-europe","12":"tag-fr","13":"tag-france","14":"tag-hauts-de-france","15":"tag-lille","16":"tag-loisirs-culture","17":"tag-marche","18":"tag-news","19":"tag-republique-francaise"},"share_on_mastodon":{"url":"https:\/\/pubeurope.com\/@fr\/114496080719834132","error":""},"_links":{"self":[{"href":"https:\/\/www.europesays.com\/fr\/wp-json\/wp\/v2\/posts\/94770","targetHints":{"allow":["GET"]}}],"collection":[{"href":"https:\/\/www.europesays.com\/fr\/wp-json\/wp\/v2\/posts"}],"about":[{"href":"https:\/\/www.europesays.com\/fr\/wp-json\/wp\/v2\/types\/post"}],"author":[{"embeddable":true,"href":"https:\/\/www.europesays.com\/fr\/wp-json\/wp\/v2\/users\/2"}],"replies":[{"embeddable":true,"href":"https:\/\/www.europesays.com\/fr\/wp-json\/wp\/v2\/comments?post=94770"}],"version-history":[{"count":0,"href":"https:\/\/www.europesays.com\/fr\/wp-json\/wp\/v2\/posts\/94770\/revisions"}],"wp:featuredmedia":[{"embeddable":true,"href":"https:\/\/www.europesays.com\/fr\/wp-json\/wp\/v2\/media\/94771"}],"wp:attachment":[{"href":"https:\/\/www.europesays.com\/fr\/wp-json\/wp\/v2\/media?parent=94770"}],"wp:term":[{"taxonomy":"category","embeddable":true,"href":"https:\/\/www.europesays.com\/fr\/wp-json\/wp\/v2\/categories?post=94770"},{"taxonomy":"post_tag","embeddable":true,"href":"https:\/\/www.europesays.com\/fr\/wp-json\/wp\/v2\/tags?post=94770"}],"curies":[{"name":"wp","href":"https:\/\/api.w.org\/{rel}","templated":true}]}}