{"id":94782,"date":"2025-05-12T17:43:08","date_gmt":"2025-05-12T17:43:08","guid":{"rendered":"https:\/\/www.europesays.com\/fr\/94782\/"},"modified":"2025-05-12T17:43:08","modified_gmt":"2025-05-12T17:43:08","slug":"premier-telepherique-en-ile-de-france-cest-parti-pour-plusieurs-mois-dessais-techniques","status":"publish","type":"post","link":"https:\/\/www.europesays.com\/fr\/94782\/","title":{"rendered":"Premier t\u00e9l\u00e9ph\u00e9rique en \u00cele-de-France\u00a0: c\u2019est parti pour plusieurs mois d\u2019essais techniques"},"content":{"rendered":"<p class=\"paragraph text_align_left\">Les curieux passent de plus en plus de temps le nez en l\u2019air, entre Cr\u00e9teil et Villeneuve-Saint-Georges. Souvent un t\u00e9l\u00e9phone au bout du bras pour immortaliser les premi\u00e8res images des cabines du<a href=\"https:\/\/www.leparisien.fr\/val-de-marne-94\/le-cable-du-premier-telepherique-dile-de-france-est-pose-cest-symbolique-18-07-2024-U4T2TSKJKJHL3BBLY2CJ4LG544.php\" target=\"_self\" rel=\"noopener\"> C\u00e2ble 1<\/a> qui sont de plus en plus nombreuses \u00e0 circuler. \u00ab C\u2019est \u00e9mouvant ! \u00bb , juge \u00c9milie, une future passag\u00e8re.<\/p>\n<p class=\"paragraph text_align_left\">Le premier t\u00e9l\u00e9ph\u00e9rique d\u2019\u00cele-de-France entre \u00ab dans sa derni\u00e8re ligne droite \u00bb confirme \u00cele-de-France Mobilit\u00e9s. Des premiers essais grandeur nature qui font le bonheur de tous ceux qui s\u2019imaginent d\u00e9j\u00e0 survoler un petit bout du Val-de-Marne, d\u00e8s la fin de l\u2019ann\u00e9e.<\/p>\n","protected":false},"excerpt":{"rendered":"Les curieux passent de plus en plus de temps le nez en l\u2019air, entre Cr\u00e9teil et Villeneuve-Saint-Georges. Souvent&hellip;\n","protected":false},"author":2,"featured_media":94783,"comment_status":"","ping_status":"","sticky":false,"template":"","format":"standard","meta":{"footnotes":""},"categories":[1592],"tags":[1111,11,1777,674,1011,27,662,1944,12,626,25,1125],"class_list":{"0":"post-94782","1":"post","2":"type-post","3":"status-publish","4":"format-standard","5":"has-post-thumbnail","7":"category-ile-de-france","8":"tag-actu","9":"tag-actualites","10":"tag-eu","11":"tag-europe","12":"tag-fr","13":"tag-france","14":"tag-ile-de-france","15":"tag-ma-ville","16":"tag-news","17":"tag-paris","18":"tag-republique-francaise","19":"tag-val-de-marne"},"share_on_mastodon":{"url":"https:\/\/pubeurope.com\/@fr\/114496104307932199","error":""},"_links":{"self":[{"href":"https:\/\/www.europesays.com\/fr\/wp-json\/wp\/v2\/posts\/94782","targetHints":{"allow":["GET"]}}],"collection":[{"href":"https:\/\/www.europesays.com\/fr\/wp-json\/wp\/v2\/posts"}],"about":[{"href":"https:\/\/www.europesays.com\/fr\/wp-json\/wp\/v2\/types\/post"}],"author":[{"embeddable":true,"href":"https:\/\/www.europesays.com\/fr\/wp-json\/wp\/v2\/users\/2"}],"replies":[{"embeddable":true,"href":"https:\/\/www.europesays.com\/fr\/wp-json\/wp\/v2\/comments?post=94782"}],"version-history":[{"count":0,"href":"https:\/\/www.europesays.com\/fr\/wp-json\/wp\/v2\/posts\/94782\/revisions"}],"wp:featuredmedia":[{"embeddable":true,"href":"https:\/\/www.europesays.com\/fr\/wp-json\/wp\/v2\/media\/94783"}],"wp:attachment":[{"href":"https:\/\/www.europesays.com\/fr\/wp-json\/wp\/v2\/media?parent=94782"}],"wp:term":[{"taxonomy":"category","embeddable":true,"href":"https:\/\/www.europesays.com\/fr\/wp-json\/wp\/v2\/categories?post=94782"},{"taxonomy":"post_tag","embeddable":true,"href":"https:\/\/www.europesays.com\/fr\/wp-json\/wp\/v2\/tags?post=94782"}],"curies":[{"name":"wp","href":"https:\/\/api.w.org\/{rel}","templated":true}]}}