{"id":94784,"date":"2025-05-12T17:44:09","date_gmt":"2025-05-12T17:44:09","guid":{"rendered":"https:\/\/www.europesays.com\/fr\/94784\/"},"modified":"2025-05-12T17:44:09","modified_gmt":"2025-05-12T17:44:09","slug":"operation-seduction-de-la-region-au-japon","status":"publish","type":"post","link":"https:\/\/www.europesays.com\/fr\/94784\/","title":{"rendered":"Op\u00e9ration s\u00e9duction de la R\u00e9gion au Japon"},"content":{"rendered":"<p>A d\u00e9faut d\u2019accueillir l\u2019exposition universelle de 2025, <a href=\"https:\/\/www.echoidf.fr\/exposition-universelle-2025-labandon-de-la-candidature-francaise-conteste\/\" target=\"_blank\" rel=\"noopener\">pour laquelle elle fut un temps candidate,<\/a> l\u2019Ile-de-France s\u2019invite \u00e0 l\u2019\u00e9v\u00e9nement qui se d\u00e9roule \u00e0 Osaka, au Japon, depuis le 13 avril dernier et jusqu\u2019au 13 octobre. Une d\u00e9l\u00e9gation d\u2019\u00e9lus du Conseil r\u00e9gional, emmen\u00e9e par sa pr\u00e9sidente (LR) Val\u00e9rie P\u00e9cresse, est en en effet d\u00e9placement cette semaine (du 12 au 15 mai) au pays du soleil levant pour ce qui s\u2019apparente \u00e0 une op\u00e9ration de s\u00e9duction. Objectifs : nouer ou renforcer des partenariats \u00e9conomiques et institutionnels et promouvoir la destination touristique Ile-de-France au Japon. \u00ab Un partenaire important en Asie pour l\u2019Ile-de-France sur un plan \u00e9conomique, technologique, culturel et acad\u00e9mique \u00bb, rappelle le Conseil r\u00e9gional. L\u2019Ile-de-France compte pr\u00e8s de 400 entreprises japonaises sur son territoire \u00ab et le flux entrant reste soutenu avec pr\u00e8s de 84 nouvelles implantations depuis 2019 repr\u00e9sentant environ 4 500 emplois \u00bb, souligne la R\u00e9gion. L\u2019Ile-de-France est, en outre, la principale destination de s\u00e9jour des touristes japonais en Europe. Elle en accueille pr\u00e8s d\u2019un demi-million chaque ann\u00e9e.<\/p>\n<p>Au programme de ce voyage : ce lundi, une visite de l\u2019exposition universelle d\u2019Osaka donc, suivie de rencontres \u00e9conomiques et institutionnelles \u00e0 Kyoto (r\u00e9gion du Kansai) pour promouvoir la r\u00e9gion Ile-de-France aupr\u00e8s d\u2019entreprises et d\u2019investisseurs japonais. La d\u00e9l\u00e9gation francilienne est d\u2019ailleurs accompagn\u00e9e de quatre start-up et PME franciliennes sp\u00e9cialis\u00e9es dans la tech (Ardoise.ai, Heidi, Diviniti et Meelk) et \u00ab qui mobilisent l\u2019IA dans des domaines cl\u00e9s \u00bb (formation professionnelle, cybers\u00e9curit\u00e9, suret\u00e9 des infrastructures urbaines et gestion de contenu multilingues). Val\u00e9rie P\u00e9cresse devait rencontrer les responsables de l\u2019association patronale r\u00e9gionale Kansai Keizai Doyukai et des tour-op\u00e9rateurs japonais et se rendre dans une \u00e9cole de mangakas (auteurs de mangas) ainsi que dans les locaux de l\u2019entreprise Daito Kaseil, p\u00e9pite industrielle nipponne positionn\u00e9e sur le secteur des mati\u00e8res premi\u00e8res pour la cosm\u00e9tique implant\u00e9e \u00e0 Fr\u00e9pillon, dans le Val-d\u2019Oise.<\/p>\n<p>Ces prochains jours, les \u00e9lus franciliens doivent visiter l\u2019universit\u00e9 de Kyoto et l\u2019Institute for Integrated Cell-Material Sciences (ICeMS) \u00ab qui a d\u00e9velopp\u00e9 une recherche innovante au croisement de la biologie cellulaire et de la science des mat\u00e9riaux \u00bb, et \u00e9changer avec des \u00e9tudiants et des enseignants du programme Women\u2019s Executive Leadership (WEL) \u00ab qui agit pour l\u2019acc\u00e8s des femmes aux fonctions de management dans les entreprises \u00bb. Val\u00e9rie P\u00e9cresse doit \u00e9galement rencontrer les pr\u00e9sident et vice-pr\u00e9sident de l\u2019Union des gouverneurs du Kansai, \u00e0 Otsu, pour \u00ab \u00e9largir le partenariat \u00bb entre la R\u00e9gion Ile-de-France et celle du Kansai sign\u00e9 en 2019 et \u00ab l\u2019ouvrir \u00e0 de nouveaux champs \u00bb (attractivit\u00e9 \u00e9conomique, innovation, \u00e9changes culturels, d\u00e9veloppement durable, adaptation au changement climatique\u2026).<\/p>\n<p>Enfin, les \u00e9lus franciliens visiteront le si\u00e8ge social du groupe Kyocera, \u00ab un conglom\u00e9rat industriel japonais initialement d\u00e9velopp\u00e9 autour de la c\u00e9ramique fine avant de progressivement diversifier son activit\u00e9 autour de la fabrication de composants \u00e9lectroniques, d\u2019imprimantes, de smartphones, d\u2019\u00e9quipements industriels et m\u00e9dicaux, de panneaux solaires et solutions de stockage d\u2019\u00e9nergie ou encore d\u2019outils industriels de pr\u00e9cision \u00bb, expose la R\u00e9gion. Ce groupe est implant\u00e9 en Ile-de-France depuis plusieurs d\u00e9cennies, \u00e0 Massy, Orsay (Essonne) et Rungis (Val-de-Marne) o\u00f9 il emploie aujourd\u2019hui 380 personnes. Reste \u00e0 mesurer les retomb\u00e9es concr\u00e8tes qu\u2019aura de ce d\u00e9placement, loin d\u2019\u00eatre le premier de Val\u00e9rie P\u00e9cresse au Japon o\u00f9 elle s\u2019\u00e9tait d\u00e9j\u00e0 rendue en 2016 et en 2023 pour promouvoir l\u2019attractivit\u00e9 de l\u2019Ile-de-France.<\/p>\n","protected":false},"excerpt":{"rendered":"A d\u00e9faut d\u2019accueillir l\u2019exposition universelle de 2025, pour laquelle elle fut un temps candidate, l\u2019Ile-de-France s\u2019invite \u00e0 l\u2019\u00e9v\u00e9nement&hellip;\n","protected":false},"author":2,"featured_media":94785,"comment_status":"","ping_status":"","sticky":false,"template":"","format":"standard","meta":{"footnotes":""},"categories":[1592],"tags":[1111,11,20741,251,436,1777,674,20742,1011,27,662,5701,2070,12,8447,626,20743,25,602,2542,4494],"class_list":{"0":"post-94784","1":"post","2":"type-post","3":"status-publish","4":"format-standard","5":"has-post-thumbnail","7":"category-ile-de-france","8":"tag-actu","9":"tag-actualites","10":"tag-conseil-ru00e9gional","11":"tag-culture","12":"tag-environnement","13":"tag-eu","14":"tag-europe","15":"tag-exposition-universelle-2025","16":"tag-fr","17":"tag-france","18":"tag-ile-de-france","19":"tag-innovation","20":"tag-japon","21":"tag-news","22":"tag-osaka","23":"tag-paris","24":"tag-partenariats","25":"tag-republique-francaise","26":"tag-tourisme","27":"tag-u00e9conomie","28":"tag-valu00e9rie-pu00e9cresse"},"share_on_mastodon":{"url":"https:\/\/pubeurope.com\/@fr\/114496108356769067","error":""},"_links":{"self":[{"href":"https:\/\/www.europesays.com\/fr\/wp-json\/wp\/v2\/posts\/94784","targetHints":{"allow":["GET"]}}],"collection":[{"href":"https:\/\/www.europesays.com\/fr\/wp-json\/wp\/v2\/posts"}],"about":[{"href":"https:\/\/www.europesays.com\/fr\/wp-json\/wp\/v2\/types\/post"}],"author":[{"embeddable":true,"href":"https:\/\/www.europesays.com\/fr\/wp-json\/wp\/v2\/users\/2"}],"replies":[{"embeddable":true,"href":"https:\/\/www.europesays.com\/fr\/wp-json\/wp\/v2\/comments?post=94784"}],"version-history":[{"count":0,"href":"https:\/\/www.europesays.com\/fr\/wp-json\/wp\/v2\/posts\/94784\/revisions"}],"wp:featuredmedia":[{"embeddable":true,"href":"https:\/\/www.europesays.com\/fr\/wp-json\/wp\/v2\/media\/94785"}],"wp:attachment":[{"href":"https:\/\/www.europesays.com\/fr\/wp-json\/wp\/v2\/media?parent=94784"}],"wp:term":[{"taxonomy":"category","embeddable":true,"href":"https:\/\/www.europesays.com\/fr\/wp-json\/wp\/v2\/categories?post=94784"},{"taxonomy":"post_tag","embeddable":true,"href":"https:\/\/www.europesays.com\/fr\/wp-json\/wp\/v2\/tags?post=94784"}],"curies":[{"name":"wp","href":"https:\/\/api.w.org\/{rel}","templated":true}]}}