{"id":94806,"date":"2025-05-12T17:55:13","date_gmt":"2025-05-12T17:55:13","guid":{"rendered":"https:\/\/www.europesays.com\/fr\/94806\/"},"modified":"2025-05-12T17:55:13","modified_gmt":"2025-05-12T17:55:13","slug":"suisse-ue-laccord-sur-lelectricite-divise-deja","status":"publish","type":"post","link":"https:\/\/www.europesays.com\/fr\/94806\/","title":{"rendered":"Suisse-UE: l\u2019accord sur l\u2019\u00e9lectricit\u00e9 divise d\u00e9j\u00e0"},"content":{"rendered":"<p>AboD\u00e9fi \u00e9nerg\u00e9tique \u2013 <\/p>\n<p>L\u2019accord sur l\u2019\u00e9lectricit\u00e9 est critiqu\u00e9 avant m\u00eame d\u2019\u00eatre pr\u00e9sent\u00e9<\/p>\n<p class=\"ContentHead_lead____SsS link_regular__O0hk0 link_externalicon-big__ZdPgo link_externalicon__qcwXs\">Le conseiller f\u00e9d\u00e9ral Albert R\u00f6sti d\u00e9voile mercredi le contenu de l\u2019accord entre la Suisse et l\u2019UE. Ce texte controvers\u00e9 suscite d\u2019ores et d\u00e9j\u00e0 de vives tensions politiques.<\/p>\n<p><img loading=\"lazy\" decoding=\"async\" class=\"AuthorImage_root__WCxj_ ContentMetaInfo_authorimage__Mp4LD AuthorImage_-content-head__3qDob\" style=\"background-color:#7F7F7F\" width=\"100\" height=\"100\" src=\"https:\/\/www.europesays.com\/fr\/wp-content\/uploads\/2025\/05\/9RYUgI8Pado8pT-lQtFgak.jpg\" alt=\"Mischa Aebi\"\/>Publi\u00e9 aujourd\u2019hui \u00e0 18h36<img fetchpriority=\"high\" decoding=\"async\" class=\"ResponsiveImage_root__ZDz10 responsive-image\" alt=\"Trois personnes en tenue professionnelle posent devant un fond avec les drapeaux suisse et europ\u00e9en.\" title=\"Trois personnes en tenue professionnelle posent devant un fond avec les drapeaux suisse et europ\u00e9en.\" height=\"800\" width=\"1200\" src=\"https:\/\/www.europesays.com\/fr\/wp-content\/uploads\/2025\/05\/F03e8CJCKwJAoOP-kov7z9.png\"  draggable=\"false\" loading=\"eager\" style=\"--responsive-image-focus-position:50% 50%;background-color:#B56148\"\/><\/p>\n<p>Magdalena Martullo-Blocher attaque le deal europ\u00e9en de son coll\u00e8gue de parti Albert R\u00f6sti. Elle peut compter sur le soutien du pr\u00e9sident de l\u2019USS, Pierre-Yves Maillard.<\/p>\n<p>Montage: J\u00fcrg Candrian, A.S \/ Photos: KEYSTONE, Getty Images<\/p>\n<p>Abonnez-vous d\u00e8s maintenant et profitez de la fonction de lecture audio.<a href=\"https:\/\/bottalk.io\/\" class=\"BottalkPaywall_bottalklink__KDtuf\" target=\"_blank\" rel=\"noreferrer nofollow noopener\">BotTalk<\/a><strong class=\"SummaryList_title__8uifR\">En bref:<\/strong><\/p>\n<ul class=\"SummaryList_list__pEa7M\">\n<li>Le conseiller f\u00e9d\u00e9ral Albert R\u00f6sti pr\u00e9sentera mercredi l\u2019accord sur l&rsquo;\u00e9lectricit\u00e9 avec l\u2019UE.<\/li>\n<li>L\u2019autorit\u00e9 du march\u00e9 de l\u2019\u00e9lectricit\u00e9 met en garde contre des p\u00e9riodes de panne d\u2019\u00e9lectricit\u00e9 g\u00e9n\u00e9ralis\u00e9e en hiver 2035 si la Suisse n\u2019a pas d\u2019accord d\u2019ici l\u00e0.<\/li>\n<li>Magdalena Martullo-Blocher, vice-pr\u00e9sidente de l\u2019UDC, craint de perdre le contr\u00f4le des barrages suisses.<\/li>\n<\/ul>\n<p class=\"ArticleParagraph_root__lhFZo ArticleContainer_content-width__FRl7F link_focus__0ZMwx link_externalicon-big__ZdPgo link_externalicon__qcwXs ArticleElement_article-element__q93eL\">Le conseiller f\u00e9d\u00e9ral Albert R\u00f6sti pr\u00e9sentera mercredi l&rsquo;accord sur l&rsquo;\u00e9lectricit\u00e9 entre la Suisse et l\u2019UE. Il vise \u00e0 garantir une participation \u00e9quitable des acteurs suisses au march\u00e9 int\u00e9rieur europ\u00e9en de l\u2019\u00e9lectricit\u00e9. Mais ce texte est loin de faire l\u2019unanimit\u00e9. Les d\u00e9bats politiques s\u2019annoncent des plus vifs.<\/p>\n<p class=\"ArticleParagraph_root__lhFZo ArticleContainer_content-width__FRl7F link_focus__0ZMwx link_externalicon-big__ZdPgo link_externalicon__qcwXs ArticleElement_article-element__q93eL\">Pourtant, selon la <a href=\"https:\/\/www.elcom.admin.ch\/elcom\/fr\/home\/themes\/prix-de-l_electricite.html\" class=\"HtmlText_root__A1OSq\" target=\"_blank\" rel=\"noopener noreferrer nofollow\">Commission f\u00e9d\u00e9rale de l\u2019\u00e9lectricit\u00e9 (ElCom),<\/a> le temps presse. D&rsquo;ici \u00e0 dix ans, la Suisse pourrait \u00eatre confront\u00e9e \u00e0 une p\u00e9nurie d\u2019\u00e9lectricit\u00e9 en hiver, notamment parce que <a class=\"HtmlText_root__A1OSq\" href=\"https:\/\/www.24heures.ch\/penurie-delectricite-le-plan-suisse-pour-affronter-un-black-out-594966915168\" rel=\"nofollow noopener\" target=\"_blank\">les deux r\u00e9acteurs nucl\u00e9aires de Beznau ne fonctionneront plus<\/a>. L&rsquo;ElCom recommande donc la mise en place d&rsquo;\u00e9nergies de r\u00e9serve d&rsquo;une puissance \u00e9quivalente \u00e0 celle d&rsquo;une grande centrale nucl\u00e9aire, sachant que, pour \u00eatre r\u00e9aliste, il faudrait sans doute construire des centrales \u00e0 gaz.<\/p>\n<p class=\"ArticleParagraph_root__lhFZo ArticleContainer_content-width__FRl7F link_focus__0ZMwx link_externalicon-big__ZdPgo link_externalicon__qcwXs ArticleElement_article-element__q93eL\">Si la Suisse n&rsquo;a pas conclu d&rsquo;accord sur l&rsquo;\u00e9lectricit\u00e9 d&rsquo;ici \u00e0 2035, la situation s\u2019annonce d\u2019autant plus pr\u00e9caire. Selon une simulation de l&rsquo;ElCom, il faudrait alors, dans le cas extr\u00eame, des r\u00e9serves d&rsquo;\u00e9nergie jusqu&rsquo;\u00e0 quatre fois plus importantes qu\u2019actuellement. La puissance n\u00e9cessaire de 3,8\u00a0gigawatts \u00e9quivaut \u00e0 quatre grandes centrales nucl\u00e9aires ou quatre grandes centrales \u00e0 gaz. Toutefois, selon Urs Meister, directeur de l&rsquo;ElCom, il ne serait gu\u00e8re rentable \u00e9conomiquement d&rsquo;avoir autant de centrales de r\u00e9serve.<\/p>\n<p>Un accord d\u00e9savantageux pour la Suisse<\/p>\n<p class=\"ArticleParagraph_root__lhFZo ArticleContainer_content-width__FRl7F link_focus__0ZMwx link_externalicon-big__ZdPgo link_externalicon__qcwXs ArticleElement_article-element__q93eL\">Malgr\u00e9 ces mises en garde, l&rsquo;accord est loin de faire l\u2019unanimit\u00e9 aupr\u00e8s des partis. En effet, la Suisse devrait faire des concessions \u00e0 l&rsquo;UE au d\u00e9triment des m\u00e9nages priv\u00e9s. Magdalena Martullo-Blocher et Pierre-Yves Maillard, deux poids lourds de la politique suisse, s\u2019y opposent. Magdalena Martullo-Blocher est vice-pr\u00e9sidente de l&rsquo;UDC, conseill\u00e8re nationale et patronne d\u2019Ems-Chemie. Le Vaudois Pierre-Yves Maillard, lui, est pr\u00e9sident de l\u2019Union syndicale suisse (USS) et conseiller aux \u00c9tats socialiste. Tous deux font partie des rares privil\u00e9gi\u00e9s qui ont d\u00e9j\u00e0 pu prendre connaissance du texte.<\/p>\n<p><img decoding=\"async\" class=\"ResponsiveImage_root__ZDz10 responsive-image\" alt=\"Magdalena Martullo-Blocher en discussion, v\u00eatue d\u2019une veste violette, assise \u00e0 une table avec un verre d\u2019eau et des documents \u00e0 Herrliberg.\" title=\"Magdalena Martullo-Blocher en discussion, v\u00eatue d\u2019une veste violette, assise \u00e0 une table avec un verre d\u2019eau et des documents \u00e0 Herrliberg.\" height=\"800\" width=\"1200\" src=\"https:\/\/www.europesays.com\/fr\/wp-content\/uploads\/2025\/05\/CqF92ePU49SBmxTErxtz4m.jpg\"  draggable=\"false\" loading=\"lazy\" style=\"--responsive-image-focus-position:50% 50%;background-color:#B498A5\"\/><\/p>\n<p>\u00abLes grands groupes d&rsquo;\u00e9lectricit\u00e9 veulent livrer encore davantage \u00e0 l&rsquo;\u00e9tranger\u00bb, critique la vice-pr\u00e9sidente de l&rsquo;UDC, Magdalena Martullo-Blocher.<\/p>\n<p>Herv\u00e9 Le Cunff<\/p>\n<p class=\"ArticleParagraph_root__lhFZo ArticleContainer_content-width__FRl7F link_focus__0ZMwx link_externalicon-big__ZdPgo link_externalicon__qcwXs ArticleElement_article-element__q93eL\">La patronne d\u2019Ems-Chemie craint que la Suisse ne puisse plus d\u00e9cider librement des questions \u00e9nerg\u00e9tiques: \u00abNous nous engagerions \u00e0 faire passer les int\u00e9r\u00eats de l&rsquo;UE avant les n\u00f4tres et \u00e0 reprendre la politique \u00e9nerg\u00e9tique de l&rsquo;UE.\u00bb Et selon elle, le march\u00e9 suisse de l&rsquo;\u00e9lectricit\u00e9 devrait alors \u00ab\u00eatre compl\u00e8tement r\u00e9organis\u00e9\u00bb. Avec comme cons\u00e9quence une forte r\u00e9gulation, des co\u00fbts \u00e9lev\u00e9s et un mauvais approvisionnement. Elle met \u00e9galement en garde contre une perte de contr\u00f4le sur les r\u00e9serves d&rsquo;\u00e9lectricit\u00e9 dans les barrages. \u00abL&rsquo;UE ne nous accorde ses propres r\u00e9serves d&rsquo;\u00e9lectricit\u00e9 ou des redevances hydrauliques que pendant une p\u00e9riode transitoire\u00bb, d\u00e9nonce-t-elle.<\/p>\n<p class=\"ArticleParagraph_root__lhFZo ArticleContainer_content-width__FRl7F link_focus__0ZMwx link_externalicon-big__ZdPgo link_externalicon__qcwXs ArticleElement_article-element__q93eL\">Pour l\u2019\u00e9lue, l&rsquo;accord n\u2019est pas avantageux pour la Suisse: \u00abIl existe d\u00e9j\u00e0 aujourd&rsquo;hui des \u00e9changes techniques entre notre pays et l\u2019UE. Nos r\u00e9seaux sont connect\u00e9s.\u00bb Selon elle, le trait\u00e9 est avant tout soutenu par les entreprises d&rsquo;\u00e9lectricit\u00e9 telles qu&rsquo;Axpo et BKW. \u00abLes grands groupes d&rsquo;\u00e9lectricit\u00e9 veulent livrer encore davantage \u00e0 l&rsquo;\u00e9tranger et obtenir plus de subventions.\u00bb Mais les entreprises d&rsquo;\u00e9lectricit\u00e9 oublieraient \u00abque c&rsquo;est d\u00e9sormais l&rsquo;UE qui d\u00e9termine quand nous devons produire quelle quantit\u00e9 d&rsquo;\u00e9lectricit\u00e9\u00bb.<\/p>\n<p>Contre une lib\u00e9ralisation du march\u00e9<\/p>\n<p class=\"ArticleParagraph_root__lhFZo ArticleContainer_content-width__FRl7F link_focus__0ZMwx link_externalicon-big__ZdPgo link_externalicon__qcwXs ArticleElement_article-element__q93eL\">Pierre-Yves Maillard s\u2019oppose lui aussi \u00e0 l&rsquo;accord. Sa principale critique est que l&rsquo;UE exige de la Suisse qu&rsquo;elle ouvre le march\u00e9 de l&rsquo;\u00e9lectricit\u00e9 aux m\u00e9nages priv\u00e9s. \u00abNous nous opposerons \u00e0 l&rsquo;accord sur l&rsquo;\u00e9lectricit\u00e9, car le march\u00e9 de l&rsquo;\u00e9lectricit\u00e9 serait alors enti\u00e8rement lib\u00e9ralis\u00e9.\u00bb<\/p>\n<p class=\"ArticleParagraph_root__lhFZo ArticleContainer_content-width__FRl7F link_focus__0ZMwx link_externalicon-big__ZdPgo link_externalicon__qcwXs ArticleElement_article-element__q93eL\">\u00abIl serait d\u00e9sastreux de laisser la production d&rsquo;\u00e9lectricit\u00e9 au march\u00e9 et aux acteurs priv\u00e9s\u00bb, met en garde le pr\u00e9sident de l\u2019USS. Car, selon lui, personne n\u2019investit dans de nouvelles centrales lorsque les prix sont bas ou impr\u00e9visibles. Alors que, dans les faits, de nouvelles centrales seraient n\u00e9cessaires pour l\u2019avenir.<\/p>\n<p><img decoding=\"async\" class=\"ResponsiveImage_root__ZDz10 responsive-image\" alt=\"Pierre-Yves Maillard s\u2019exprime au Congr\u00e8s extraordinaire du PSV \u00e0 Lausanne, tenant un micro et d\u00e9fendant la r\u00e9forme sociale et fiscale RIE III, le 26 janvier 2016.\" title=\"Pierre-Yves Maillard s\u2019exprime au Congr\u00e8s extraordinaire du PSV \u00e0 Lausanne, tenant un micro et d\u00e9fendant la r\u00e9forme sociale et fiscale RIE III, le 26 janvier 2016.\" height=\"800\" width=\"1200\" src=\"https:\/\/www.europesays.com\/fr\/wp-content\/uploads\/2025\/05\/2QSuzG47q7W9ypjpajdA_O.jpg\"  draggable=\"false\" loading=\"lazy\" style=\"--responsive-image-focus-position:50% 50%;background-color:#896C55\"\/><\/p>\n<p>Pierre-Yves Maillard, pr\u00e9sident de l\u2019Union syndicale suisse, est du m\u00eame avis que Magdalena Martullo-Blocher.<\/p>\n<p>Jean-Bernard Sieber<\/p>\n<p class=\"ArticleParagraph_root__lhFZo ArticleContainer_content-width__FRl7F link_focus__0ZMwx link_externalicon-big__ZdPgo link_externalicon__qcwXs ArticleElement_article-element__q93eL\">Le Vaudois craint \u00e9galement que l&rsquo;\u00e9lectricit\u00e9 fasse soudain l&rsquo;objet de sp\u00e9culations: \u00abLes acteurs d\u2019un march\u00e9 de l\u2019\u00e9lectricit\u00e9 enti\u00e8rement ouvert \u00e0 la concurrence auraient int\u00e9r\u00eat \u00e0 provoquer des p\u00e9nuries d\u2019\u00e9lectricit\u00e9 et \u00e0 faire ainsi grimper les prix.\u00bb L&rsquo;accord entra\u00eenerait donc, selon le syndicaliste, \u00abde fortes fluctuations de prix, des sp\u00e9culations et des black-out\u00bb. C\u2019est d\u00e9j\u00e0 ce qui s\u2019est pass\u00e9 aux \u00c9tats-Unis et dans l\u2019UE, o\u00f9 ces ouvertures compl\u00e8tes des march\u00e9s ont \u00e9t\u00e9 r\u00e9alis\u00e9es, pr\u00e9cise-t-il.<\/p>\n<p>Quid du parlement?<\/p>\n<p class=\"ArticleParagraph_root__lhFZo ArticleContainer_content-width__FRl7F link_focus__0ZMwx link_externalicon-big__ZdPgo link_externalicon__qcwXs ArticleElement_article-element__q93eL\">Pour l\u2019heure, les partis politiques ne se sont pas encore officiellement prononc\u00e9s. La pression est moins forte que pour les autres accords bilat\u00e9raux. En effet, le paquet de l&rsquo;UE n\u2019est pas remis en cause si la Suisse rejette l&rsquo;accord sur l&rsquo;\u00e9lectricit\u00e9.<\/p>\n<p class=\"ArticleParagraph_root__lhFZo ArticleContainer_content-width__FRl7F link_focus__0ZMwx link_externalicon-big__ZdPgo link_externalicon__qcwXs ArticleElement_article-element__q93eL\">Au parlement, le r\u00e9sultat s\u2019annonce malgr\u00e9 tout serr\u00e9. Le conseiller national Christian Wasserfallen (PLR\/BE), se montre pessimiste: \u00abL&rsquo;accord sur l&rsquo;\u00e9lectricit\u00e9 est important, car la garantie de la stabilit\u00e9 du r\u00e9seau au-del\u00e0 des fronti\u00e8res rendra l&rsquo;approvisionnement en \u00e9lectricit\u00e9 plus s\u00fbr.\u00bb Malgr\u00e9 tout, il ne voit \u00abpas de majorit\u00e9 au parlement pour le moment\u00bb. Selon lui, le PLR est le seul parti aux Chambres f\u00e9d\u00e9rales \u00e0 soutenir l&rsquo;ouverture du march\u00e9 de l&rsquo;\u00e9lectricit\u00e9. Il craint qu&rsquo;une grande partie des parlementaires de gauche se joignent aux syndicats et rejettent le trait\u00e9.<\/p>\n<p class=\"ArticleParagraph_root__lhFZo ArticleContainer_content-width__FRl7F link_focus__0ZMwx link_externalicon-big__ZdPgo link_externalicon__qcwXs ArticleElement_article-element__q93eL\">Le vice-pr\u00e9sident du PS et conseiller national (PS\/GR) Jon Pult se montre moins cat\u00e9gorique. \u00abDans l&rsquo;int\u00e9r\u00eat de la s\u00e9curit\u00e9 de l&rsquo;approvisionnement et du tournant \u00e9nerg\u00e9tique, les politiciens de notre parti sont en principe favorables \u00e0 une solution, mais pas \u00e0 n&rsquo;importe quel prix.\u00bb Le PS ne prendra sa d\u00e9cision que lorsque le texte sera disponible, souligne-t-il.<\/p>\n<p>Le pr\u00e9sident de l&rsquo;UDC veut prot\u00e9ger les m\u00e9nages<\/p>\n<p class=\"ArticleParagraph_root__lhFZo ArticleContainer_content-width__FRl7F link_focus__0ZMwx link_externalicon-big__ZdPgo link_externalicon__qcwXs ArticleElement_article-element__q93eL\">L&rsquo;UDC ne s&rsquo;est pas non plus encore officiellement positionn\u00e9e. \u00abEn tant que parti, nous n&rsquo;avons pas encore pris de position d\u00e9finitive sur l&rsquo;accord sur l&rsquo;\u00e9lectricit\u00e9 avec l&rsquo;UE\u00bb, confirme son pr\u00e9sident, Marcel Dettling. Mais tant qu&rsquo;il y aura \u00abune reprise automatique du droit europ\u00e9en, des juges \u00e9trangers et des mesures p\u00e9nales, nous ne pourrons pas le soutenir\u00bb.<\/p>\n<p><img decoding=\"async\" class=\"ResponsiveImage_root__ZDz10 responsive-image\" alt=\"Marcel Dettling, pr\u00e9sident de l\u2019UDC, assis dans le centre m\u00e9diatique, discutant des prochaines votations et des opinions divergentes au sein du parti.\" title=\"Marcel Dettling, pr\u00e9sident de l\u2019UDC, assis dans le centre m\u00e9diatique, discutant des prochaines votations et des opinions divergentes au sein du parti.\" height=\"800\" width=\"1200\" src=\"https:\/\/www.europesays.com\/fr\/wp-content\/uploads\/2025\/05\/89dYe92FKLg9wT9zGii0gS.jpg\"  draggable=\"false\" loading=\"lazy\" style=\"--responsive-image-focus-position:50% 50%;background-color:#AB8DD5\"\/><\/p>\n<p>Le pr\u00e9sident de l&rsquo;UDC, Marcel Dettling, craint que les petites centrales \u00e9lectriques ne disparaissent si l&rsquo;accord sur l&rsquo;\u00e9lectricit\u00e9 est conclu.<\/p>\n<p>Jonathan Labusch<\/p>\n<p class=\"ArticleParagraph_root__lhFZo ArticleContainer_content-width__FRl7F link_focus__0ZMwx link_externalicon-big__ZdPgo link_externalicon__qcwXs ArticleElement_article-element__q93eL\">Tout comme le syndicaliste Pierre-Yves Maillard, Marcel Dettling critique le fait que \u00ables m\u00e9nages priv\u00e9s seraient expos\u00e9s aux fortes fluctuations des prix de l&rsquo;\u00e9lectricit\u00e9\u00bb. Le pr\u00e9sident de l\u2019UDC regrette \u00abqu&rsquo;avec l&rsquo;accord, les communes ne puissent plus g\u00e9rer leurs petites centrales \u00e9lectriques de mani\u00e8re autonome. Elles devraient fusionner avec de grands groupes d&rsquo;approvisionnement en \u00e9lectricit\u00e9\u00bb, explique-t-il.<\/p>\n<p class=\"ArticleParagraph_root__lhFZo ArticleContainer_content-width__FRl7F link_focus__0ZMwx link_externalicon-big__ZdPgo link_externalicon__qcwXs ArticleElement_article-element__q93eL\">D&rsquo;un point de vue juridique, les petites r\u00e9gies communales ne seraient certes pas oblig\u00e9es de renoncer \u00e0 leur ind\u00e9pendance. Mais dans la r\u00e9alit\u00e9, beaucoup d\u2019entre elles devraient effectivement fusionner avec de grands fournisseurs, car elles ne pourraient plus s&rsquo;imposer seules sur le march\u00e9. De nombreuses r\u00e9gies communales ne seraient alors plus que des exploitants de r\u00e9seau.<\/p>\n<p class=\"ArticleParagraph_root__lhFZo ArticleContainer_content-width__FRl7F link_focus__0ZMwx link_externalicon-big__ZdPgo link_externalicon__qcwXs ArticleElement_article-element__q93eL\">Si la Suisse ouvre compl\u00e8tement le march\u00e9 de l&rsquo;\u00e9lectricit\u00e9 comme l&rsquo;exige l&rsquo;UE, les m\u00e9nages priv\u00e9s pourraient alors choisir eux-m\u00eames leur fournisseur d&rsquo;\u00e9lectricit\u00e9. Dans le meilleur des cas, les m\u00e9nages profiteraient de prix de march\u00e9 bas. Mais dans le pire des cas, les factures d&rsquo;\u00e9lectricit\u00e9 pourraient devenir tr\u00e8s \u00e9lev\u00e9es. Car celles et ceux qui ne veulent pas prendre de risques pourraient continuer \u00e0 acheter leur \u00e9lectricit\u00e9 aupr\u00e8s de leur fournisseur de base.<\/p>\n<p class=\"ArticleParagraph_root__lhFZo ArticleContainer_content-width__FRl7F link_focus__0ZMwx link_externalicon-big__ZdPgo link_externalicon__qcwXs ArticleElement_article-element__q93eL\">Un \u00e9l\u00e9ment devrait toutefois jouer en faveur du ministre de l&rsquo;\u00e9nergie, Albert R\u00f6sti: l&rsquo;ElCom a revu \u00e0 la hausse les pr\u00e9visions de consommation pour la Suisse. \u00abDans le sc\u00e9nario que nous avons choisi, avec une forte \u00e9volution de la demande, la consommation d&rsquo;\u00e9lectricit\u00e9 en hiver 2035 est sup\u00e9rieure d&rsquo;environ 10% \u00e0 celle des perspectives \u00e9nerg\u00e9tiques faites en 2020\u00bb, fait remarquer le directeur de l&rsquo;ElCom, Urs Meister.<\/p>\n<p class=\"ArticleParagraph_root__lhFZo ArticleContainer_content-width__FRl7F link_focus__0ZMwx link_externalicon-big__ZdPgo link_externalicon__qcwXs ArticleElement_article-element__q93eL\">Selon lui, les pr\u00e9visions ont \u00e9t\u00e9 revues \u00e0 la hausse en raison de la mobilit\u00e9 \u00e9lectrique et des centres de donn\u00e9es, qui prennent de l\u2019ampleur en Suisse. Le fait qu&rsquo;il faille encore davantage d&rsquo;\u00e9lectricit\u00e9 que pr\u00e9vu augmente la pression pour un accord avec l&rsquo;UE.<\/p>\n<p class=\"DynamicTeaser_boxtitle__B6piN\">Plus sur l\u2019accord Suisse-UE sur l\u2019\u00e9lectricit\u00e9<\/p>\n<p>Newsletter<\/p>\n<p>\u00abDerni\u00e8res nouvelles\u00bb<\/p>\n<p>Vous voulez rester au top de l\u2019info? \u00ab24 heures\u00bb vous propose deux rendez-vous par jour, directement dans votre bo\u00eete e-mail. Pour ne rien rater de ce qui se passe dans votre Canton, en Suisse ou dans le monde.<\/p>\n<p><a class=\"NewsletterBox_more__FNemz link_underlinelink__K5Zr0\" href=\"https:\/\/www.24heures.ch\/nos-newsletters\" rel=\"nofollow noopener\" target=\"_blank\">Autres newsletters<\/a><\/p>\n<p>Se connecter<strong>Mischa Aebi <\/strong>est r\u00e9dacteur au Palais f\u00e9d\u00e9ral pour la \u00abSonntagsZeitung\u00bb. Auparavant, il a travaill\u00e9 comme journaliste \u00e0 la rubrique Suisse de la \u00abBerner Zeitung\u00bb. Avant de devenir journaliste, il a notamment enseign\u00e9 les math\u00e9matiques et la physique \u00e0 l&rsquo;\u00e9cole professionnelle de Berne.<a class=\"ArticleAuthorBio_moreinfo__cqyvz link_underlinelink__K5Zr0\" rel=\"author nofollow noopener\" href=\"https:\/\/www.24heures.ch\/author\/63402126\/mischa-aebi\" target=\"_blank\">Plus d&rsquo;infos<\/a><a href=\"https:\/\/twitter.com\/mischa_aebi\" rel=\"nofollow noopener\" target=\"_blank\">@mischa_aebi<\/a><\/p>\n<p class=\"Feedback_root__fr_Mi ArticleContainer_content-width__FRl7F\">Vous avez trouv\u00e9 une erreur?<a href=\"mailto:tes_correction@tamedia.ch?subject=Avis%20d'erreur%20%7C%20Mischa%20Aebi%20%7C%20L%E2%80%99accord%20sur%20l%E2%80%99%C3%A9lectricit%C3%A9%20est%20critiqu%C3%A9%20avant%20m%C3%AAme%20d%E2%80%99%C3%AAtre%20pr%C3%A9sent%C3%A9&amp;body=J'ai%20trouv%C3%A9%20une%20erreur%20dans%20cet%20article%3A%20https%3A%2F%2Fwww.24heures.ch%2Fsuisse-ue-laccord-sur-lelectricite-divise-deja-790165401626\" class=\"Feedback_feedbacklink__VyDCi link_underlinelink__K5Zr0\">Merci de nous la signaler.<\/a><\/p>\n<p>12 commentaires<\/p>\n<p><script async src=\"https:\/\/platform.twitter.com\/widgets.js\" charset=\"utf-8\"><\/script><\/p>\n","protected":false},"excerpt":{"rendered":"AboD\u00e9fi \u00e9nerg\u00e9tique \u2013 L\u2019accord sur l\u2019\u00e9lectricit\u00e9 est critiqu\u00e9 avant m\u00eame d\u2019\u00eatre pr\u00e9sent\u00e9 Le conseiller f\u00e9d\u00e9ral Albert R\u00f6sti d\u00e9voile&hellip;\n","protected":false},"author":2,"featured_media":94807,"comment_status":"","ping_status":"","sticky":false,"template":"","format":"standard","meta":{"footnotes":""},"categories":[1586],"tags":[11,1777,674,1779,1011,27,12,25,2300,1778,364],"class_list":{"0":"post-94806","1":"post","2":"type-post","3":"status-publish","4":"format-standard","5":"has-post-thumbnail","7":"category-europe","8":"tag-actualites","9":"tag-eu","10":"tag-europe","11":"tag-european-union","12":"tag-fr","13":"tag-france","14":"tag-news","15":"tag-republique-francaise","16":"tag-stats-seo","17":"tag-ue","18":"tag-union-europeenne"},"share_on_mastodon":{"url":"https:\/\/pubeurope.com\/@fr\/114496151679666510","error":""},"_links":{"self":[{"href":"https:\/\/www.europesays.com\/fr\/wp-json\/wp\/v2\/posts\/94806","targetHints":{"allow":["GET"]}}],"collection":[{"href":"https:\/\/www.europesays.com\/fr\/wp-json\/wp\/v2\/posts"}],"about":[{"href":"https:\/\/www.europesays.com\/fr\/wp-json\/wp\/v2\/types\/post"}],"author":[{"embeddable":true,"href":"https:\/\/www.europesays.com\/fr\/wp-json\/wp\/v2\/users\/2"}],"replies":[{"embeddable":true,"href":"https:\/\/www.europesays.com\/fr\/wp-json\/wp\/v2\/comments?post=94806"}],"version-history":[{"count":0,"href":"https:\/\/www.europesays.com\/fr\/wp-json\/wp\/v2\/posts\/94806\/revisions"}],"wp:featuredmedia":[{"embeddable":true,"href":"https:\/\/www.europesays.com\/fr\/wp-json\/wp\/v2\/media\/94807"}],"wp:attachment":[{"href":"https:\/\/www.europesays.com\/fr\/wp-json\/wp\/v2\/media?parent=94806"}],"wp:term":[{"taxonomy":"category","embeddable":true,"href":"https:\/\/www.europesays.com\/fr\/wp-json\/wp\/v2\/categories?post=94806"},{"taxonomy":"post_tag","embeddable":true,"href":"https:\/\/www.europesays.com\/fr\/wp-json\/wp\/v2\/tags?post=94806"}],"curies":[{"name":"wp","href":"https:\/\/api.w.org\/{rel}","templated":true}]}}