{"id":94810,"date":"2025-05-12T17:57:09","date_gmt":"2025-05-12T17:57:09","guid":{"rendered":"https:\/\/www.europesays.com\/fr\/94810\/"},"modified":"2025-05-12T17:57:09","modified_gmt":"2025-05-12T17:57:09","slug":"les-israeliens-craignent-de-perdre-le-soutien-de-leur-allie-donald-trump","status":"publish","type":"post","link":"https:\/\/www.europesays.com\/fr\/94810\/","title":{"rendered":"les Isra\u00e9liens craignent de perdre le soutien de leur alli\u00e9 Donald Trump"},"content":{"rendered":"<p><strong>D\u00c9CRYPTAGE <\/strong>&#8211; Le pr\u00e9sident am\u00e9ricain montre des signes d\u2019impatience envers Benyamin Netanyahou et encha\u00eene les d\u00e9cisions d\u00e9favorables \u00e0 son encontre.<\/p>\n<p class=\"fig-paragraph\">La lib\u00e9ration de l\u2019otage isra\u00e9lo-am\u00e9ricain\u00a0<a href=\"http:\/\/www.lefigaro.fr\/international\/gaza-l-otage-israelo-americain-probablement-remis-a-la-croix-rouge-apres-16-heures-20250512\" data-fig-type=\"NewsFlash\" data-gtm-custom-categorie=\"navigation\" data-gtm-custom-action=\"crossclick\" data-gtm-custom-label=\"Contextuel\" data-gtm-event=\"customEventSPE\" data-fig-domain=\"LEFIGARO\" rel=\"nofollow noopener\" target=\"_blank\">Edan Alexander<\/a>, confirm\u00e9e lundi en fin d\u2019apr\u00e8s-midi, \u00e9tait attendue en Isra\u00ebl avec anxi\u00e9t\u00e9, comme une rare bonne nouvelle dans une actualit\u00e9 tr\u00e8s sombre. Mais cette joie \u00e9tait alt\u00e9r\u00e9e par un sentiment qui, depuis plusieurs jours, se fait de plus en plus palpable. Une inqui\u00e9tude due \u00e0 l\u2019impression que\u00a0<a href=\"http:\/\/www.lefigaro.fr\/international\/les-premiers-refugies-blancs-d-afrique-du-sud-arrivent-dans-l-amerique-de-donald-trump-20250512\" data-fig-type=\"Article\" data-gtm-custom-categorie=\"navigation\" data-gtm-custom-action=\"crossclick\" data-gtm-custom-label=\"Contextuel\" data-gtm-event=\"customEventSPE\" data-fig-domain=\"LEFIGARO\" rel=\"nofollow noopener\" target=\"_blank\">Donald Trump<\/a>\u00a0tourne le dos \u00e0 Benyamin Netanyahou. Le pr\u00e9sident am\u00e9ricain d\u00e9marre mardi une tourn\u00e9e au Moyen-Orient au cours de laquelle il n\u2019est pas pr\u00e9vu qu\u2019il pose le pied en Isra\u00ebl.<\/p>\n<p class=\"fig-paragraph\">\u00ab\u00a0Le meilleur pr\u00e9sident d\u2019Isra\u00ebl\u00a0\u00bb, proclame pourtant, au c\u0153ur de\u00a0<a href=\"http:\/\/www.lefigaro.fr\/international\/a-jerusalem-est-israel-ferme-trois-ecoles-de-l-onu-20250508\" data-fig-type=\"Article\" data-gtm-custom-categorie=\"navigation\" data-gtm-custom-action=\"crossclick\" data-gtm-custom-label=\"Contextuel\" data-gtm-event=\"customEventSPE\" data-fig-domain=\"LEFIGARO\" rel=\"nofollow noopener\" target=\"_blank\">J\u00e9rusalem<\/a>, une banni\u00e8re g\u00e9ante sur laquelle apparaissent les visages de Donald Trump et de son nouvel ambassadeur en Isra\u00ebl, Mike Huckabee. L\u2019id\u00e9e d\u2019un ind\u00e9fectible soutien du pr\u00e9sident am\u00e9ricain s\u2019\u00e9tait impos\u00e9e dans les premi\u00e8res semaines de son retour au pouvoir, en janvier. R\u00e9clam\u00e9 par Trump, le dernier accord de cessez-le-feu avec le Hamas \u00e9tait entr\u00e9 en vigueur la veille de sa prestation de serment\u2026<\/p>\n<p class=\"fig-premium-paywall__infos\">\n        Cet article est r\u00e9serv\u00e9 aux abonn\u00e9s.        Il vous reste 82% \u00e0 d\u00e9couvrir.\n    <\/p>\n<p>                <img  data- alt=\"Le Figaro\" class=\"fig-img--complete fig-img\"\/><\/p>\n<p class=\"fig-premium-paywall__title\">Je m&rsquo;informe, je m&rsquo;inspire, je m&rsquo;abonne.<\/p>\n<p class=\"fig-premium-paywall__subtitle\">D\u00e9couvrez notre offre de bienvenue.<\/p>\n<p class=\"fig-premium-paywall__connect\">\n                D\u00e9j\u00e0 abonn\u00e9\u00a0?                <a class=\"fig-premium-paywall__connect-link\" href=\"https:\/\/connect.lefigaro.fr\/login?client=horizon_web&amp;type=main&amp;redirect_uri=https%3A%2F%2Fwww.lefigaro.fr%2Finternational%2Fconflits-au-proche-orient-les-israeliens-craignent-de-perdre-le-soutien-de-leur-allie-donald-trump-20250512\" data-js-gtm=\"{&quot;customCategorie&quot;: &quot;conversion&quot;, &quot;customAction&quot;: &quot;before_Landing_Connexion_paywall_auto&quot;, &quot;customLabel&quot;: &quot;bGVmaWdhcm8uZnJfXzFmMDJmM2Y5LTJjZGItNjAzZS05MzIzLTU3MDA3NzM5OGM0M19fQXJ0aWNsZQ==_Conflits au Proche-Orient\u00a0: les Isra\u00e9liens craignent de perdre le soutien de leur alli\u00e9 Donald Trump_471&quot;, &quot;customIDSPE&quot;: &quot;bGVmaWdhcm8uZnJfXzFmMDJmM2Y5LTJjZGItNjAzZS05MzIzLTU3MDA3NzM5OGM0M19fQXJ0aWNsZQ==&quot;, &quot;event&quot;: &quot;customEventSPE&quot;}\" rel=\"nofollow noopener\" target=\"_blank\"><br \/>\n                    Connectez-vous<br \/>\n                <\/a>\n            <\/p>\n","protected":false},"excerpt":{"rendered":"D\u00c9CRYPTAGE &#8211; Le pr\u00e9sident am\u00e9ricain montre des signes d\u2019impatience envers Benyamin Netanyahou et encha\u00eene les d\u00e9cisions d\u00e9favorables \u00e0&hellip;\n","protected":false},"author":2,"featured_media":94811,"comment_status":"","ping_status":"","sticky":false,"template":"","format":"standard","meta":{"footnotes":""},"categories":[2],"tags":[259,11,260,3448,75,73,1011,27,14,664,261,12,262,25],"class_list":{"0":"post-94810","1":"post","2":"type-post","3":"status-publish","4":"format-standard","5":"has-post-thumbnail","7":"category-actualites","8":"tag-actualite-internationale","9":"tag-actualites","10":"tag-affaires-etrangeres","11":"tag-benjamin-netanyahou","12":"tag-donald-trump","13":"tag-etats-unis","14":"tag-fr","15":"tag-france","16":"tag-international","17":"tag-israel","18":"tag-ministere-des-affaires-etrangeres","19":"tag-news","20":"tag-politique-etrangere","21":"tag-republique-francaise"},"share_on_mastodon":{"url":"https:\/\/pubeurope.com\/@fr\/114496159459738116","error":""},"_links":{"self":[{"href":"https:\/\/www.europesays.com\/fr\/wp-json\/wp\/v2\/posts\/94810","targetHints":{"allow":["GET"]}}],"collection":[{"href":"https:\/\/www.europesays.com\/fr\/wp-json\/wp\/v2\/posts"}],"about":[{"href":"https:\/\/www.europesays.com\/fr\/wp-json\/wp\/v2\/types\/post"}],"author":[{"embeddable":true,"href":"https:\/\/www.europesays.com\/fr\/wp-json\/wp\/v2\/users\/2"}],"replies":[{"embeddable":true,"href":"https:\/\/www.europesays.com\/fr\/wp-json\/wp\/v2\/comments?post=94810"}],"version-history":[{"count":0,"href":"https:\/\/www.europesays.com\/fr\/wp-json\/wp\/v2\/posts\/94810\/revisions"}],"wp:featuredmedia":[{"embeddable":true,"href":"https:\/\/www.europesays.com\/fr\/wp-json\/wp\/v2\/media\/94811"}],"wp:attachment":[{"href":"https:\/\/www.europesays.com\/fr\/wp-json\/wp\/v2\/media?parent=94810"}],"wp:term":[{"taxonomy":"category","embeddable":true,"href":"https:\/\/www.europesays.com\/fr\/wp-json\/wp\/v2\/categories?post=94810"},{"taxonomy":"post_tag","embeddable":true,"href":"https:\/\/www.europesays.com\/fr\/wp-json\/wp\/v2\/tags?post=94810"}],"curies":[{"name":"wp","href":"https:\/\/api.w.org\/{rel}","templated":true}]}}