{"id":94819,"date":"2025-05-12T18:05:18","date_gmt":"2025-05-12T18:05:18","guid":{"rendered":"https:\/\/www.europesays.com\/fr\/94819\/"},"modified":"2025-05-12T18:05:18","modified_gmt":"2025-05-12T18:05:18","slug":"la-ffbb-rend-hommage-au-jeune-joueur-de-monaco-decede-dans-un-accident-de-la-route","status":"publish","type":"post","link":"https:\/\/www.europesays.com\/fr\/94819\/","title":{"rendered":"la FFBB rend hommage au jeune joueur de Monaco, d\u00e9c\u00e9d\u00e9 dans un accident de la route"},"content":{"rendered":"<p>Apr\u00e8s le d\u00e9c\u00e8s d\u2019un jeune joueur de l\u2019AS Monaco survenu samedi dans un accident de la route, la F\u00e9d\u00e9ration Fran\u00e7aise de Basketball lui rend hommage.<\/p>\n<p class=\"fig-paragraph\">Une triste nouvelle. Dans un accident de la route, alors que les joueurs de l\u2019\u00e9quipe de National 3 de l\u2019AS Monaco revenaient d\u2019un match,\u00a0<a href=\"http:\/\/www.lefigaro.fr\/sports\/basket\/basket-un-jeune-joueur-de-monaco-decede-dans-un-accident-20250511\" data-fig-type=\"NewsFlash\" data-gtm-custom-categorie=\"navigation\" data-gtm-custom-action=\"crossclick\" data-gtm-custom-label=\"Contextuel\" data-gtm-event=\"customEventSPE\" data-fig-domain=\"LEFIGARO\" target=\"_blank\" rel=\"noopener\">un jeune homme de 17 ans est d\u00e9c\u00e9d\u00e9 samedi<\/a>. \u00abLa FFBB tient \u00e0 exprimer son soutien le plus profond et ses sinc\u00e8res condol\u00e9ances \u00e0 la famille du jeune basketteur, \u00e0 ses proches, \u00e0 ses co\u00e9quipiers ainsi qu\u2019\u00e0 l\u2019ensemble du club de Monaco. Dans ces circonstances douloureuses c\u2019est toute la famille du basket fran\u00e7ais qui est touch\u00e9e et se montre solidaire de celles et ceux affect\u00e9s par cette perte brutale\u00bb, a r\u00e9agi la F\u00e9d\u00e9ration Fran\u00e7aise de Basketball dans un communiqu\u00e9.<\/p>\n<p class=\"fig-paragraph\">Pour lui rendre hommage, la FFBB annonce qu\u2019une minute de silence sera effectu\u00e9e lors de la prochaine journ\u00e9e de championnat. \u00abCette minute de recueillement sera \u00e9galement respect\u00e9e avant\u00a0<a href=\"http:\/\/www.lefigaro.fr\/sports\/basket\/basket-f-le-gros-coup-de-tarbes-qui-renverse-basket-landes-en-finale-aller-20250510\" data-fig-type=\"NewsFlash\" data-gtm-custom-categorie=\"navigation\" data-gtm-custom-action=\"crossclick\" data-gtm-custom-label=\"Contextuel\" data-gtm-event=\"customEventSPE\" data-fig-domain=\"LEFIGARO\" target=\"_blank\" rel=\"noopener\">la finale retour de La Boulang\u00e8re Wonderligue<\/a> , en signe de solidarit\u00e9 et de respect\u00bb, poursuit le communiqu\u00e9.<\/p>\n","protected":false},"excerpt":{"rendered":"Apr\u00e8s le d\u00e9c\u00e8s d\u2019un jeune joueur de l\u2019AS Monaco survenu samedi dans un accident de la route, la&hellip;\n","protected":false},"author":2,"featured_media":94820,"comment_status":"","ping_status":"","sticky":false,"template":"","format":"standard","meta":{"footnotes":""},"categories":[1414],"tags":[7540,2190,1465,1464,2180,2192,814,64,450,2183,1011,27,2191,2193,820,2181,2182,2189,2186,2184,2185,1980,60,2188,2187],"class_list":{"0":"post-94819","1":"post","2":"type-post","3":"status-publish","4":"format-standard","5":"has-post-thumbnail","7":"category-basket","8":"tag-as-monaco-basket","9":"tag-asvel","10":"tag-basket","11":"tag-basketball","12":"tag-championnats-deurope","13":"tag-cholet","14":"tag-direct","15":"tag-equipe-de-france","16":"tag-euro","17":"tag-euroligue","18":"tag-fr","19":"tag-france","20":"tag-le-mans","21":"tag-limoges","22":"tag-live","23":"tag-mondial","24":"tag-nba","25":"tag-photos","26":"tag-play-offs","27":"tag-pro-a","28":"tag-pro-b","29":"tag-resultats","30":"tag-sports","31":"tag-statistiques","32":"tag-stats"},"share_on_mastodon":{"url":"https:\/\/pubeurope.com\/@fr\/114496190769690911","error":""},"_links":{"self":[{"href":"https:\/\/www.europesays.com\/fr\/wp-json\/wp\/v2\/posts\/94819","targetHints":{"allow":["GET"]}}],"collection":[{"href":"https:\/\/www.europesays.com\/fr\/wp-json\/wp\/v2\/posts"}],"about":[{"href":"https:\/\/www.europesays.com\/fr\/wp-json\/wp\/v2\/types\/post"}],"author":[{"embeddable":true,"href":"https:\/\/www.europesays.com\/fr\/wp-json\/wp\/v2\/users\/2"}],"replies":[{"embeddable":true,"href":"https:\/\/www.europesays.com\/fr\/wp-json\/wp\/v2\/comments?post=94819"}],"version-history":[{"count":0,"href":"https:\/\/www.europesays.com\/fr\/wp-json\/wp\/v2\/posts\/94819\/revisions"}],"wp:featuredmedia":[{"embeddable":true,"href":"https:\/\/www.europesays.com\/fr\/wp-json\/wp\/v2\/media\/94820"}],"wp:attachment":[{"href":"https:\/\/www.europesays.com\/fr\/wp-json\/wp\/v2\/media?parent=94819"}],"wp:term":[{"taxonomy":"category","embeddable":true,"href":"https:\/\/www.europesays.com\/fr\/wp-json\/wp\/v2\/categories?post=94819"},{"taxonomy":"post_tag","embeddable":true,"href":"https:\/\/www.europesays.com\/fr\/wp-json\/wp\/v2\/tags?post=94819"}],"curies":[{"name":"wp","href":"https:\/\/api.w.org\/{rel}","templated":true}]}}