{"id":94825,"date":"2025-05-12T18:08:10","date_gmt":"2025-05-12T18:08:10","guid":{"rendered":"https:\/\/www.europesays.com\/fr\/94825\/"},"modified":"2025-05-12T18:08:10","modified_gmt":"2025-05-12T18:08:10","slug":"jour-de-deuil-aux-championnats-departementaux-a-aigurande","status":"publish","type":"post","link":"https:\/\/www.europesays.com\/fr\/94825\/","title":{"rendered":"jour de deuil aux championnats d\u00e9partementaux \u00e0 Aigurande"},"content":{"rendered":"<p>Karine Aubrun \u00e9tait tr\u00e8s \u00e9mue avant le baisser de drapeau de la course des championnats de l\u2019Indre des 1re\u00a0et 2e\u00a0cat\u00e9gories, ce dimanche 11\u00a0mai 2025, \u00e0 Aigurande. Au bord des larmes, la pr\u00e9sidente de l\u2019UC Aigurande (UCA) demandait aux coureurs des applaudissements \u00e0 la m\u00e9moire de Pascal Marchet, d\u00e9c\u00e9d\u00e9 cinq jours auparavant \u00e0 l\u2019\u00e2ge de 60\u00a0ans. Originaire de Ligni\u00e8res (Cher), issu d\u2019une grande famille de cyclistes, il avait longtemps couru sous le maillot du club local, puis \u00e0 Ch\u00e2teaumeillant, Bourges et Culan, jusqu\u2019en 1re\u00a0cat\u00e9gorie FFC.<\/p>\n<p>Pascal \u00e9tait un super copain, sa disparition me bouleverse<\/p>\n<p><strong>Karine Aubrun, pr\u00e9sidente de l\u2019UC Aigurande<\/strong><\/p>\n<p>Avec l\u2019\u00e2ge, il avait rejoint le peloton de l\u2019Ufolep sous les couleurs d\u2019Aumance Tron\u00e7ais (Allier). Il \u00e9tait (presque) toujours sur un v\u00e9lo\u00a0: c\u2019\u00e9tait son moyen de locomotion pour livrer des exemplaires de notre confr\u00e8re du Berry r\u00e9publicain dans Ligni\u00e8res. \u00ab\u00a0Pascal \u00e9tait un super copain, on a partag\u00e9 tant de bons moments sur la route, on le voyait arriver au volant de sa fid\u00e8le 205 rouge\u2026 Sa disparition me bouleverse, c\u2019est un choc pour moi car il aurait d\u00fb \u00eatre des n\u00f4tres ce dimanche, soulignait Karine Aubrun. Il ne ratait aucune course \u00e0 Aigurande, il \u00e9tait toujours heureux de courir chez nous\u00a0\u00bb. Danielle Aubrun, la m\u00e8re de Karine, ajoutait\u00a0: \u00ab\u00a0Mon mari a cr\u00e9\u00e9 le club en 1985 et Pascal participait d\u00e9j\u00e0 \u00e0 nos premi\u00e8res organisations\u00a0\u00bb.<\/p>\n<p>La pr\u00e9sidente esquissait un sourire m\u00e9lancolique en rapportant cette anecdote\u00a0: \u00ab\u00a0On le surnommait \u201c\u00a0Tic-Tac\u00a0\u201d, parce que, dans les c\u00f4tes, lorsqu\u2019il se mettait en danseuse, il penchait \u00e0 droite, \u00e0 gauche, \u00e0 droite, \u00e0 gauche\u2026 Il n\u2019aimait pas qu\u2019on l\u2019appelle comme \u00e7a, seuls les intimes pouvaient se le permettre\u00a0\u00bb.<\/p>\n<p>Des championnats en petit comit\u00e9<\/p>\n<p>Pascal Marchet aurait s\u00fbrement d\u00e9plor\u00e9 la faible participation \u00e0 ces comp\u00e9titions (ouvertes aux licenci\u00e9s hors d\u00e9partement) due, selon les dirigeants de l\u2019UCA, \u00e0 la difficult\u00e9 du parcours, digne d\u2019un championnat, avec une c\u00f4te s\u00e9lective d\u2019environ un kilom\u00e8tre\u00a0: 61 inscrits pour l\u2019ensemble des cat\u00e9gories et seulement 43 sur la ligne de d\u00e9part puisque l\u2019annonce d\u2019une m\u00e9t\u00e9o ex\u00e9crable avait incit\u00e9 certains \u00e0 regarder Vivement dimanche et Michel Drucker dans leur canap\u00e9. \u00ab\u00a0On est un peu d\u00e9\u00e7us, glissait Karine Aubrun. Mais les plus forts \u00e9taient l\u00e0\u00a0\u00bb.<\/p>\n<p><img alt=\"Tristan Reulier (VC Le Blanc) a remport\u00e9 l\u2019\u00e9preuve des 1re\u00a0et 2e\u00a0cat\u00e9gories sur une chauss\u00e9e d\u00e9tremp\u00e9e.\" loading=\"lazy\" width=\"980\" height=\"573\" decoding=\"async\" data-nimg=\"1\" class=\"img-responsive spinner-show\" style=\"color:transparent;background-size:cover;background-position:50% 50%;background-repeat:no-repeat;background-image:url(&quot;data:image\/svg+xml;charset=utf-8,%3Csvg xmlns=\" http:=\"\" viewbox=\"0 0 980 573\" id=\"b\" color-interpolation-filters=\"sRGB\" stddeviation=\"20\" values=\"1 0 0 0 0 0 1 0 0 0 0 0 1 0 0 0 0 0 100 -1\" result=\"s\" x=\"0\" y=\"0\" operator=\"out\" in=\"s\" in2=\"SourceGraphic\" preserveaspectratio=\"none\" href=\"https:\/\/images.lanouvellerepublique.fr\/image\/upload\/t_88w\/f_auto\/6822085dd07a66ed258b457b.jpg\"   src=\"https:\/\/www.europesays.com\/fr\/wp-content\/uploads\/2025\/05\/6822085dd07a66ed258b457b.jpg\"\/><\/p>\n<p style=\"background-color:#F2F2F2;padding:5px;margin-top:0px;margin-bottom:10px\">Tristan Reulier (VC Le Blanc) a remport\u00e9 l\u2019\u00e9preuve des 1re\u00a0et 2e\u00a0cat\u00e9gories sur une chauss\u00e9e d\u00e9tremp\u00e9e.<br \/> \u00a9 (Photo NR)<\/p>\n<p><strong>Les r\u00e9sultats<\/strong><\/p>\n<p><strong>1re\u00a0cat\u00e9gorie\u00a0:<\/strong> 1. Griffon (VC Le Blanc), les 72,8\u00a0km en 1\u00a0h\u00a049\u2019\u00a035\u00a0; 2. Chapin (UC Martizay)\u00a0; 3. Viaud (AVC Ch\u00e2teauroux).<br \/><strong>2e\u00a0cat\u00e9gorie<\/strong>\u00a0: 1. Reulier (VC Le Blanc), les 72,8\u00a0km en 1\u00a0h\u00a049\u2019\u00a013\u00a0; 2. Dubois (UC Martizay)\u00a0; 3. Nack (VTT les Petits mollets, Tendu).<br \/><strong>3e\u00a0cat\u00e9gorie<\/strong>\u00a0: 1. Feignon (VC Le Blanc), les 61,6\u00a0km en 1\u00a0h\u00a045\u2019\u00a008\u00a0; 2. Sicault (UC Aigurande)\u00a0; 3. Richard (Ch\u00e2teauroux m\u00e9tropole).<br \/><strong>4e\u00a0cat\u00e9gorie<\/strong>\u00a0: 1. Ducoux (AC Chasseneuil), les 56\u00a0km en 1\u00a0h\u00a050\u2019\u00a040\u00a0; 2. Chenafi (VS Pouligny-Notre-Dame)\u00a0; 3. Michenet (Sud Touraine Loches).<\/p>\n<p>Les obs\u00e8ques de Pascal Marchet seront c\u00e9l\u00e9br\u00e9es le mardi 13\u00a0mai, \u00e0 10 heures, en l\u2019\u00e9glise de Ligni\u00e8res (Cher).<\/p>\n","protected":false},"excerpt":{"rendered":"Karine Aubrun \u00e9tait tr\u00e8s \u00e9mue avant le baisser de drapeau de la course des championnats de l\u2019Indre des&hellip;\n","protected":false},"author":2,"featured_media":94826,"comment_status":"","ping_status":"","sticky":false,"template":"","format":"standard","meta":{"footnotes":""},"categories":[1411],"tags":[20746,1154,207,1011,27,5052,60],"class_list":{"0":"post-94825","1":"post","2":"type-post","3":"status-publish","4":"format-standard","5":"has-post-thumbnail","7":"category-cyclisme","8":"tag-aigurande","9":"tag-cycling","10":"tag-cyclisme","11":"tag-fr","12":"tag-france","13":"tag-indre","14":"tag-sports"},"share_on_mastodon":{"url":"https:\/\/pubeurope.com\/@fr\/114496202641923037","error":""},"_links":{"self":[{"href":"https:\/\/www.europesays.com\/fr\/wp-json\/wp\/v2\/posts\/94825","targetHints":{"allow":["GET"]}}],"collection":[{"href":"https:\/\/www.europesays.com\/fr\/wp-json\/wp\/v2\/posts"}],"about":[{"href":"https:\/\/www.europesays.com\/fr\/wp-json\/wp\/v2\/types\/post"}],"author":[{"embeddable":true,"href":"https:\/\/www.europesays.com\/fr\/wp-json\/wp\/v2\/users\/2"}],"replies":[{"embeddable":true,"href":"https:\/\/www.europesays.com\/fr\/wp-json\/wp\/v2\/comments?post=94825"}],"version-history":[{"count":0,"href":"https:\/\/www.europesays.com\/fr\/wp-json\/wp\/v2\/posts\/94825\/revisions"}],"wp:featuredmedia":[{"embeddable":true,"href":"https:\/\/www.europesays.com\/fr\/wp-json\/wp\/v2\/media\/94826"}],"wp:attachment":[{"href":"https:\/\/www.europesays.com\/fr\/wp-json\/wp\/v2\/media?parent=94825"}],"wp:term":[{"taxonomy":"category","embeddable":true,"href":"https:\/\/www.europesays.com\/fr\/wp-json\/wp\/v2\/categories?post=94825"},{"taxonomy":"post_tag","embeddable":true,"href":"https:\/\/www.europesays.com\/fr\/wp-json\/wp\/v2\/tags?post=94825"}],"curies":[{"name":"wp","href":"https:\/\/api.w.org\/{rel}","templated":true}]}}