{"id":94831,"date":"2025-05-12T18:11:11","date_gmt":"2025-05-12T18:11:11","guid":{"rendered":"https:\/\/www.europesays.com\/fr\/94831\/"},"modified":"2025-05-12T18:11:11","modified_gmt":"2025-05-12T18:11:11","slug":"ne-decorez-plus-votre-salon-avec-ces-couleurs-cest-un-crime","status":"publish","type":"post","link":"https:\/\/www.europesays.com\/fr\/94831\/","title":{"rendered":"Ne d\u00e9corez plus votre salon avec ces couleurs, c&rsquo;est un crime !"},"content":{"rendered":"\n<p>\u00c0 chaque nouvelle ann\u00e9e, ses tendances d\u00e9co in\u00e9dites. En 2025, les aficionados de l\u00a0\u00bbam\u00e9nagement int\u00e9rieur voient les tendances d\u00e9co se transformer. Certaines sont carr\u00e9ment surprenantes ! Nos confr\u00e8res britanniques du m\u00e9dia Ideal Home ont d&rsquo;ailleurs r\u00e9cemment d\u00e9voil\u00e9 les trois couleurs \u00e0 bannir absolument du salon&#8230; et par quelles teintes les remplacer. Vous n&rsquo;allez pas en croire vos yeux !<\/p>\n<p>    Salon : ces couleurs auxquelles nous faisons nos adieux en 2025 <\/p>\n<p>Pi\u00e8ce \u00e0<strong> \u00e9nergie basse<\/strong>, la d\u00e9coration du salon n&rsquo;est pas la plus simple de la maison. En effet, pour que cette pi\u00e8ce soit \u00e0 la fois conviviale, reposante, mais aussi dynamique selon les occasions, <strong>les choix sont plut\u00f4t limit\u00e9s<\/strong>. Afin de ne prendre aucun risque, on a souvent tendance \u00e0 <a href=\"https:\/\/www.lejournaldelamaison.fr\/le-journal-de-la-maison\/nouveautes\/tendances\/tendances-deco\/adieu-bleu-canard-beige-terracotta-nouvelles-couleurs-498421.html\" rel=\"nofollow noopener\" target=\"_blank\">peindre les murs en beige<\/a>, en gris, en blanc ou dans une autre couleur neutre.<\/p>\n<p>Cependant, non seulement <strong>la peinture n&rsquo;est plus la seule option<\/strong> pour parer la pi\u00e8ce \u00e0 vivre, mais en plus les couleurs neutres ne sont <strong>plus du tout les bienvenues<\/strong>. Alors, par quelles nuances les remplacer, sans risquer ce <a href=\"https:\/\/www.lejournaldelamaison.fr\/le-journal-de-la-maison\/conseils-de-pro\/objets-vieillissent-mal-maison-490960.html\" rel=\"nofollow noopener\" target=\"_blank\">sentiment de lassitude<\/a> au bout de quelques semaines ?<\/p>\n<p>    Salon : pr\u00eat \u00e0 accueillir la tendance du\u00a0jaune beurre\u00a0? <\/p>\n<p>Il y a encore quelques ann\u00e9es, le gris \u00e9tait sans conteste <strong>LA couleur id\u00e9ale pour le salon<\/strong>. M\u00eame les plus grands experts \u00e9taient d&rsquo;accord pour dire qu&rsquo;elle \u00e9tait ni trop fade, ni trop p\u00e9tante, et qu&rsquo;elle \u00e9tait<strong> une excellente toile de fond<\/strong> pour une d\u00e9coration libre et\u00a0multistyles. Seulement voil\u00e0, en 2025, <a href=\"https:\/\/www.lejournaldelamaison.fr\/le-journal-de-la-maison\/nouveautes\/tendances\/gris-ringard-adieu-453771.html\" rel=\"nofollow noopener\" target=\"_blank\">le gris est has been<\/a>.<\/p>\n<p>Pour la remplacer, <strong>les teintes chaudes<\/strong> comme <a href=\"https:\/\/www.lejournaldelamaison.fr\/le-journal-de-la-maison\/nouveautes\/tendances\/tendances-deco\/terracotta-les-couleurs-a-associer-avec-cette-teinte-ultra-tendance-454095.html\" rel=\"nofollow noopener\" target=\"_blank\">le terracotta ou le bordeaux<\/a> sont id\u00e9ales selon les architectes. Ces nuances feraient du salon une <strong>\u00e9treinte chaleureuse et r\u00e9confortante<\/strong>, sans dominer de trop. D&rsquo;ailleurs, souvenez-vous, la couleur Cherry Red a \u00e9t\u00e9 nomm\u00e9e dans <a href=\"https:\/\/www.lejournaldelamaison.fr\/le-journal-de-la-maison\/nouveautes\/tendances\/tendances-deco\/2025-couleurs-adopter-selon-pinterest-elles-sinvitent-directement-refrigerateur-interieurs-502859.html\" rel=\"nofollow noopener\" target=\"_blank\">le rapport Pinterest Predicts<\/a> pour \u00eatre une teinte phare de l&rsquo;ann\u00e9e 2025.<\/p>\n<p>        Salon : cap vers les motifs et le Marine <\/p>\n<p>Le beige, quant \u00e0 lui, <strong>annonc\u00e9 grand perdant depuis quelque temps<\/strong>, se voit une nouvelle fois relay\u00e9 au rang des tendances \u00e0 oublier. Et la couleur qui prend sa place risque de vous surprendre : <strong>c\u2019est le jaune beurre<\/strong>.\u00a0D\u00e9crit comme le \u00ab\u00a0nouveau neutre ultime\u00a0\u00bb, le\u00a0jaune beurre\u00a0ne se place pas sur l&rsquo;enti\u00e8ret\u00e9 d&rsquo;un mur, mais en grosses touches. N&rsquo;ayez crainte de <a href=\"https:\/\/www.lejournaldelamaison.fr\/le-journal-de-la-maison\/selection-decoration\/meubles-objets-deco-salon\/canapes-tendance-pas-cher-506694.html\" rel=\"nofollow noopener\" target=\"_blank\">s\u00e9lectionner le canap\u00e9<\/a> du salon dans cette teinte, ou de<strong> jouer avec des moulures color\u00e9es<\/strong>. Un brin d&rsquo;audace, et vous obtenez un r\u00e9sultat canon !<\/p>\n<p>Pour finir, voici la couleur qu&rsquo;on ne veut plus voir <a href=\"https:\/\/www.lejournaldelamaison.fr\/le-journal-de-la-maison\/nouveautes\/produits\/tapis-colores-pour-le-printemps-477097.html\" rel=\"nofollow noopener\" target=\"_blank\">dans nos salons<\/a> (m\u00eame si certains discutent encore pour savoir si c\u2019en est vraiment une), on parle bien s\u00fbr du blanc. En 2025, les plus grands designers <strong>ne veulent plus de blanc dans la maison<\/strong> : on ajoute du caract\u00e8re et des motifs. Comment le remplacer ? Cette fois, le conseil est plut\u00f4t radical, par du bleu primaire. Si vous osez, un papier peint \u00e0 motifs et textur\u00e9 avec du bleu primaire serait parfait pour un salon audacieux. Dans le cas o\u00f9 cette couleur ne serait <strong>pas r\u00e9ellement votre tasse de th\u00e9<\/strong>, ajoutez-la, elle aussi, <strong>en touches pour commencer<\/strong> et misez sur des mat\u00e9riaux neutres et reposants, comme le bois clair.<\/p>\n","protected":false},"excerpt":{"rendered":"\u00c0 chaque nouvelle ann\u00e9e, ses tendances d\u00e9co in\u00e9dites. En 2025, les aficionados de l\u00a0\u00bbam\u00e9nagement int\u00e9rieur voient les tendances&hellip;\n","protected":false},"author":2,"featured_media":94832,"comment_status":"","ping_status":"","sticky":false,"template":"","format":"standard","meta":{"footnotes":""},"categories":[1358],"tags":[1348,1384,1385,1386,58,59,1011,27,6055,729],"class_list":{"0":"post-94831","1":"post","2":"type-post","3":"status-publish","4":"format-standard","5":"has-post-thumbnail","7":"category-arts-et-design","8":"tag-arts","9":"tag-arts-and-design","10":"tag-arts-et-design","11":"tag-design","12":"tag-divertissement","13":"tag-entertainment","14":"tag-fr","15":"tag-france","16":"tag-republishing","17":"tag-yout_video"},"share_on_mastodon":{"url":"https:\/\/pubeurope.com\/@fr\/114496214390990847","error":""},"_links":{"self":[{"href":"https:\/\/www.europesays.com\/fr\/wp-json\/wp\/v2\/posts\/94831","targetHints":{"allow":["GET"]}}],"collection":[{"href":"https:\/\/www.europesays.com\/fr\/wp-json\/wp\/v2\/posts"}],"about":[{"href":"https:\/\/www.europesays.com\/fr\/wp-json\/wp\/v2\/types\/post"}],"author":[{"embeddable":true,"href":"https:\/\/www.europesays.com\/fr\/wp-json\/wp\/v2\/users\/2"}],"replies":[{"embeddable":true,"href":"https:\/\/www.europesays.com\/fr\/wp-json\/wp\/v2\/comments?post=94831"}],"version-history":[{"count":0,"href":"https:\/\/www.europesays.com\/fr\/wp-json\/wp\/v2\/posts\/94831\/revisions"}],"wp:featuredmedia":[{"embeddable":true,"href":"https:\/\/www.europesays.com\/fr\/wp-json\/wp\/v2\/media\/94832"}],"wp:attachment":[{"href":"https:\/\/www.europesays.com\/fr\/wp-json\/wp\/v2\/media?parent=94831"}],"wp:term":[{"taxonomy":"category","embeddable":true,"href":"https:\/\/www.europesays.com\/fr\/wp-json\/wp\/v2\/categories?post=94831"},{"taxonomy":"post_tag","embeddable":true,"href":"https:\/\/www.europesays.com\/fr\/wp-json\/wp\/v2\/tags?post=94831"}],"curies":[{"name":"wp","href":"https:\/\/api.w.org\/{rel}","templated":true}]}}