{"id":94838,"date":"2025-05-12T18:15:08","date_gmt":"2025-05-12T18:15:08","guid":{"rendered":"https:\/\/www.europesays.com\/fr\/94838\/"},"modified":"2025-05-12T18:15:08","modified_gmt":"2025-05-12T18:15:08","slug":"video-avec-son-camion-casting-theo-fernandez-les-tuche-veut-reveler-les-talents-de-demain","status":"publish","type":"post","link":"https:\/\/www.europesays.com\/fr\/94838\/","title":{"rendered":"VID\u00c9O. Avec son camion casting, Th\u00e9o Fernandez (Les Tuche) veut r\u00e9v\u00e9ler les talents de demain"},"content":{"rendered":"<p class=\"paragraph text_align_left\">\u00ab\u00a0Vous avec tous un texte de moins d\u2019une minute\u00a0?\u00a0\u00bb Debout sur son camion, m\u00e9gaphone en main, <a href=\"https:\/\/www.leparisien.fr\/culture-loisirs\/cinema\/les-tuche-cest-une-chance-films-series-cesar-les-enfants-de-jeff-et-cathy-ont-bien-grandi-04-02-2025-ZJEWBFXXOFBSRIAFZ7XAZI465Y.php\" target=\"_self\" rel=\"nofollow noopener\">Th\u00e9o Fernandez<\/a> donne les derni\u00e8res consignes \u00e0 la longue file d\u2019attente, pr\u00e9sente ce vendredi 9\u00a0mai \u00e0 Lille, devant la gare Lille Europe. C\u2019est ici, que l\u2019acteur c\u00e9l\u00e8bre pour son r\u00f4le de Donald dans \u00ab\u00a0Les Tuche\u00a0\u00bb lance la premi\u00e8re \u00e9dition de son \u00ab\u00a0camion casting\u00a0\u00bb.<\/p>\n<p class=\"paragraph text_align_left\">La promesse du com\u00e9dien de 26 ans\u00a0: \u00ab\u00a0Aller dans toute la France rencontrer tous ceux qui veulent jouer devant une cam\u00e9ra et leur donner une chance devant un directeur de casting de leur r\u00e9gion\u00a0\u00bb.<\/p>\n<p>\u00ab\u00a0J\u2019aimerais t\u2019avoir dans mes fichiers\u00a0\u00bb<\/p>\n<p class=\"paragraph text_align_left\">Les poings serr\u00e9s sous les spots du camion, Noah d\u00e9clame des r\u00e9pliques de Timoth\u00e9e Chalamet dans le film Beautiful Boy (2018) et tape dans l\u2019\u0153il de la directrice de casting, Marie Abidine. \u00ab\u00a0Bravo, je t\u2019encourage vraiment \u00e0 continuer (\u2026) et j\u2019aimerais t\u2019avoir dans mes fichiers\u00a0\u00bb, le f\u00e9licite la casteuse.<\/p>\n<p class=\"paragraph text_align_left\">\u00ab\u00a0J\u2019avoue que \u00e7a m\u2019\u00e9meut\u00a0\u00bb, nous confie le jeune homme de 18 ans venu d\u2019Arras. \u00ab\u00a0Je n\u2019ai pas l\u2019occasion de tomber sur beaucoup de castings dans ma r\u00e9gion donc avoir ce camion donc avoir ce camion qui donne une opportunit\u00e9 \u00e0 tout le monde, c\u2019est cool\u00a0\u00bb.<\/p>\n<p><img decoding=\"async\" class=\"image \" loading=\"lazy\" src=\"https:\/\/www.europesays.com\/fr\/wp-content\/uploads\/2025\/05\/XNUMB6CQ2ZDZJEFRP6OO66Q4MU.jpg\" alt=\"\u00ab Je d\u00e9clare la premi\u00e8re \u00e9dition du camion casting ouverte \u00bb, lance Th\u00e9o Fernandez devant la foule pr\u00e9sente sur le parvis de la gare Lille-Europe, \u00e0 Lille\" align=\"\" data-rubrique-principale=\"\" data-article-type=\"\" fetchpriority=\"auto\"\/>\u00ab Je d\u00e9clare la premi\u00e8re \u00e9dition du camion casting ouverte \u00bb, lance Th\u00e9o Fernandez devant la foule pr\u00e9sente sur le parvis de la gare Lille-Europe, \u00e0 Lille<\/p>\n<p class=\"paragraph text_align_left\">Pour d\u2019autres, ce casting \u00e9tait l\u2019occasion de \u00ab\u00a0faire un essai\u00a0\u00bb ou de prendre une photo avec \u00ab\u00a0Coin-Coin\u00a0\u00bb, un surnom donn\u00e9 \u00e0 Th\u00e9o Fernandez, en r\u00e9f\u00e9rence <a href=\"https:\/\/www.leparisien.fr\/culture-loisirs\/cinema\/god-save-the-tuche-on-a-vu-le-cinquieme-opus-de-la-saga-realise-par-jean-paul-rouve-et-il-est-tres-reussi-12-01-2025-JADI6PIF4BE3XKNCZ6RCHXQRF4.php\" target=\"_self\" rel=\"nofollow noopener\">au film \u00ab\u00a0Les Tuche\u00a0\u00bb.<\/a> \u00ab\u00a0Les Tuche, c\u2019est du cin\u00e9ma populaire et c\u2019est ce qui me parle (\u2026) le camion casting c\u2019est un peu pareil, \u00e7a d\u00e9centralise et \u00e7a brise l\u2019\u00e9litisme\u00a0\u00bb, d\u00e9veloppe l\u2019acteur.<\/p>\n<p class=\"paragraph text_align_left\">Au total sur la journ\u00e9e, 280 personnes se sont pr\u00e9sent\u00e9es au camion, un \u00e9v\u00e9nement gratuit financ\u00e9 par les b\u00e9n\u00e9fices g\u00e9n\u00e9r\u00e9s par Anyone, l\u2019\u00e9cole d\u2019acting en ligne cr\u00e9\u00e9e par Th\u00e9o Fernandez. \u00ab\u00a0C\u2019\u00e9tait un bon test\u00a0! On va le refaire\u00a0!\u00a0\u00bb, promet l\u2019artiste.<\/p>\n","protected":false},"excerpt":{"rendered":"\u00ab\u00a0Vous avec tous un texte de moins d\u2019une minute\u00a0?\u00a0\u00bb Debout sur son camion, m\u00e9gaphone en main, Th\u00e9o Fernandez&hellip;\n","protected":false},"author":2,"featured_media":94839,"comment_status":"","ping_status":"","sticky":false,"template":"","format":"standard","meta":{"footnotes":""},"categories":[1354],"tags":[872,58,59,1346,1011,27,1360,133,2955],"class_list":{"0":"post-94838","1":"post","2":"type-post","3":"status-publish","4":"format-standard","5":"has-post-thumbnail","7":"category-films","8":"tag-culture-et-loisirs","9":"tag-divertissement","10":"tag-entertainment","11":"tag-films","12":"tag-fr","13":"tag-france","14":"tag-movies","15":"tag-video","16":"tag-videos"},"share_on_mastodon":{"url":"https:\/\/pubeurope.com\/@fr\/114496230162980968","error":""},"_links":{"self":[{"href":"https:\/\/www.europesays.com\/fr\/wp-json\/wp\/v2\/posts\/94838","targetHints":{"allow":["GET"]}}],"collection":[{"href":"https:\/\/www.europesays.com\/fr\/wp-json\/wp\/v2\/posts"}],"about":[{"href":"https:\/\/www.europesays.com\/fr\/wp-json\/wp\/v2\/types\/post"}],"author":[{"embeddable":true,"href":"https:\/\/www.europesays.com\/fr\/wp-json\/wp\/v2\/users\/2"}],"replies":[{"embeddable":true,"href":"https:\/\/www.europesays.com\/fr\/wp-json\/wp\/v2\/comments?post=94838"}],"version-history":[{"count":0,"href":"https:\/\/www.europesays.com\/fr\/wp-json\/wp\/v2\/posts\/94838\/revisions"}],"wp:featuredmedia":[{"embeddable":true,"href":"https:\/\/www.europesays.com\/fr\/wp-json\/wp\/v2\/media\/94839"}],"wp:attachment":[{"href":"https:\/\/www.europesays.com\/fr\/wp-json\/wp\/v2\/media?parent=94838"}],"wp:term":[{"taxonomy":"category","embeddable":true,"href":"https:\/\/www.europesays.com\/fr\/wp-json\/wp\/v2\/categories?post=94838"},{"taxonomy":"post_tag","embeddable":true,"href":"https:\/\/www.europesays.com\/fr\/wp-json\/wp\/v2\/tags?post=94838"}],"curies":[{"name":"wp","href":"https:\/\/api.w.org\/{rel}","templated":true}]}}