{"id":94848,"date":"2025-05-12T18:20:10","date_gmt":"2025-05-12T18:20:10","guid":{"rendered":"https:\/\/www.europesays.com\/fr\/94848\/"},"modified":"2025-05-12T18:20:10","modified_gmt":"2025-05-12T18:20:10","slug":"trump-promet-de-reduire-drastiquement-le-prix-des-medicaments-aux-etats-unis-actualites","status":"publish","type":"post","link":"https:\/\/www.europesays.com\/fr\/94848\/","title":{"rendered":"Trump promet de r\u00e9duire drastiquement le prix des m\u00e9dicaments aux Etats-Unis : Actualit\u00e9s"},"content":{"rendered":"<p class=\"lead \">Le pr\u00e9sident am\u00e9ricain Donald Trump a annonc\u00e9 lundi un plan pour r\u00e9duire drastiquement le prix des m\u00e9dicaments aux Etats-Unis, o\u00f9 ils sont bien plus on\u00e9reux qu&rsquo;\u00e0 l&rsquo;\u00e9tranger, accusant \u00e0 cette occasion les pays europ\u00e9ens d&rsquo;\u00eatre en grande partie responsables de ces \u00e9carts.<\/p>\n<p class=\"lead \">\u00ab\u00a0Les prix de certains m\u00e9dicaments sur ordonnance et produits pharmaceutiques baisseront presque imm\u00e9diatement de 50 \u00e0 80 ou \u00e0 90%\u00a0\u00bb, a clam\u00e9 le r\u00e9publicain lors d&rsquo;une conf\u00e9rence de presse \u00e0 la Maison Blanche.<\/p>\n<p class=\"lead \">Et d&rsquo;assurer: \u00ab\u00a0l&rsquo;Europe va devoir payer un peu plus, le reste du monde va devoir payer un peu plus et l&rsquo;Am\u00e9rique va payer beaucoup moins\u00a0\u00bb.<\/p>\n<p class=\"lead \">Des r\u00e9ductions spectaculaires qu&rsquo;il compte obtenir principalement par le biais de n\u00e9gociations directes avec les groupes pharmaceutiques, qui se sont pourtant montr\u00e9s dans le pass\u00e9 oppos\u00e9s \u00e0 de telles politiques.<\/p>\n<p class=\"lead \">\u00ab\u00a0Big Pharma se conformera soit volontairement \u00e0 ce principe, soit (nous utiliserons) le pouvoir du gouvernement f\u00e9d\u00e9ral pour garantir que nous payons le m\u00eame prix que les autres pays\u00a0\u00bb, a d\u00e9clar\u00e9 le pr\u00e9sident, tout en prenant la d\u00e9fense de cette industrie.<\/p>\n<p class=\"lead \">\u00ab\u00a0Ce sont vraiment les pays qui ont forc\u00e9 les grandes soci\u00e9t\u00e9s pharmaceutiques\u00a0\u00bb, a-t-il ainsi estim\u00e9, accusant l&rsquo;Union europ\u00e9enne d&rsquo;avoir \u00e9t\u00e9 \u00ab\u00a0brutale\u00a0\u00bb dans la n\u00e9gociation des prix appliqu\u00e9s sur son territoire, for\u00e7ant ainsi selon lui les groupes \u00e0 les augmenter aux Etats-Unis. \u00ab\u00a0Je ne jette pas la pierre aux laboratoires pharmaceutiques. Je m&rsquo;en prends davantage aux pays\u00a0\u00bb, a-t-il encore affirm\u00e9.<\/p>\n<p class=\"lead \">&#8211; Ecarts &#8211;<\/p>\n<p class=\"lead \">Les prix des m\u00e9dicaments aux Etats-Unis figurent parmi les plus \u00e9lev\u00e9s du monde et surpassent ceux appliqu\u00e9s dans les pays frontaliers (Canada et Mexique) et en Europe.<\/p>\n<p class=\"lead \">Selon une \u00e9tude de la Rand Corporation, les Am\u00e9ricains payent ainsi en moyenne 2,5 fois plus pour les m\u00e9dicaments sur ordonnance que les Fran\u00e7ais par exemple. Donald Trump s&rsquo;\u00e9tait engag\u00e9 \u00e0 r\u00e9duire cet \u00e9cart au cours de sa campagne pr\u00e9sidentielle.<\/p>\n<p class=\"lead \">Les laboratoires pharmaceutiques justifient notamment ces \u00e9carts par la n\u00e9cessit\u00e9 de financer leurs travaux de recherche et de d\u00e9veloppement, afin de permettre la d\u00e9couverte de nouveaux traitements. Ce \u00e0 quoi Washington r\u00e9torque qu&rsquo;elle ne peut contribuer \u00e0 elle seule.<\/p>\n<p class=\"lead \">Le plan annonc\u00e9 lundi reprend notamment un m\u00e9canisme visant \u00e0 aligner les prix am\u00e9ricains avec les plus bas appliqu\u00e9s dans d&rsquo;autres pays d\u00e9velopp\u00e9s. Donald Trump avait tent\u00e9 de le mettre en oeuvre lors de son premier mandat mais s&rsquo;\u00e9tait heurt\u00e9 \u00e0 l&rsquo;opposition de l&rsquo;industrie pharmaceutique.<\/p>\n<p class=\"lead \">Cette fois, la Maison Blanche envisage une s\u00e9rie de mesures de coercition ainsi que l&rsquo;import de produits pharmaceutiques depuis des pays d\u00e9velopp\u00e9s o\u00f9 les prix sont plus bas.<\/p>\n<p class=\"lead \">Mi-avril, Donald Trump avait d\u00e9j\u00e0 sign\u00e9 un premier d\u00e9cret ordonnant \u00e0 son administration de travailler \u00e0 une s\u00e9rie de mesures pour faire baisser les prix des m\u00e9dicaments. Rien n&rsquo;assure pour autant qu&rsquo;elles se traduisent par une baisse des prix pour les Am\u00e9ricains, du moins dans l&rsquo;imm\u00e9diat.<\/p>\n<p class=\"lead \">Les n\u00e9gociations men\u00e9es par l&rsquo;assurance-sant\u00e9 publique des plus de 65 ans, \u00ab\u00a0Medicare\u00a0\u00bb, sur les prix de certains m\u00e9dicaments sont des processus au long cours et les prix r\u00e9duits n\u00e9goci\u00e9s par l&rsquo;ancien pr\u00e9sident Joe Biden &#8211; qui a \u00e9galement men\u00e9 une offensive en la mati\u00e8re &#8211; ne s&rsquo;appliqueront par exemple qu&rsquo;en 2026.<\/p>\n<p class=\"lead \">Le m\u00e9contentement des m\u00e9nages face \u00e0 l&rsquo;inflation des ann\u00e9es 2022-2023 a \u00e9t\u00e9 analys\u00e9 comme l&rsquo;une des raisons de la r\u00e9\u00e9lection de Donald Trump. Mais sa politique de guerre commerciale qui a consist\u00e9 ces derniers mois \u00e0 augmenter les droits de douane impos\u00e9s aux importations am\u00e9ricaines fait craindre une nouvelle hausse des prix.<\/p>\n<p class=\"small font-weight-bold text-gray3 \"> publi\u00e9 le 12 mai \u00e0 18h33, AFP<\/p>\n<p>                             Partager<\/p>\n","protected":false},"excerpt":{"rendered":"Le pr\u00e9sident am\u00e9ricain Donald Trump a annonc\u00e9 lundi un plan pour r\u00e9duire drastiquement le prix des m\u00e9dicaments aux&hellip;\n","protected":false},"author":2,"featured_media":94849,"comment_status":"","ping_status":"","sticky":false,"template":"","format":"standard","meta":{"footnotes":""},"categories":[6],"tags":[35,215,33,34,1011,27,20710,693,9345,20709,15299,316,585,308],"class_list":{"0":"post-94848","1":"post","2":"type-post","3":"status-publish","4":"format-standard","5":"has-post-thumbnail","7":"category-economie","8":"tag-business","9":"tag-commerce","10":"tag-economie","11":"tag-economy","12":"tag-fr","13":"tag-france","14":"tag-indicateur","15":"tag-industrie","16":"tag-inflation","17":"tag-mdicaments","18":"tag-pharmacie","19":"tag-politique","20":"tag-sant","21":"tag-usa"},"share_on_mastodon":{"url":"https:\/\/pubeurope.com\/@fr\/114496250002390354","error":""},"_links":{"self":[{"href":"https:\/\/www.europesays.com\/fr\/wp-json\/wp\/v2\/posts\/94848","targetHints":{"allow":["GET"]}}],"collection":[{"href":"https:\/\/www.europesays.com\/fr\/wp-json\/wp\/v2\/posts"}],"about":[{"href":"https:\/\/www.europesays.com\/fr\/wp-json\/wp\/v2\/types\/post"}],"author":[{"embeddable":true,"href":"https:\/\/www.europesays.com\/fr\/wp-json\/wp\/v2\/users\/2"}],"replies":[{"embeddable":true,"href":"https:\/\/www.europesays.com\/fr\/wp-json\/wp\/v2\/comments?post=94848"}],"version-history":[{"count":0,"href":"https:\/\/www.europesays.com\/fr\/wp-json\/wp\/v2\/posts\/94848\/revisions"}],"wp:featuredmedia":[{"embeddable":true,"href":"https:\/\/www.europesays.com\/fr\/wp-json\/wp\/v2\/media\/94849"}],"wp:attachment":[{"href":"https:\/\/www.europesays.com\/fr\/wp-json\/wp\/v2\/media?parent=94848"}],"wp:term":[{"taxonomy":"category","embeddable":true,"href":"https:\/\/www.europesays.com\/fr\/wp-json\/wp\/v2\/categories?post=94848"},{"taxonomy":"post_tag","embeddable":true,"href":"https:\/\/www.europesays.com\/fr\/wp-json\/wp\/v2\/tags?post=94848"}],"curies":[{"name":"wp","href":"https:\/\/api.w.org\/{rel}","templated":true}]}}