{"id":94856,"date":"2025-05-12T18:24:10","date_gmt":"2025-05-12T18:24:10","guid":{"rendered":"https:\/\/www.europesays.com\/fr\/94856\/"},"modified":"2025-05-12T18:24:10","modified_gmt":"2025-05-12T18:24:10","slug":"la-ricamarie-cet-ete-8-jeunes-iront-au-benin-participer-a-un-projet-solidaire","status":"publish","type":"post","link":"https:\/\/www.europesays.com\/fr\/94856\/","title":{"rendered":"La Ricamarie. Cet \u00e9t\u00e9, 8 jeunes iront au B\u00e9nin participer \u00e0 un projet solidaire"},"content":{"rendered":"<p>Le B\u00e9nin, c\u2019est un petit pays d\u2019Afrique de l\u2019ouest, de 14\u00a0millions d\u2019habitants, enclav\u00e9 entre le grand Nigeria et le Togo. C\u2019est l\u00e0, au c\u0153ur de l\u2019\u00e9cole primaire d\u2019Adjarra, commune du sud, que les jeunes ricamandois, quatre filles et quatre gar\u00e7ons, vont rejoindre huit jeunes b\u00e9ninois pour travailler, pendant deux semaines, du 1er \u00a0au 15\u00a0ao\u00fbt, \u00e0 la cr\u00e9ation d\u2019un jardin potager.<\/p>\n<p>Une d\u00e9marche caritative<\/p>\n<p>\u00ab\u00a0&#8230;<\/p>\n","protected":false},"excerpt":{"rendered":"Le B\u00e9nin, c\u2019est un petit pays d\u2019Afrique de l\u2019ouest, de 14\u00a0millions d\u2019habitants, enclav\u00e9 entre le grand Nigeria et&hellip;\n","protected":false},"author":2,"featured_media":94857,"comment_status":"","ping_status":"","sticky":false,"template":"","format":"standard","meta":{"footnotes":""},"categories":[9653],"tags":[1111,11,2430,7539,1057,1777,674,1011,27,11324,11325,12,25,4001],"class_list":{"0":"post-94856","1":"post","2":"type-post","3":"status-publish","4":"format-standard","5":"has-post-thumbnail","7":"category-saint-etienne","8":"tag-actu","9":"tag-actualites","10":"tag-auvergne-rhone-alpes","11":"tag-edition-loire-sud","12":"tag-education","13":"tag-eu","14":"tag-europe","15":"tag-fr","16":"tag-france","17":"tag-la-ricamarie","18":"tag-la-ricamarie-ville","19":"tag-news","20":"tag-republique-francaise","21":"tag-saint-etienne"},"share_on_mastodon":{"url":"https:\/\/pubeurope.com\/@fr\/114496265514073197","error":""},"_links":{"self":[{"href":"https:\/\/www.europesays.com\/fr\/wp-json\/wp\/v2\/posts\/94856","targetHints":{"allow":["GET"]}}],"collection":[{"href":"https:\/\/www.europesays.com\/fr\/wp-json\/wp\/v2\/posts"}],"about":[{"href":"https:\/\/www.europesays.com\/fr\/wp-json\/wp\/v2\/types\/post"}],"author":[{"embeddable":true,"href":"https:\/\/www.europesays.com\/fr\/wp-json\/wp\/v2\/users\/2"}],"replies":[{"embeddable":true,"href":"https:\/\/www.europesays.com\/fr\/wp-json\/wp\/v2\/comments?post=94856"}],"version-history":[{"count":0,"href":"https:\/\/www.europesays.com\/fr\/wp-json\/wp\/v2\/posts\/94856\/revisions"}],"wp:featuredmedia":[{"embeddable":true,"href":"https:\/\/www.europesays.com\/fr\/wp-json\/wp\/v2\/media\/94857"}],"wp:attachment":[{"href":"https:\/\/www.europesays.com\/fr\/wp-json\/wp\/v2\/media?parent=94856"}],"wp:term":[{"taxonomy":"category","embeddable":true,"href":"https:\/\/www.europesays.com\/fr\/wp-json\/wp\/v2\/categories?post=94856"},{"taxonomy":"post_tag","embeddable":true,"href":"https:\/\/www.europesays.com\/fr\/wp-json\/wp\/v2\/tags?post=94856"}],"curies":[{"name":"wp","href":"https:\/\/api.w.org\/{rel}","templated":true}]}}