{"id":94861,"date":"2025-05-12T18:27:16","date_gmt":"2025-05-12T18:27:16","guid":{"rendered":"https:\/\/www.europesays.com\/fr\/94861\/"},"modified":"2025-05-12T18:27:16","modified_gmt":"2025-05-12T18:27:16","slug":"nancy-une-conductrice-roule-sur-la-jambe-dune-passante","status":"publish","type":"post","link":"https:\/\/www.europesays.com\/fr\/94861\/","title":{"rendered":"Nancy. Une conductrice roule sur la jambe d\u2019une passante"},"content":{"rendered":"<p>Une conductrice d\u2019une soixantaine d\u2019ann\u00e9es a renvers\u00e9 une pi\u00e9tonne, ce lundi, vers 10\u00a0h, rue Raymond-Poincar\u00e9 \u00e0 Nancy. La sexag\u00e9naire sortait de son parking. Elle s\u2019est avanc\u00e9e sur le trottoir pour visualiser la circulation mais elle n\u2019a pas vu une jeune femme de 28 ans qui arrivait \u00e0 ce moment-l\u00e0 en marchant.<\/p>\n<p>Elle l\u2019a heurt\u00e9 et a roul\u00e9 sur sa jambe. S\u00e9rieusement bless\u00e9e, la victime a \u00e9t\u00e9 secourue par les pompiers qui l\u2019ont transport\u00e9e \u00e0 l\u2019H\u00f4pital central, \u00e0 Nancy.<\/p>\n","protected":false},"excerpt":{"rendered":"Une conductrice d\u2019une soixantaine d\u2019ann\u00e9es a renvers\u00e9 une pi\u00e9tonne, ce lundi, vers 10\u00a0h, rue Raymond-Poincar\u00e9 \u00e0 Nancy. La&hellip;\n","protected":false},"author":2,"featured_media":94862,"comment_status":"","ping_status":"","sticky":false,"template":"","format":"standard","meta":{"footnotes":""},"categories":[9635],"tags":[1111,11,271,272,1704,1777,674,274,1011,27,775,3457,1702,1703,12,25],"class_list":{"0":"post-94861","1":"post","2":"type-post","3":"status-publish","4":"format-standard","5":"has-post-thumbnail","7":"category-nancy","8":"tag-actu","9":"tag-actualites","10":"tag-crime","11":"tag-delit-et-contravention","12":"tag-edition-nancy-et-agglomeration","13":"tag-eu","14":"tag-europe","15":"tag-faits-divers-justice","16":"tag-fr","17":"tag-france","18":"tag-grand-est","19":"tag-meurthe-et-moselle","20":"tag-nancy","21":"tag-nancy-ville-54b","22":"tag-news","23":"tag-republique-francaise"},"share_on_mastodon":{"url":"https:\/\/pubeurope.com\/@fr\/114496277278633139","error":""},"_links":{"self":[{"href":"https:\/\/www.europesays.com\/fr\/wp-json\/wp\/v2\/posts\/94861","targetHints":{"allow":["GET"]}}],"collection":[{"href":"https:\/\/www.europesays.com\/fr\/wp-json\/wp\/v2\/posts"}],"about":[{"href":"https:\/\/www.europesays.com\/fr\/wp-json\/wp\/v2\/types\/post"}],"author":[{"embeddable":true,"href":"https:\/\/www.europesays.com\/fr\/wp-json\/wp\/v2\/users\/2"}],"replies":[{"embeddable":true,"href":"https:\/\/www.europesays.com\/fr\/wp-json\/wp\/v2\/comments?post=94861"}],"version-history":[{"count":0,"href":"https:\/\/www.europesays.com\/fr\/wp-json\/wp\/v2\/posts\/94861\/revisions"}],"wp:featuredmedia":[{"embeddable":true,"href":"https:\/\/www.europesays.com\/fr\/wp-json\/wp\/v2\/media\/94862"}],"wp:attachment":[{"href":"https:\/\/www.europesays.com\/fr\/wp-json\/wp\/v2\/media?parent=94861"}],"wp:term":[{"taxonomy":"category","embeddable":true,"href":"https:\/\/www.europesays.com\/fr\/wp-json\/wp\/v2\/categories?post=94861"},{"taxonomy":"post_tag","embeddable":true,"href":"https:\/\/www.europesays.com\/fr\/wp-json\/wp\/v2\/tags?post=94861"}],"curies":[{"name":"wp","href":"https:\/\/api.w.org\/{rel}","templated":true}]}}