{"id":948731,"date":"2026-05-21T23:57:15","date_gmt":"2026-05-21T23:57:15","guid":{"rendered":"https:\/\/www.europesays.com\/fr\/948731\/"},"modified":"2026-05-21T23:57:15","modified_gmt":"2026-05-21T23:57:15","slug":"hantavirus-150-rongeurs-captures-a-lissue-de-la-mission-a-ushuaia-des-analyses-a-venir","status":"publish","type":"post","link":"https:\/\/www.europesays.com\/fr\/948731\/","title":{"rendered":"Hantavirus : 150 rongeurs captur\u00e9s \u00e0 l\u2019issue de la mission \u00e0 Ushua\u00efa, des analyses \u00e0 venir"},"content":{"rendered":"<p>\n    Les scientifiques argentins mandat\u00e9s n\u2019ont pas trouv\u00e9 \u00e0 ce stade de rat \u00e0 longue queue, vecteur de la souche \u00abAndes\u00bb de l\u2019hantavirus en cause sur le foyer du navire Hondius, a annonc\u00e9 jeudi une autorit\u00e9 sanitaire locale.<\/p>\n<p class=\"fig-paragraph\">Des scientifiques argentins en mission \u00e0\u00a0<a href=\"http:\/\/www.lefigaro.fr\/international\/hantavirus-a-ushuaia-debute-la-traque-d-un-eventuel-rongeur-porteur-du-virus-20260518\" data-fig-type=\"NewsFlash\" data-gtm-custom-categorie=\"navigation\" data-gtm-custom-action=\"crossclick\" data-gtm-custom-label=\"Contextuel\" data-gtm-event=\"customEventSPE\" data-fig-domain=\"LEFIGARO\" rel=\"nofollow noopener\" target=\"_blank\">Ushua\u00efa<\/a>\u00a0ont captur\u00e9 autour de 150\u00a0<a href=\"http:\/\/www.lefigaro.fr\/sciences\/moustiques-rongeurs-punaises-les-interventions-contre-les-nuisibles-augmentent-la-filiere-plaide-pour-une-approche-plus-preventive-20260402\" data-fig-type=\"NewsFlash\" data-gtm-custom-categorie=\"navigation\" data-gtm-custom-action=\"crossclick\" data-gtm-custom-label=\"Contextuel\" data-gtm-event=\"customEventSPE\" data-fig-domain=\"LEFIGARO\" rel=\"nofollow noopener\" target=\"_blank\">rongeurs<\/a>\u00a0qui vont faire l&rsquo;objet d&rsquo;analyses, mais sans trouver \u00e0 ce stade de rat \u00e0 longue queue, vecteur de la souche \u00abAndes\u00bb de l&rsquo;hantavirus en cause sur le foyer du navire Hondius, a annonc\u00e9 jeudi une autorit\u00e9 sanitaire locale.<\/p>\n<p class=\"fig-paragraph\">Depuis lundi, la mission de biologistes de l&rsquo;Institut Malbran de Buenos Aires a captur\u00e9 en nombre deux esp\u00e8ces locales, qui pourraient \u00eatre porteuses d&rsquo;un type d&rsquo;hantavirus, mais \u00abdont rien ne d\u00e9montre qu&rsquo;ils le transmettent\u00bb, a d\u00e9clar\u00e9 \u00e0 la presse Juan Petrina, directeur \u00c9pid\u00e9miologie de la province de la Terre de Feu, dressant un bilan de la mission.<\/p>\n<p>                                                <a class=\"fig-a11y-skip\" href=\"#fig-a11y-skip-main-inarticle\" is=\"fig-a11y-skip\" data-trigger-mode=\"visible-once\"><br \/>\n    Passer la publicit\u00e9<br \/>\n<\/a>            <\/p>\n<p class=\"fig-paragraph\">Les biologistes de Buenos Aires ont pos\u00e9 140 pi\u00e8ges en diff\u00e9rents lieux de l&rsquo;\u00eele australe pendant trois nuits, avec entre 40% et 50% de taux de capture. Ils doivent encore identifier les tout derniers rongeurs attrap\u00e9s avant d&rsquo;envoyer des \u00e9chantillons de sang et tissu \u00e0 Buenos Aires aux fins d&rsquo;analyse, a soulign\u00e9 M. Petrina. \u00abLes r\u00e9sultats d\u00e9finitifs seront probablement connus dans trois semaines\u00bb, a-t-il soulign\u00e9.<\/p>\n<p>                                                Pas de cas depuis 30 ans dans la province<\/p>\n<p class=\"fig-paragraph\">Parmi les sp\u00e9cimens captur\u00e9s dominent deux esp\u00e8ces tr\u00e8s communes en Terre de Feu, l&rsquo;Abrothrix hirta et l&rsquo;Abrothrix olivacea, identifi\u00e9s pour l&rsquo;AFP par le Centre austral d&rsquo;investigations scientifiques (CADIC) d&rsquo;Ushua\u00efa, associ\u00e9 \u00e0 la mission. Tous vont faire l&rsquo;objet de tests dans les semaines \u00e0 venir pour \u00e9tablir leur \u00e9ventuelle capacit\u00e9 \u00e0 \u00eatre vecteurs, et de quelle souche, du virus.<\/p>\n<p class=\"fig-paragraph\">Parmi les esp\u00e8ces captur\u00e9es, il y en a \u00abqui ont donn\u00e9 des r\u00e9sultats r\u00e9actifs \u00e0 l&rsquo;hantavirus\u00bb ailleurs par le pass\u00e9, mais \u00abon ne sait pas s&rsquo;ils peuvent r\u00e9ellement transmettre la maladie\u00bb, a pr\u00e9cis\u00e9 l&rsquo;\u00e9pid\u00e9miologiste. La mission scientifique en Terre de Feu a \u00e9t\u00e9 mandat\u00e9e \u00e0 la suite de foyer d&rsquo;infection du navire de croisi\u00e8re Hondius (trois passagers d\u00e9c\u00e9d\u00e9s), qui avait d\u00e9clench\u00e9 d\u00e9but mai une alarme mondiale.<\/p>\n<p class=\"fig-paragraph\">Le Hondius avait appareill\u00e9 d&rsquo;Ushua\u00efa le 1er avril, et le \u00abpatient z\u00e9ro\u00bb, un passager n\u00e9erlandais, avait s\u00e9journ\u00e9 48 heures \u00e0 Ushua\u00efa avant d&#8217;embarquer. Depuis, les autorit\u00e9s de la Terre de Feu et les scientifiques locaux battent en br\u00e8che l&rsquo;hypoth\u00e8se selon laquelle la contamination du Hondius serait partie d&rsquo;Ushua\u00efa. La province, mart\u00e8lent-ils, n&rsquo;a pas eu de cas d&rsquo;hantavirus depuis que sa notification est obligatoire, il y a 30 ans.<\/p>\n","protected":false},"excerpt":{"rendered":"Les scientifiques argentins mandat\u00e9s n\u2019ont pas trouv\u00e9 \u00e0 ce stade de rat \u00e0 longue queue, vecteur de la&hellip;\n","protected":false},"author":2,"featured_media":948732,"comment_status":"","ping_status":"","sticky":false,"template":"","format":"standard","meta":{"footnotes":"","_share_on_mastodon":"0"},"categories":[10],"tags":[442,228,440,441,436,1011,27,97699,72,226,439,229,95476,71,435,437,227,438],"class_list":["post-948731","post","type-post","status-publish","format-standard","has-post-thumbnail","category-sante","tag-administration-de-la-sante","tag-diagnostic","tag-droit-a-la-sante","tag-education-sanitaire-education-sanitaire-individuelle-et-collective","tag-environnement","tag-fr","tag-france","tag-hantavirus","tag-health","tag-maladie","tag-niveau-de-vie","tag-pathologie","tag-rongeurs","tag-sante","tag-sante-de-la-population","tag-services-medicaux","tag-traitement","tag-traitement-preventif"],"share_on_mastodon":{"url":"https:\/\/pubeurope.com\/@fr\/116615278953919692","error":""},"_links":{"self":[{"href":"https:\/\/www.europesays.com\/fr\/wp-json\/wp\/v2\/posts\/948731","targetHints":{"allow":["GET"]}}],"collection":[{"href":"https:\/\/www.europesays.com\/fr\/wp-json\/wp\/v2\/posts"}],"about":[{"href":"https:\/\/www.europesays.com\/fr\/wp-json\/wp\/v2\/types\/post"}],"author":[{"embeddable":true,"href":"https:\/\/www.europesays.com\/fr\/wp-json\/wp\/v2\/users\/2"}],"replies":[{"embeddable":true,"href":"https:\/\/www.europesays.com\/fr\/wp-json\/wp\/v2\/comments?post=948731"}],"version-history":[{"count":0,"href":"https:\/\/www.europesays.com\/fr\/wp-json\/wp\/v2\/posts\/948731\/revisions"}],"wp:featuredmedia":[{"embeddable":true,"href":"https:\/\/www.europesays.com\/fr\/wp-json\/wp\/v2\/media\/948732"}],"wp:attachment":[{"href":"https:\/\/www.europesays.com\/fr\/wp-json\/wp\/v2\/media?parent=948731"}],"wp:term":[{"taxonomy":"category","embeddable":true,"href":"https:\/\/www.europesays.com\/fr\/wp-json\/wp\/v2\/categories?post=948731"},{"taxonomy":"post_tag","embeddable":true,"href":"https:\/\/www.europesays.com\/fr\/wp-json\/wp\/v2\/tags?post=948731"}],"curies":[{"name":"wp","href":"https:\/\/api.w.org\/{rel}","templated":true}]}}