{"id":94877,"date":"2025-05-12T18:35:23","date_gmt":"2025-05-12T18:35:23","guid":{"rendered":"https:\/\/www.europesays.com\/fr\/94877\/"},"modified":"2025-05-12T18:35:23","modified_gmt":"2025-05-12T18:35:23","slug":"grenoble-un-dimanche-de-bonnes-affaires-a-la-bifurk","status":"publish","type":"post","link":"https:\/\/www.europesays.com\/fr\/94877\/","title":{"rendered":"Grenoble. Un dimanche de bonnes affaires \u00e0 La Bifurk"},"content":{"rendered":"<p>Le Collectif des usagers de la Bifurk a organis\u00e9 son vide-greniers dimanche 11\u00a0mai. Pr\u00e8s de 114 exposants ont investi les abords du site, proposant v\u00eatements, objets vintage, livres, jouets et mille trouvailles. La Bifurk est un lieu atypique cr\u00e9\u00e9 sur une ancienne friche industrielle, transform\u00e9e en un laboratoire d\u2019initiatives culturelles, sportives et citoyennes. Le lieu r\u00e9unit une dizaine d\u2019associations autour d\u2019une programmation engag\u00e9e tout au long de l\u2019ann\u00e9e.<\/p>\n","protected":false},"excerpt":{"rendered":"Le Collectif des usagers de la Bifurk a organis\u00e9 son vide-greniers dimanche 11\u00a0mai. Pr\u00e8s de 114 exposants ont&hellip;\n","protected":false},"author":2,"featured_media":94878,"comment_status":"","ping_status":"","sticky":false,"template":"","format":"standard","meta":{"footnotes":""},"categories":[9566],"tags":[1111,11,2430,1687,112,1777,674,1011,27,2731,2732,2089,12,25],"class_list":{"0":"post-94877","1":"post","2":"type-post","3":"status-publish","4":"format-standard","5":"has-post-thumbnail","7":"category-grenoble","8":"tag-actu","9":"tag-actualites","10":"tag-auvergne-rhone-alpes","11":"tag-culture-loisirs","12":"tag-edition-grenoble-agglomeration","13":"tag-eu","14":"tag-europe","15":"tag-fr","16":"tag-france","17":"tag-grenoble","18":"tag-grenoble-bassin","19":"tag-marche","20":"tag-news","21":"tag-republique-francaise"},"share_on_mastodon":{"url":"https:\/\/pubeurope.com\/@fr\/114496308726502624","error":""},"_links":{"self":[{"href":"https:\/\/www.europesays.com\/fr\/wp-json\/wp\/v2\/posts\/94877","targetHints":{"allow":["GET"]}}],"collection":[{"href":"https:\/\/www.europesays.com\/fr\/wp-json\/wp\/v2\/posts"}],"about":[{"href":"https:\/\/www.europesays.com\/fr\/wp-json\/wp\/v2\/types\/post"}],"author":[{"embeddable":true,"href":"https:\/\/www.europesays.com\/fr\/wp-json\/wp\/v2\/users\/2"}],"replies":[{"embeddable":true,"href":"https:\/\/www.europesays.com\/fr\/wp-json\/wp\/v2\/comments?post=94877"}],"version-history":[{"count":0,"href":"https:\/\/www.europesays.com\/fr\/wp-json\/wp\/v2\/posts\/94877\/revisions"}],"wp:featuredmedia":[{"embeddable":true,"href":"https:\/\/www.europesays.com\/fr\/wp-json\/wp\/v2\/media\/94878"}],"wp:attachment":[{"href":"https:\/\/www.europesays.com\/fr\/wp-json\/wp\/v2\/media?parent=94877"}],"wp:term":[{"taxonomy":"category","embeddable":true,"href":"https:\/\/www.europesays.com\/fr\/wp-json\/wp\/v2\/categories?post=94877"},{"taxonomy":"post_tag","embeddable":true,"href":"https:\/\/www.europesays.com\/fr\/wp-json\/wp\/v2\/tags?post=94877"}],"curies":[{"name":"wp","href":"https:\/\/api.w.org\/{rel}","templated":true}]}}