{"id":948809,"date":"2026-05-22T00:48:17","date_gmt":"2026-05-22T00:48:17","guid":{"rendered":"https:\/\/www.europesays.com\/fr\/948809\/"},"modified":"2026-05-22T00:48:17","modified_gmt":"2026-05-22T00:48:17","slug":"allemagne-manuel-neuer-fait-son-grand-retour-pour-la-coupe-du-monde-2026","status":"publish","type":"post","link":"https:\/\/www.europesays.com\/fr\/948809\/","title":{"rendered":"Allemagne : Manuel Neuer fait son grand retour pour la Coupe du monde 2026"},"content":{"rendered":"<p>\t\t\tAfficher le sommaire Masquer le sommaire <\/p>\n<p>C\u2019est un retour que peu attendaient. Retir\u00e9 de la s\u00e9lection depuis l\u2019Euro 2024, Manuel Neuer va finalement retrouver la Mannschaft pour la Coupe du monde 2026. Le gardien du Bayern Munich, \u00e2g\u00e9 de 40 ans, a \u00e9t\u00e9 rappel\u00e9 par Julian Nagelsmann pour renforcer l\u2019\u00e9quipe allemande.<\/p>\n<p>Toujours performant en club et r\u00e9cemment prolong\u00e9 par le Bayern pour une saison suppl\u00e9mentaire, le portier exp\u00e9riment\u00e9 s\u2019appr\u00eate \u00e0 disputer son cinqui\u00e8me Mondial. Selon les premi\u00e8res indications, il pourrait m\u00eame retrouver un r\u00f4le de titulaire au d\u00e9triment d\u2019Oliver Baumann.<\/p>\n<p><strong>Musiala \u00e9galement de retour dans un groupe tr\u00e8s bavarois<\/strong><\/p>\n<p>Autre bonne nouvelle pour la s\u00e9lection allemande : le retour de Jamal Musiala, absent depuis sa grave blessure lors du Mondial des clubs face au PSG. Le milieu offensif figure \u00e0 nouveau dans la liste des 26 joueurs retenus.<\/p>\n<p>Sans surprise, le Bayern Munich est le club le plus repr\u00e9sent\u00e9 dans cette s\u00e9lection, qui inclut \u00e9galement de jeunes talents comme Lennart Karl.<\/p>\n<p><a class=\"related-article simple\" href=\"https:\/\/www.lequotidiendusport.fr\/portugal-cristiano-ronaldo-atout-critique-mondial-2026\/\" rel=\"nofollow noopener\" target=\"_blank\">\u00c0 lireCristiano Ronaldo au Portugal : un probl\u00e8me ou une fausse pol\u00e9mique ?<\/a><\/p>\n<p>La Mannschaft \u00e9voluera dans le groupe E du tournoi, aux c\u00f4t\u00e9s de Cura\u00e7ao, de la C\u00f4te d\u2019Ivoire et de l\u2019\u00c9quateur, avec l\u2019ambition de jouer les premiers r\u00f4les.<\/p>\n<p><strong>Une derni\u00e8re grande aventure ?<\/strong><\/p>\n<p>Ce retour de Neuer relance forc\u00e9ment les d\u00e9bats sur la fin de carri\u00e8re internationale du gardien allemand, mais l\u2019objectif reste clair : vivre une derni\u00e8re grande comp\u00e9tition sans conclusion pr\u00e9matur\u00e9e.<\/p>\n","protected":false},"excerpt":{"rendered":"Afficher le sommaire Masquer le sommaire C\u2019est un retour que peu attendaient. Retir\u00e9 de la s\u00e9lection depuis l\u2019Euro&hellip;\n","protected":false},"author":2,"featured_media":948810,"comment_status":"","ping_status":"","sticky":false,"template":"","format":"standard","meta":{"footnotes":"","_share_on_mastodon":"0"},"categories":[1587],"tags":[11,672,1804,1805,1803,1777,674,1801,12,1802],"class_list":["post-948809","post","type-post","status-publish","format-standard","has-post-thumbnail","category-allemagne","tag-actualites","tag-allemagne","tag-bundesrepublik-deutschland","tag-de","tag-deutschland","tag-eu","tag-europe","tag-germany","tag-news","tag-republique-federale-dallemagne"],"share_on_mastodon":{"url":"https:\/\/pubeurope.com\/@fr\/116615480222942363","error":""},"_links":{"self":[{"href":"https:\/\/www.europesays.com\/fr\/wp-json\/wp\/v2\/posts\/948809","targetHints":{"allow":["GET"]}}],"collection":[{"href":"https:\/\/www.europesays.com\/fr\/wp-json\/wp\/v2\/posts"}],"about":[{"href":"https:\/\/www.europesays.com\/fr\/wp-json\/wp\/v2\/types\/post"}],"author":[{"embeddable":true,"href":"https:\/\/www.europesays.com\/fr\/wp-json\/wp\/v2\/users\/2"}],"replies":[{"embeddable":true,"href":"https:\/\/www.europesays.com\/fr\/wp-json\/wp\/v2\/comments?post=948809"}],"version-history":[{"count":0,"href":"https:\/\/www.europesays.com\/fr\/wp-json\/wp\/v2\/posts\/948809\/revisions"}],"wp:featuredmedia":[{"embeddable":true,"href":"https:\/\/www.europesays.com\/fr\/wp-json\/wp\/v2\/media\/948810"}],"wp:attachment":[{"href":"https:\/\/www.europesays.com\/fr\/wp-json\/wp\/v2\/media?parent=948809"}],"wp:term":[{"taxonomy":"category","embeddable":true,"href":"https:\/\/www.europesays.com\/fr\/wp-json\/wp\/v2\/categories?post=948809"},{"taxonomy":"post_tag","embeddable":true,"href":"https:\/\/www.europesays.com\/fr\/wp-json\/wp\/v2\/tags?post=948809"}],"curies":[{"name":"wp","href":"https:\/\/api.w.org\/{rel}","templated":true}]}}