{"id":94882,"date":"2025-05-12T18:38:24","date_gmt":"2025-05-12T18:38:24","guid":{"rendered":"https:\/\/www.europesays.com\/fr\/94882\/"},"modified":"2025-05-12T18:38:24","modified_gmt":"2025-05-12T18:38:24","slug":"livre-la-strasbourgeoise-muriel-klein-zolty-sur-les-traces-dhugo-fonyo-son-grand-pere","status":"publish","type":"post","link":"https:\/\/www.europesays.com\/fr\/94882\/","title":{"rendered":"Livre. La Strasbourgeoise Muriel Klein-Zolty, sur les traces d\u2019Hugo Fonyo son grand-p\u00e8re"},"content":{"rendered":"<p>Comment \u00e9crire \u00e0 partir du vide\u00a0? De quelques objets\u00a0: une mandoline, une petite chaise d\u2019enfant et un portrait-photo d\u2019un jeune homme, casquette et cigarette en bouche. L\u2019image d\u2019Hugo Fonyo orne la couverture du livre que lui consacre sa petite-fille Muriel Klein-Zolty.<\/p>\n<p>L\u2019\u00e9criture alerte donne chair et relief<\/p>\n<p>En son titre, Le Go\u00fbt de la salade sucr\u00e9e,  paru aux \u00e9ditions Ampelos (128 p., 16\u00a0\u20ac), a le pouvoir presque magique de ressusciter son grand-parent et sa m\u00e8re, disparue elle, en 2024. Cette derni\u00e8re lui avait confi\u00e9 des papiers d\u2019Hugo conserv\u00e9s au fond d\u2019une armoire. Comme ses&#8230;<\/p>\n","protected":false},"excerpt":{"rendered":"Comment \u00e9crire \u00e0 partir du vide\u00a0? De quelques objets\u00a0: une mandoline, une petite chaise d\u2019enfant et un portrait-photo&hellip;\n","protected":false},"author":2,"featured_media":94883,"comment_status":"","ping_status":"","sticky":false,"template":"","format":"standard","meta":{"footnotes":""},"categories":[2820],"tags":[1111,11,2389,1687,2880,1777,674,107,1011,27,775,2410,12,25,640,2879],"class_list":{"0":"post-94882","1":"post","2":"type-post","3":"status-publish","4":"format-standard","5":"has-post-thumbnail","7":"category-strasbourg","8":"tag-actu","9":"tag-actualites","10":"tag-alsace","11":"tag-culture-loisirs","12":"tag-edition-strasbourg","13":"tag-eu","14":"tag-europe","15":"tag-fil-info","16":"tag-fr","17":"tag-france","18":"tag-grand-est","19":"tag-livres-bd","20":"tag-news","21":"tag-republique-francaise","22":"tag-strasbourg","23":"tag-strasbourg-ville"},"share_on_mastodon":{"url":"https:\/\/pubeurope.com\/@fr\/114496320546096213","error":""},"_links":{"self":[{"href":"https:\/\/www.europesays.com\/fr\/wp-json\/wp\/v2\/posts\/94882","targetHints":{"allow":["GET"]}}],"collection":[{"href":"https:\/\/www.europesays.com\/fr\/wp-json\/wp\/v2\/posts"}],"about":[{"href":"https:\/\/www.europesays.com\/fr\/wp-json\/wp\/v2\/types\/post"}],"author":[{"embeddable":true,"href":"https:\/\/www.europesays.com\/fr\/wp-json\/wp\/v2\/users\/2"}],"replies":[{"embeddable":true,"href":"https:\/\/www.europesays.com\/fr\/wp-json\/wp\/v2\/comments?post=94882"}],"version-history":[{"count":0,"href":"https:\/\/www.europesays.com\/fr\/wp-json\/wp\/v2\/posts\/94882\/revisions"}],"wp:featuredmedia":[{"embeddable":true,"href":"https:\/\/www.europesays.com\/fr\/wp-json\/wp\/v2\/media\/94883"}],"wp:attachment":[{"href":"https:\/\/www.europesays.com\/fr\/wp-json\/wp\/v2\/media?parent=94882"}],"wp:term":[{"taxonomy":"category","embeddable":true,"href":"https:\/\/www.europesays.com\/fr\/wp-json\/wp\/v2\/categories?post=94882"},{"taxonomy":"post_tag","embeddable":true,"href":"https:\/\/www.europesays.com\/fr\/wp-json\/wp\/v2\/tags?post=94882"}],"curies":[{"name":"wp","href":"https:\/\/api.w.org\/{rel}","templated":true}]}}