{"id":94890,"date":"2025-05-12T18:42:17","date_gmt":"2025-05-12T18:42:17","guid":{"rendered":"https:\/\/www.europesays.com\/fr\/94890\/"},"modified":"2025-05-12T18:42:17","modified_gmt":"2025-05-12T18:42:17","slug":"un-moment-spectaculaire-cet-impressionnant-nuage-a-traverse-le-ciel-de-nantes-avant-lorage","status":"publish","type":"post","link":"https:\/\/www.europesays.com\/fr\/94890\/","title":{"rendered":"\u00ab\u00a0Un moment spectaculaire\u00a0\u00bb, cet impressionnant nuage a travers\u00e9 le ciel de Nantes avant l&rsquo;orage"},"content":{"rendered":"<p>            Par<br \/>\n        <strong><br \/>\n            <a href=\"https:\/\/actu.fr\/auteur\/thomas-bernard\" title=\"Consulter tous les articles de Thomas Bernard\" target=\"_blank\" rel=\"noopener\">Thomas Bernard<\/a><br \/>\n        <\/strong><\/p>\n<p>        Publi\u00e9 le<\/p>\n<p>            12 mai 2025 \u00e0 18h23        <\/p>\n<p>Des averses orageuses ont travers\u00e9 la<a href=\"https:\/\/actu.fr\/pays-de-la-loire\/nantes_44109\/des-orages-attendus-a-nantes-et-en-loire-atlantique-meteo-france-declenche-la-vigilance_62613391.html\" target=\"_blank\" rel=\"noopener\">\u00a0Loire-Atlantique le week-end du 10 et 11\u00a0mai 2025<\/a>. Le ciel s\u2019est assombri au fur et \u00e0 mesure de la soir\u00e9e.<\/p>\n<p class=\" wall-content\">Dans la soir\u00e9e de ce samedi, un nuage pas comme les autres n\u2019est pas pass\u00e9 inaper\u00e7u \u00e0 Nantes. Une photographie montre un ciel spectaculaire <strong>avec vue d\u00e9gag\u00e9e sur la Loire en direction de l\u2019\u00eele de Nantes<\/strong>.<\/p>\n<p class=\" wall-content\">Un instant immortalis\u00e9 par <strong>Erik Brin<\/strong>, <a href=\"https:\/\/www.erikbrinphotography.com\/\" target=\"_blank\" rel=\"noopener\">photographe professionnel depuis la fin des ann\u00e9es 1990<\/a>. Le clich\u00e9 a \u00e9t\u00e9 relay\u00e9 sur le compte X (anciennement twitter) de<a href=\"https:\/\/x.com\/MeteoBretagne\/status\/1921547780838818201\"> M\u00e9t\u00e9o Bretagne<\/a>.<\/p>\n<p class=\" wall-content\">\n<p>\u00ab\u2009Au bon endroit au bon moment\u2009\u00bb<\/p>\n<p class=\" wall-content\">Ce nuage \u00ab\u2009de fin du monde\u2009\u00bb, appel\u00e9 \u00ab\u2009Arcus\u2009\u00bb, est d\u00fb \u00e0 un orage comme nous l\u2019indique Gr\u00e9goire V\u00e9deau, m\u00e9t\u00e9orologue chez <a href=\"https:\/\/t.co\/DcH6nAjDkq\">M\u00e9t\u00e9o Bretagne<\/a>.<\/p>\n<blockquote class=\"ac-article-quote wall-content\">\n<p>Une circulation bien sp\u00e9cifique des vents a permis \u00e0 ce nuage tr\u00e8s esth\u00e9tique appel\u00e9 \u00ab Arcus \u00bb de se former. Lors de son d\u00e9placement, ce type d\u2019orage va venir aspirer l\u2019air chaud et humide, mais juste \u00e0 l\u2019arri\u00e8re, l\u2019air froid pr\u00e9sent au sein du nuage va venir rentrer en contact avec la zone d\u2019aspiration. Se faisant, il va en r\u00e9sulter une condensation de cette ascendance et donc la formation de ce nuage. Ce nuage est \u00e9galement souvent caract\u00e9ristique de vent parfois important et d\u2019une forte baisse des temp\u00e9ratures lors de son passage.<\/p>\n<p>    <strong>Gr\u00e9goire V\u00e9deau <\/strong><br \/>\n        M\u00e9t\u00e9orologue chez M\u00e9t\u00e9o Bretagne    <\/p><\/blockquote>\n<p class=\" wall-content\">Ce moment spectaculaire a \u00e9t\u00e9 immortalis\u00e9 par Erik Brin. \u00ab\u2009J\u2019ai la chance d\u2019habiter en hauteur avec une vue sur la Loire. Depuis chez moi,<strong> j\u2019ai vu le ciel se transformer\u2009\u00bb<\/strong>, confie le photographe.<\/p>\n<p>Vid\u00e9os : en ce moment sur Actu<\/p>\n<p class=\" wall-content\">Le Nantais sort le \u00ab\u2009mat\u00e9riel ad\u00e9quat\u2009\u00bb pour encha\u00eener les clich\u00e9s \u00e0 l\u2019aide d\u2019un grand-angle. Le r\u00e9sultat est spectaculaire.<\/p>\n<p class=\" wall-content\">\u00ab\u2009Ce que j\u2019ai vu me plaisait \u00e0 l\u2019\u0153il nu, l\u2019image a confirm\u00e9 mon impression. J\u2019\u00e9tais au bon endroit, au bon moment pour prendre cette photo\u2009\u00bb, confie modestement Erik Brin.<\/p>\n<p class=\" wall-content\">Suivez toute l\u2019actualit\u00e9 de vos villes et m\u00e9dias favoris en vous inscrivant \u00e0 <a href=\"https:\/\/moncompte.actu.fr\" title=\"D\u00e9couvez Mon Actu\" rel=\"nofollow noopener\" data-trk=\"{&quot;cta&quot;:{&quot;action&quot;:&quot;https:\\\/\\\/moncompte.actu.fr&quot;,&quot;category&quot;:&quot;mon compte&quot;,&quot;from&quot;:&quot;article footer&quot;,&quot;name&quot;:&quot;Mon actu&quot;,&quot;type&quot;:&quot;cta&quot;}}\" target=\"_blank\">Mon Actu<\/a>.<\/p>\n","protected":false},"excerpt":{"rendered":"Par Thomas Bernard Publi\u00e9 le 12 mai 2025 \u00e0 18h23 Des averses orageuses ont travers\u00e9 la\u00a0Loire-Atlantique le week-end&hellip;\n","protected":false},"author":2,"featured_media":94891,"comment_status":"","ping_status":"","sticky":false,"template":"","format":"standard","meta":{"footnotes":""},"categories":[2818],"tags":[1111,11,1777,674,1011,27,2487,2357,766,12,4594,2636,25],"class_list":{"0":"post-94890","1":"post","2":"type-post","3":"status-publish","4":"format-standard","5":"has-post-thumbnail","7":"category-nantes","8":"tag-actu","9":"tag-actualites","10":"tag-eu","11":"tag-europe","12":"tag-fr","13":"tag-france","14":"tag-meteo","15":"tag-meteo-france","16":"tag-nantes","17":"tag-news","18":"tag-orages","19":"tag-pays-de-la-loire","20":"tag-republique-francaise"},"share_on_mastodon":{"url":"https:\/\/pubeurope.com\/@fr\/114496336248419657","error":""},"_links":{"self":[{"href":"https:\/\/www.europesays.com\/fr\/wp-json\/wp\/v2\/posts\/94890","targetHints":{"allow":["GET"]}}],"collection":[{"href":"https:\/\/www.europesays.com\/fr\/wp-json\/wp\/v2\/posts"}],"about":[{"href":"https:\/\/www.europesays.com\/fr\/wp-json\/wp\/v2\/types\/post"}],"author":[{"embeddable":true,"href":"https:\/\/www.europesays.com\/fr\/wp-json\/wp\/v2\/users\/2"}],"replies":[{"embeddable":true,"href":"https:\/\/www.europesays.com\/fr\/wp-json\/wp\/v2\/comments?post=94890"}],"version-history":[{"count":0,"href":"https:\/\/www.europesays.com\/fr\/wp-json\/wp\/v2\/posts\/94890\/revisions"}],"wp:featuredmedia":[{"embeddable":true,"href":"https:\/\/www.europesays.com\/fr\/wp-json\/wp\/v2\/media\/94891"}],"wp:attachment":[{"href":"https:\/\/www.europesays.com\/fr\/wp-json\/wp\/v2\/media?parent=94890"}],"wp:term":[{"taxonomy":"category","embeddable":true,"href":"https:\/\/www.europesays.com\/fr\/wp-json\/wp\/v2\/categories?post=94890"},{"taxonomy":"post_tag","embeddable":true,"href":"https:\/\/www.europesays.com\/fr\/wp-json\/wp\/v2\/tags?post=94890"}],"curies":[{"name":"wp","href":"https:\/\/api.w.org\/{rel}","templated":true}]}}