{"id":94903,"date":"2025-05-12T18:49:08","date_gmt":"2025-05-12T18:49:08","guid":{"rendered":"https:\/\/www.europesays.com\/fr\/94903\/"},"modified":"2025-05-12T18:49:08","modified_gmt":"2025-05-12T18:49:08","slug":"chute-dun-manege-a-lille-lexploitant-sera-juge-pour-manquement-aux-obligations-de-securite","status":"publish","type":"post","link":"https:\/\/www.europesays.com\/fr\/94903\/","title":{"rendered":"Chute d\u2019un man\u00e8ge \u00e0 Lille : l\u2019exploitant sera jug\u00e9 pour manquement aux obligations de s\u00e9curit\u00e9"},"content":{"rendered":"<p class=\"paragraph text_align_left\">L\u2019exploitant du <a href=\"https:\/\/www.leparisien.fr\/faits-divers\/lille-une-femme-dans-un-etat-grave-apres-un-accident-sur-un-manege-au-festival-madame-loyal-10-05-2025-47KIP5H275G3BLHT4EDQFCLIOQ.php\" target=\"_blank\" rel=\"nofollow noopener\">man\u00e8ge d\u2019o\u00f9 une femme \u00e9tait tomb\u00e9e<\/a> dans la nuit de vendredi \u00e0 samedi \u00e0 Lille a \u00e9t\u00e9 plac\u00e9 sous contr\u00f4le judiciaire et sera jug\u00e9 en octobre pour manquement aux obligations de s\u00e9curit\u00e9, a annonc\u00e9 le parquet lundi.<\/p>\n<p class=\"paragraph text_align_left\">Une enqu\u00eate a \u00e9t\u00e9 ouverte pour \u00ab blessures involontaires suite \u00e0 une violation manifestement d\u00e9lib\u00e9r\u00e9 d\u2019une obligation de prudence ou de s\u00e9curit\u00e9 par l\u2019exploitant du man\u00e8ge \u00bb, a indiqu\u00e9 \u00e0 l\u2019AFP la procureure de Lille Carole Etienne. Plac\u00e9 en garde \u00e0 vue puis lib\u00e9r\u00e9 sous contr\u00f4le judiciaire, l\u2019exploitant sera jug\u00e9 le 22 octobre 2025.<\/p>\n<p>\u00ab La victime n\u2019\u00e9tait pas accroch\u00e9e correctement \u00bb<\/p>\n<p class=\"paragraph text_align_left\">Samedi vers 2 heures du matin, lors du <a href=\"https:\/\/www.leparisien.fr\/culture-loisirs\/sortir-region-parisienne\/festival-international-du-cirque-a-massy-madame-loyal-est-so-british-10-01-2019-7985244.php\" target=\"_blank\" rel=\"nofollow noopener\">festival Madame Loyal,<\/a> m\u00ealant f\u00eate foraine, musique \u00e9lectronique et cirque, \u00ab une jeune femme a pris place avec des amis sur un man\u00e8ge type chaise haute (&#8230;) et chut\u00e9 quelques minutes apr\u00e8s la mise en marche du man\u00e8ge \u00bb, rapporte la procureure.<\/p>\n<p class=\"paragraph text_align_left\">\u00ab Les investigations ont montr\u00e9 que la victime n\u2019\u00e9tait pas accroch\u00e9e correctement et que l\u2019exploitant du man\u00e8ge n\u2019avait pas v\u00e9rifi\u00e9 un \u00e0 un que les clients \u00e9taient bien attach\u00e9s au moment o\u00f9 il a r\u00e9cup\u00e9r\u00e9 les tickets \u00bb, poursuit la magistrate. \u00ab Il a mis en marche le man\u00e8ge et quitt\u00e9 les lieux sans rester \u00e0 proximit\u00e9 \u00bb, ce qui l\u2019a emp\u00each\u00e9 \u00ab de r\u00e9agir rapidement en actionnant le bouton d\u2019arr\u00eat d\u2019urgence \u00bb.<\/p>\n<p>Une incapacit\u00e9 totale de travail d\u2019un mois.<\/p>\n<p class=\"paragraph text_align_left\">\u00c2g\u00e9e de 28 ans, la victime s\u2019est vue reconna\u00eetre une incapacit\u00e9 totale de travail (ITT) d\u2019un mois. Elle est sortie de l\u2019h\u00f4pital dimanche, a pr\u00e9cis\u00e9 le producteur lillois A Gauche de la Lune, qui organisait l\u2019\u00e9v\u00e8nement \u00e0 Lille, pr\u00e9cisant que le man\u00e8ge concern\u00e9 \u00ab disposait de toutes les autorisations et documents r\u00e9glementaires \u00bb.<\/p>\n<p class=\"paragraph text_align_left\">\u00ab Une r\u00e9flexion est en cours \u00bb sur le type de man\u00e8ge install\u00e9s \u00ab afin d\u2019\u00e9viter qu\u2019un accident puisse survenir \u00e0 nouveau \u00bb a indiqu\u00e9 \u00e0 l\u2019AFP Geoffrey Roth, du festival Madame Loyal, qui a lanc\u00e9 ce type d\u2019\u00e9v\u00e8nements \u00e0 travers la France. Ce festival itin\u00e9rant maintient les dates pr\u00e9vues dans les semaines et mois \u00e0 venir \u00e0 Paris, Bordeaux, Fr\u00e9jus et Toulouse.<\/p>\n","protected":false},"excerpt":{"rendered":"L\u2019exploitant du man\u00e8ge d\u2019o\u00f9 une femme \u00e9tait tomb\u00e9e dans la nuit de vendredi \u00e0 samedi \u00e0 Lille a&hellip;\n","protected":false},"author":2,"featured_media":94904,"comment_status":"","ping_status":"","sticky":false,"template":"","format":"standard","meta":{"footnotes":""},"categories":[2815],"tags":[1111,11,459,1777,674,118,1011,27,811,1307,12,25],"class_list":{"0":"post-94903","1":"post","2":"type-post","3":"status-publish","4":"format-standard","5":"has-post-thumbnail","7":"category-lille","8":"tag-actu","9":"tag-actualites","10":"tag-departements-horsidfo","11":"tag-eu","12":"tag-europe","13":"tag-faits-divers","14":"tag-fr","15":"tag-france","16":"tag-hauts-de-france","17":"tag-lille","18":"tag-news","19":"tag-republique-francaise"},"share_on_mastodon":{"url":"https:\/\/pubeurope.com\/@fr\/114496363949177199","error":""},"_links":{"self":[{"href":"https:\/\/www.europesays.com\/fr\/wp-json\/wp\/v2\/posts\/94903","targetHints":{"allow":["GET"]}}],"collection":[{"href":"https:\/\/www.europesays.com\/fr\/wp-json\/wp\/v2\/posts"}],"about":[{"href":"https:\/\/www.europesays.com\/fr\/wp-json\/wp\/v2\/types\/post"}],"author":[{"embeddable":true,"href":"https:\/\/www.europesays.com\/fr\/wp-json\/wp\/v2\/users\/2"}],"replies":[{"embeddable":true,"href":"https:\/\/www.europesays.com\/fr\/wp-json\/wp\/v2\/comments?post=94903"}],"version-history":[{"count":0,"href":"https:\/\/www.europesays.com\/fr\/wp-json\/wp\/v2\/posts\/94903\/revisions"}],"wp:featuredmedia":[{"embeddable":true,"href":"https:\/\/www.europesays.com\/fr\/wp-json\/wp\/v2\/media\/94904"}],"wp:attachment":[{"href":"https:\/\/www.europesays.com\/fr\/wp-json\/wp\/v2\/media?parent=94903"}],"wp:term":[{"taxonomy":"category","embeddable":true,"href":"https:\/\/www.europesays.com\/fr\/wp-json\/wp\/v2\/categories?post=94903"},{"taxonomy":"post_tag","embeddable":true,"href":"https:\/\/www.europesays.com\/fr\/wp-json\/wp\/v2\/tags?post=94903"}],"curies":[{"name":"wp","href":"https:\/\/api.w.org\/{rel}","templated":true}]}}