{"id":94905,"date":"2025-05-12T18:50:09","date_gmt":"2025-05-12T18:50:09","guid":{"rendered":"https:\/\/www.europesays.com\/fr\/94905\/"},"modified":"2025-05-12T18:50:09","modified_gmt":"2025-05-12T18:50:09","slug":"un-automobiliste-de-21-ans-sarrete-pour-passer-un-coup-de-fil-il-se-fait-voler-voiture-et-telephone","status":"publish","type":"post","link":"https:\/\/www.europesays.com\/fr\/94905\/","title":{"rendered":"un automobiliste de 21 ans s&rsquo;arr\u00eate pour passer un coup de fil, il se fait voler voiture et t\u00e9l\u00e9phone"},"content":{"rendered":"<p>17h30 dimanche 11\u00a0mai dernier, <a href=\"https:\/\/www.laprovence.com\/article\/region\/6146530505747814\/le-quartier-bonneveine-par-celles-et-ceux-qui-y-vivent-et-y-travaillent\" target=\"_blank\" rel=\"noopener\">avenue de Hambourg<\/a>, dans le 8e arrondissement de <a href=\"https:\/\/www.laprovence.com\/bouches-du-rhone\/marseille-13055\" target=\"_blank\" rel=\"noopener\">Marseille<\/a>. Sans doute bien inform\u00e9 que l\u2019utilisation d\u2019un t\u00e9l\u00e9phone portable tenu en main est sanctionn\u00e9e d\u2019une amende forfaitaire de 135\u00a0\u20ac et d\u2019un retrait de 3 points du permis de conduire, un jeune automobiliste se stationne sur le parking de la <a href=\"https:\/\/www.laprovence.com\/article\/actualites\/921845\/marseille-un-pervers-dans-la-piscine-de-bonneveine.html\" target=\"_blank\" rel=\"noopener\">piscine municipale Bonnevein<\/a>e pour passer un coup de fil.<\/p>\n<p>Coups de crosse sur la t\u00eate<\/p>\n<p>C\u2019est alors que sortis de nulle part, deux individus auraient soudainement cern\u00e9 le conducteur en le mena\u00e7ant d\u2019une arme de poing, avant de lui ass\u00e9ner des coups de crosse sur la t\u00eate, puis de d\u00e9guerpir \u00e0 bord du v\u00e9hicule de la victime d\u2019un <a href=\"https:\/\/www.laprovence.com\/article\/faits-divers-justice\/2961385748389815\/marseille-une-adolescente-braquee-pour-sa-voiture-sans-permis\" target=\"_blank\" rel=\"noopener\">car-jacking<\/a> \u00e9clair.<\/p>\n<p>\u00c2g\u00e9 de 21\u00a0ans, l\u2019automobiliste d\u00e9poss\u00e9d\u00e9 de sa voiture, et de son t\u00e9l\u00e9phone rest\u00e9 dans l\u2019habitacle, a d\u00e9pos\u00e9 plainte aupr\u00e8s de la police.<\/p>\n","protected":false},"excerpt":{"rendered":"17h30 dimanche 11\u00a0mai dernier, avenue de Hambourg, dans le 8e arrondissement de Marseille. Sans doute bien inform\u00e9 que&hellip;\n","protected":false},"author":2,"featured_media":94906,"comment_status":"","ping_status":"","sticky":false,"template":"","format":"standard","meta":{"footnotes":""},"categories":[2814],"tags":[17,1111,11,1764,15738,3952,1777,674,274,1011,27,884,12,4615,471,882,25,20750],"class_list":{"0":"post-94905","1":"post","2":"type-post","3":"status-publish","4":"format-standard","5":"has-post-thumbnail","7":"category-marseille","8":"tag-17","9":"tag-actu","10":"tag-actualites","11":"tag-ans","12":"tag-automobiliste","13":"tag-coup","14":"tag-eu","15":"tag-europe","16":"tag-faits-divers-justice","17":"tag-fr","18":"tag-france","19":"tag-marseille","20":"tag-news","21":"tag-passer","22":"tag-pour","23":"tag-provence-alpes-cote-dazur","24":"tag-republique-francaise","25":"tag-sarrete"},"share_on_mastodon":{"url":"https:\/\/pubeurope.com\/@fr\/114496367694800050","error":""},"_links":{"self":[{"href":"https:\/\/www.europesays.com\/fr\/wp-json\/wp\/v2\/posts\/94905","targetHints":{"allow":["GET"]}}],"collection":[{"href":"https:\/\/www.europesays.com\/fr\/wp-json\/wp\/v2\/posts"}],"about":[{"href":"https:\/\/www.europesays.com\/fr\/wp-json\/wp\/v2\/types\/post"}],"author":[{"embeddable":true,"href":"https:\/\/www.europesays.com\/fr\/wp-json\/wp\/v2\/users\/2"}],"replies":[{"embeddable":true,"href":"https:\/\/www.europesays.com\/fr\/wp-json\/wp\/v2\/comments?post=94905"}],"version-history":[{"count":0,"href":"https:\/\/www.europesays.com\/fr\/wp-json\/wp\/v2\/posts\/94905\/revisions"}],"wp:featuredmedia":[{"embeddable":true,"href":"https:\/\/www.europesays.com\/fr\/wp-json\/wp\/v2\/media\/94906"}],"wp:attachment":[{"href":"https:\/\/www.europesays.com\/fr\/wp-json\/wp\/v2\/media?parent=94905"}],"wp:term":[{"taxonomy":"category","embeddable":true,"href":"https:\/\/www.europesays.com\/fr\/wp-json\/wp\/v2\/categories?post=94905"},{"taxonomy":"post_tag","embeddable":true,"href":"https:\/\/www.europesays.com\/fr\/wp-json\/wp\/v2\/tags?post=94905"}],"curies":[{"name":"wp","href":"https:\/\/api.w.org\/{rel}","templated":true}]}}