{"id":94910,"date":"2025-05-12T18:53:08","date_gmt":"2025-05-12T18:53:08","guid":{"rendered":"https:\/\/www.europesays.com\/fr\/94910\/"},"modified":"2025-05-12T18:53:08","modified_gmt":"2025-05-12T18:53:08","slug":"neuf-interpellations-apres-de-nouvelles-violences-urbaines-a-rillieux-la-pape","status":"publish","type":"post","link":"https:\/\/www.europesays.com\/fr\/94910\/","title":{"rendered":"neuf interpellations apr\u00e8s de nouvelles violences urbaines \u00e0 Rillieux-la-Pape"},"content":{"rendered":"<p>Policiers pris pour cible, cam\u00e9ras de vid\u00e9oprotection d\u00e9grad\u00e9es, v\u00e9hicule incendi\u00e9\u2026 La commune de Rillieux-la-Pape a v\u00e9cu des violences urbaines ces derniers jours. \u00ab\u00a0A plusieurs reprises, des d\u00e9linquants ont dress\u00e9 des guet-apens contre les forces de l\u2019ordre qui ont subi des caillassages violents\u00a0\u00bb, commente ce lundi le maire <strong>Alexandre Vincendet<\/strong>. Ce dernier annonce d\u2019ailleurs neuf interpellations dans le cadre de ces violences urbaines.<\/p>\n<p>Huit d\u2019entre eux sont \u00e2g\u00e9s de 11 \u00e0 17 ans. \u00ab\u00a0Comme c\u2019est d\u00e9sormais l\u2019usage, je convoquerai les parents de ces pr\u00e9venus pour leur proposer un accompagnement parental. S\u2019ils refusent, nous suspendrons les aides municipales dont ils peuvent b\u00e9n\u00e9ficier et lancerons une proc\u00e9dure d\u2019expulsion de leur logement social\u00a0\u00bb, pr\u00e9cise l\u2019\u00e9lu.<\/p>\n","protected":false},"excerpt":{"rendered":"Policiers pris pour cible, cam\u00e9ras de vid\u00e9oprotection d\u00e9grad\u00e9es, v\u00e9hicule incendi\u00e9\u2026 La commune de Rillieux-la-Pape a v\u00e9cu des violences&hellip;\n","protected":false},"author":2,"featured_media":94911,"comment_status":"","ping_status":"","sticky":false,"template":"","format":"standard","meta":{"footnotes":""},"categories":[1889],"tags":[1111,11,2813,2190,2430,1109,251,1112,2811,1777,674,118,1011,27,1922,1110,1114,2428,2810,12,241,316,25,2812,517,800],"class_list":{"0":"post-94910","1":"post","2":"type-post","3":"status-publish","4":"format-standard","5":"has-post-thumbnail","7":"category-lyon","8":"tag-actu","9":"tag-actualites","10":"tag-article","11":"tag-asvel","12":"tag-auvergne-rhone-alpes","13":"tag-breves","14":"tag-culture","15":"tag-depeches","16":"tag-economique","17":"tag-eu","18":"tag-europe","19":"tag-faits-divers","20":"tag-fr","21":"tag-france","22":"tag-info","23":"tag-informations","24":"tag-infos","25":"tag-lyon","26":"tag-lyonmag","27":"tag-news","28":"tag-ol","29":"tag-politique","30":"tag-republique-francaise","31":"tag-sociale","32":"tag-sport","33":"tag-transports"},"share_on_mastodon":{"url":"https:\/\/pubeurope.com\/@fr\/114496379551848833","error":""},"_links":{"self":[{"href":"https:\/\/www.europesays.com\/fr\/wp-json\/wp\/v2\/posts\/94910","targetHints":{"allow":["GET"]}}],"collection":[{"href":"https:\/\/www.europesays.com\/fr\/wp-json\/wp\/v2\/posts"}],"about":[{"href":"https:\/\/www.europesays.com\/fr\/wp-json\/wp\/v2\/types\/post"}],"author":[{"embeddable":true,"href":"https:\/\/www.europesays.com\/fr\/wp-json\/wp\/v2\/users\/2"}],"replies":[{"embeddable":true,"href":"https:\/\/www.europesays.com\/fr\/wp-json\/wp\/v2\/comments?post=94910"}],"version-history":[{"count":0,"href":"https:\/\/www.europesays.com\/fr\/wp-json\/wp\/v2\/posts\/94910\/revisions"}],"wp:featuredmedia":[{"embeddable":true,"href":"https:\/\/www.europesays.com\/fr\/wp-json\/wp\/v2\/media\/94911"}],"wp:attachment":[{"href":"https:\/\/www.europesays.com\/fr\/wp-json\/wp\/v2\/media?parent=94910"}],"wp:term":[{"taxonomy":"category","embeddable":true,"href":"https:\/\/www.europesays.com\/fr\/wp-json\/wp\/v2\/categories?post=94910"},{"taxonomy":"post_tag","embeddable":true,"href":"https:\/\/www.europesays.com\/fr\/wp-json\/wp\/v2\/tags?post=94910"}],"curies":[{"name":"wp","href":"https:\/\/api.w.org\/{rel}","templated":true}]}}