{"id":94914,"date":"2025-05-12T18:55:09","date_gmt":"2025-05-12T18:55:09","guid":{"rendered":"https:\/\/www.europesays.com\/fr\/94914\/"},"modified":"2025-05-12T18:55:09","modified_gmt":"2025-05-12T18:55:09","slug":"deux-clubs-dile-de-france-prets-a-fusionner","status":"publish","type":"post","link":"https:\/\/www.europesays.com\/fr\/94914\/","title":{"rendered":"Deux clubs d\u2019\u00cele-de-France pr\u00eats \u00e0 fusionner\u00a0?"},"content":{"rendered":"<p>C\u2019est la grosse information de la journ\u00e9e. Selon Midi Olympique, <strong>deux clubs franciliens sont en contacts afin d\u2019\u00e9voquer une fusion pour la saison 2026\/2027.<\/strong> Non on ne parle pas l\u00e0 du Stade Fran\u00e7ais et du Racing 92, <strong>mais bien de Massy et Suresnes<\/strong>.<\/p>\n<p>Les deux formations, distantes de 20 kilom\u00e8tres, auraient intensifi\u00e9 les discussions depuis un mois, comme le r\u00e9v\u00e8le le m\u00e9dia sportif. Si les deux pr\u00e9sidents ne peuvent s\u2019exprimer, li\u00e9s \u00e0 une clause de confidentialit\u00e9, un proche du dossier a livr\u00e9 quelques indiscr\u00e9tions au bihebdomadaire\u00a0: \u00ab\u00a0Chacun per\u00e7oit la difficult\u00e9 de faire fonctionner un projet vers la Pro D2 de fa\u00e7on isol\u00e9e. Le but, c\u2019est un peu comme l\u2019ont fait les clubs de Valence et de Romans, de cr\u00e9er une entit\u00e9 comp\u00e9titrice qui pourrait monter et se maintenir dans la deuxi\u00e8me division professionnelle \u00bb.<\/p>\n<p>S\u2019imposer en Pro D2<\/p>\n<p>Aujourd\u2019hui en Nationale, les deux entit\u00e9s respectives <strong>v\u00e9g\u00e8tent en troisi\u00e8me division fran\u00e7aise<\/strong>. Reconnu pour \u00eatre un grand pourvoyeur de talents et un club formateur, <strong>le RCME a termin\u00e9 \u00e0 une frustrante septi\u00e8me<\/strong> place, et ne s\u2019est donc pas qualifi\u00e9 pour les phases finales. \u00c0 Suresnes, <strong>malgr\u00e9 les investissements colossaux du pr\u00e9sident Laurent Piepszownik<\/strong> et un effectif taill\u00e9 pour le haut du tableau, <strong>le club a termin\u00e9 \u00e0 une triste douzi\u00e8me place seulement cinq points devant Langon<\/strong>, qui vient de s\u2019incliner lors du barrage contre Niort, ent\u00e9rinant sa descente en Nationale 2. Le manager David Auradou a d\u2019ailleurs \u00e9t\u00e9 remerci\u00e9 et Suresnes patauge.<\/p>\n<p>Alors si pour l\u2019instant le flou persiste, on assure que \u00ab\u00a0la discussion est vraiment lanc\u00e9e, ce n\u2019est pas une id\u00e9e lanc\u00e9e en l\u2019air \u00bb. Midi Olympique pr\u00e9cise que si fusion il y avait, cela ne concernerait que les \u00e9quipes professionnelles, alors que les deux associations resteraient ind\u00e9pendantes. L\u2019objectif serait donc \u00e0 court terme, de retrouver la Pro D2 et p\u00e9renniser ce nouveau club au deuxi\u00e8me \u00e9chelon du rugby hexagonal.<\/p>\n<p>Biberonn\u00e9 au rugby, tomb\u00e9 malade de ce sport lors de la Coupe du Monde 2003, alors que je savais \u00e0 peine marcher, je suis le seul sudiste ayant reni\u00e9 le Stade Toulousain pour l\u2019autre Stade\u2026 Fran\u00e7ais. Condamn\u00e9 \u00e0 souffrir avec mon club de c\u0153ur, j\u2019esp\u00e8re vous transmettre mon amour pour la balle ovale \u00e0 travers XV Ovalie !<\/p>\n","protected":false},"excerpt":{"rendered":"C\u2019est la grosse information de la journ\u00e9e. Selon Midi Olympique, deux clubs franciliens sont en contacts afin d\u2019\u00e9voquer&hellip;\n","protected":false},"author":2,"featured_media":94915,"comment_status":"","ping_status":"","sticky":false,"template":"","format":"standard","meta":{"footnotes":""},"categories":[1592],"tags":[1111,11,1777,674,1011,27,662,10118,20751,12,626,2308,25,20752],"class_list":{"0":"post-94914","1":"post","2":"type-post","3":"status-publish","4":"format-standard","5":"has-post-thumbnail","7":"category-ile-de-france","8":"tag-actu","9":"tag-actualites","10":"tag-eu","11":"tag-europe","12":"tag-fr","13":"tag-france","14":"tag-ile-de-france","15":"tag-massy","16":"tag-nationale1","17":"tag-news","18":"tag-paris","19":"tag-pro-d2","20":"tag-republique-francaise","21":"tag-suresnes"},"share_on_mastodon":{"url":"https:\/\/pubeurope.com\/@fr\/114496387848493510","error":""},"_links":{"self":[{"href":"https:\/\/www.europesays.com\/fr\/wp-json\/wp\/v2\/posts\/94914","targetHints":{"allow":["GET"]}}],"collection":[{"href":"https:\/\/www.europesays.com\/fr\/wp-json\/wp\/v2\/posts"}],"about":[{"href":"https:\/\/www.europesays.com\/fr\/wp-json\/wp\/v2\/types\/post"}],"author":[{"embeddable":true,"href":"https:\/\/www.europesays.com\/fr\/wp-json\/wp\/v2\/users\/2"}],"replies":[{"embeddable":true,"href":"https:\/\/www.europesays.com\/fr\/wp-json\/wp\/v2\/comments?post=94914"}],"version-history":[{"count":0,"href":"https:\/\/www.europesays.com\/fr\/wp-json\/wp\/v2\/posts\/94914\/revisions"}],"wp:featuredmedia":[{"embeddable":true,"href":"https:\/\/www.europesays.com\/fr\/wp-json\/wp\/v2\/media\/94915"}],"wp:attachment":[{"href":"https:\/\/www.europesays.com\/fr\/wp-json\/wp\/v2\/media?parent=94914"}],"wp:term":[{"taxonomy":"category","embeddable":true,"href":"https:\/\/www.europesays.com\/fr\/wp-json\/wp\/v2\/categories?post=94914"},{"taxonomy":"post_tag","embeddable":true,"href":"https:\/\/www.europesays.com\/fr\/wp-json\/wp\/v2\/tags?post=94914"}],"curies":[{"name":"wp","href":"https:\/\/api.w.org\/{rel}","templated":true}]}}