{"id":94916,"date":"2025-05-12T18:56:10","date_gmt":"2025-05-12T18:56:10","guid":{"rendered":"https:\/\/www.europesays.com\/fr\/94916\/"},"modified":"2025-05-12T18:56:10","modified_gmt":"2025-05-12T18:56:10","slug":"t18-laurent-ruquier-inaugurera-la-nouvelle-chaine-le-6-juin-a-19h45","status":"publish","type":"post","link":"https:\/\/www.europesays.com\/fr\/94916\/","title":{"rendered":"T18\u00a0: Laurent Ruquier inaugurera la nouvelle cha\u00eene le 6\u00a0juin \u00e0 19h45"},"content":{"rendered":"<p class=\"paragraph text_align_left\">\u00c0 J-25 du d\u00e9marrage, les r\u00e9unions se succ\u00e8dent \u00e0 T18. Les \u00e9quipes pr\u00e9parent le lancement pr\u00e9vu le vendredi 6 juin. Et, selon nos informations, c\u2019est <a href=\"https:\/\/www.leparisien.fr\/culture-loisirs\/tv\/laurent-ruquier-rejoint-t18-la-nouvelle-chaine-de-la-tnt-je-ne-pouvais-pas-refuser-05-04-2025-SOWQ7LR7GVG23OKFCX4HEDWIMY.php\" target=\"_blank\" rel=\"nofollow noopener\">Laurent Ruquier<\/a> qui donnera le coup d\u2019envoi de cette nouvelle cha\u00eene gratuite, qui sera diffus\u00e9e sur le canal 18 \u00e0 l\u2019issue du grand remue-m\u00e9nage dans la <a href=\"https:\/\/www.leparisien.fr\/culture-loisirs\/tv\/france-4-a-la-place-de-canal-lcppublic-senat-remplace-c8-la-nouvelle-numerotation-des-chaines-devoilee-13-01-2025-4NDH2CBGGZFAZFDLWDI2LPTJFM.php\" target=\"_blank\" rel=\"nofollow noopener\">num\u00e9rotation de la TNT, \u00e0 la suite de la fermeture de C8 et NRJ 12.<\/a><\/p>\n<p class=\"paragraph text_align_left\">L\u2018animateur des \u00ab Grosses T\u00eates \u00bb de RTL sera le visage principal de cette nouvelle cha\u00eene o\u00f9 il proposera, chaque fin de semaine, \u00e0 une heure de grande \u00e9coute, une \u00e9mission culturelle. Logiquement c\u2019est lui qui a \u00e9t\u00e9 choisi pour pr\u00e9senter \u00e0 partir de 19h45 \u00ab T18, c\u2019est maintenant \u00bb, une \u00e9mission sp\u00e9ciale d\u2019\u00e0 peu pr\u00e8s une heure, la toute premi\u00e8re de l\u2019existence de T18. C\u2019est Serge Khalfon, le r\u00e9alisateur de \u00ab Tout le monde en parle \u00bb, qui sera aux manettes en r\u00e9gie.<\/p>\n<p class=\"paragraph text_align_left\">\u00ab On aurait pu commencer \u00e0 0h01 ou d\u00e8s le petit matin mais nous voulions d\u00e9marrer \u00e0 une heure de grande \u00e9coute, pour \u00eatre s\u00fbrs que les premiers pas de T18 soient vus \u00bb, d\u00e9crypte Christopher Baldelli, le pr\u00e9sident de cette cha\u00eene du groupe CMI M\u00e9dia de l\u2019homme d\u2019affaires tch\u00e8que Daniel Kretinsky, d\u00e9j\u00e0 propri\u00e9taire, entre autres, d\u2019Elle et T\u00e9l\u00e9 7 jours.<\/p>\n<p>Du cin\u00e9ma avant 21 heures<\/p>\n<p class=\"paragraph text_align_left\">Cette toute premi\u00e8re \u00e9mission sera l\u2019occasion pour T18, de pr\u00e9senter sa ligne \u00e9ditoriale g\u00e9n\u00e9rale, ses futurs programmes et leurs pr\u00e9sentateurs dont Matthieu Croissandeau, ex-\u00e9ditorialiste de BFMTV et Ava Djamshidi, la r\u00e9dactrice en chef du magazine Elle.<\/p>\n<p class=\"paragraph text_align_left\">\u00c0 l\u2019issue de \u00ab T18, c\u2019est maintenant \u00bb, la premi\u00e8re soir\u00e9e proposera une rediffusion du film \u00ab Yves Saint Laurent \u00bb de Jalil Lespert, qui a valu en 2015 le C\u00e9sar du meilleur acteur \u00e0 Pierre Niney. \u00ab Le film d\u00e9butera entre 20h45 et 21 heures, ce qui sera une des marques de fabrique de T18, qui d\u00e9butera syst\u00e9matiquement ses programmes de premi\u00e8re partie de soir\u00e9e de bonne heure \u00bb, insiste Christopher Baldelli, qui, c\u00f4t\u00e9 programmation, a d\u00e9cid\u00e9 de s\u2019inspirer davantage d\u2019Arte que de TMC ou W 9 <a href=\"https:\/\/www.leparisien.fr\/culture-loisirs\/tv\/television-pourquoi-les-prime-time-commencent-toujours-plus-tard-02-10-2022-24SCF6PBXFER3CJSNUM6NZRHCY.php\" target=\"_blank\" rel=\"nofollow noopener\">qui commencent leurs films ou leurs magazines vers 21h15<\/a>.<\/p>\n<p class=\"paragraph text_align_left\">\u00c0 22h30, Matthieu Croissandeau pr\u00e9sentera la toute premi\u00e8re de \u00ab Pour tout dire \u00bb, son rendez-vous quotidien sur l\u2019actualit\u00e9. Contrairement \u00e0 ce que pensaient les observateurs, ce rendez-vous ne sera pas propos\u00e9 en access prime time face \u00e0 \u00ab Quotidien \u00bb, \u00ab C \u00e0 vous \u00bb ou la nouvelle \u00e9mission de <a href=\"https:\/\/www.leparisien.fr\/culture-loisirs\/cyril-hanouna\/\" target=\"_blank\" rel=\"nofollow noopener\">Cyril Hanouna<\/a>, mais en deuxi\u00e8me partie de soir\u00e9e. Une strat\u00e9gie de programmation maligne puisque la concurrence \u00e0 cette heure-l\u00e0 est plus faible, ce qui devrait permettre \u00e0 \u00ab Pour tout dire \u00bb de se distinguer plus facilement.<\/p>\n","protected":false},"excerpt":{"rendered":"\u00c0 J-25 du d\u00e9marrage, les r\u00e9unions se succ\u00e8dent \u00e0 T18. Les \u00e9quipes pr\u00e9parent le lancement pr\u00e9vu le vendredi&hellip;\n","protected":false},"author":2,"featured_media":94917,"comment_status":"","ping_status":"","sticky":false,"template":"","format":"standard","meta":{"footnotes":""},"categories":[1888],"tags":[1111,1928,11,1927,872,1777,674,1011,27,12,1926,626,1925,25,2205],"class_list":{"0":"post-94916","1":"post","2":"type-post","3":"status-publish","4":"format-standard","5":"has-post-thumbnail","7":"category-paris","8":"tag-actu","9":"tag-actu-paris","10":"tag-actualites","11":"tag-actualites-paris","12":"tag-culture-et-loisirs","13":"tag-eu","14":"tag-europe","15":"tag-fr","16":"tag-france","17":"tag-news","18":"tag-news-paris","19":"tag-paris","20":"tag-paris-news","21":"tag-republique-francaise","22":"tag-television-medias"},"share_on_mastodon":{"url":"https:\/\/pubeurope.com\/@fr\/114496391364476626","error":""},"_links":{"self":[{"href":"https:\/\/www.europesays.com\/fr\/wp-json\/wp\/v2\/posts\/94916","targetHints":{"allow":["GET"]}}],"collection":[{"href":"https:\/\/www.europesays.com\/fr\/wp-json\/wp\/v2\/posts"}],"about":[{"href":"https:\/\/www.europesays.com\/fr\/wp-json\/wp\/v2\/types\/post"}],"author":[{"embeddable":true,"href":"https:\/\/www.europesays.com\/fr\/wp-json\/wp\/v2\/users\/2"}],"replies":[{"embeddable":true,"href":"https:\/\/www.europesays.com\/fr\/wp-json\/wp\/v2\/comments?post=94916"}],"version-history":[{"count":0,"href":"https:\/\/www.europesays.com\/fr\/wp-json\/wp\/v2\/posts\/94916\/revisions"}],"wp:featuredmedia":[{"embeddable":true,"href":"https:\/\/www.europesays.com\/fr\/wp-json\/wp\/v2\/media\/94917"}],"wp:attachment":[{"href":"https:\/\/www.europesays.com\/fr\/wp-json\/wp\/v2\/media?parent=94916"}],"wp:term":[{"taxonomy":"category","embeddable":true,"href":"https:\/\/www.europesays.com\/fr\/wp-json\/wp\/v2\/categories?post=94916"},{"taxonomy":"post_tag","embeddable":true,"href":"https:\/\/www.europesays.com\/fr\/wp-json\/wp\/v2\/tags?post=94916"}],"curies":[{"name":"wp","href":"https:\/\/api.w.org\/{rel}","templated":true}]}}