{"id":94920,"date":"2025-05-12T18:58:12","date_gmt":"2025-05-12T18:58:12","guid":{"rendered":"https:\/\/www.europesays.com\/fr\/94920\/"},"modified":"2025-05-12T18:58:12","modified_gmt":"2025-05-12T18:58:12","slug":"chute-mortelle-dune-lyceenne-depuis-le-toit-du-pantheon-la-piste-du-suicide-se-confirme","status":"publish","type":"post","link":"https:\/\/www.europesays.com\/fr\/94920\/","title":{"rendered":"Chute mortelle d\u2019une lyc\u00e9enne depuis le toit du Panth\u00e9on : la piste du suicide se confirme"},"content":{"rendered":"<p class=\"paragraph text_align_left\">Les <a href=\"https:\/\/www.leparisien.fr\/paris-75\/arc-de-triomphe-pantheon-hotel-de-la-marine-cinq-sites-parisiens-bientot-inscrits-domaines-nationaux-11-10-2024-PZRCBIRP3RBBNOM75EN6NRCW2Q.php\" target=\"_blank\" rel=\"nofollow noopener\">portes du Panth\u00e9on<\/a> sont rest\u00e9es closes ce lundi 12 mai et ne rouvriront au public qu\u2019\u00e0 10 heures, mardi 13 mai. Devant les grilles noires qui bordent le monument, juste en face de la mairie du Ve arrondissement, des touristes venus pour visiter le site ne comprennent pas.<\/p>\n<p class=\"paragraph text_align_left\">Jeremy et sa m\u00e8re Murik, des Toulousains, avaient achet\u00e9 leur billet il y a plusieurs mois. \u00ab Je suis en train de leur envoyer un message parce que ce n\u2019est pas indiqu\u00e9. On n\u2019a pas re\u00e7u de mail alors qu\u2019on avait fait une r\u00e9servation depuis mars \u00bb, confie le fils. Si la frustration est l\u00e0, le bin\u00f4me saisit imm\u00e9diatement le caract\u00e8re exceptionnel de cette fermeture lorsqu\u2019on leur explique le <a href=\"https:\/\/www.leparisien.fr\/paris-75\/paris-une-jeune-femme-se-tue-en-chutant-du-toit-du-pantheon-11-05-2025-D5PCI5QYKVBG5C6KTO3BCORYKE.php?ts=1747040315113\" target=\"_blank\" rel=\"nofollow noopener\">drame qui est arriv\u00e9 ici la veille<\/a>.<\/p>\n","protected":false},"excerpt":{"rendered":"Les portes du Panth\u00e9on sont rest\u00e9es closes ce lundi 12 mai et ne rouvriront au public qu\u2019\u00e0 10&hellip;\n","protected":false},"author":2,"featured_media":94921,"comment_status":"","ping_status":"","sticky":false,"template":"","format":"standard","meta":{"footnotes":""},"categories":[1888],"tags":[11,1777,674,118,1011,27,1944,12,626,25],"class_list":{"0":"post-94920","1":"post","2":"type-post","3":"status-publish","4":"format-standard","5":"has-post-thumbnail","7":"category-paris","8":"tag-actualites","9":"tag-eu","10":"tag-europe","11":"tag-faits-divers","12":"tag-fr","13":"tag-france","14":"tag-ma-ville","15":"tag-news","16":"tag-paris","17":"tag-republique-francaise"},"share_on_mastodon":{"url":"https:\/\/pubeurope.com\/@fr\/114496399337293108","error":""},"_links":{"self":[{"href":"https:\/\/www.europesays.com\/fr\/wp-json\/wp\/v2\/posts\/94920","targetHints":{"allow":["GET"]}}],"collection":[{"href":"https:\/\/www.europesays.com\/fr\/wp-json\/wp\/v2\/posts"}],"about":[{"href":"https:\/\/www.europesays.com\/fr\/wp-json\/wp\/v2\/types\/post"}],"author":[{"embeddable":true,"href":"https:\/\/www.europesays.com\/fr\/wp-json\/wp\/v2\/users\/2"}],"replies":[{"embeddable":true,"href":"https:\/\/www.europesays.com\/fr\/wp-json\/wp\/v2\/comments?post=94920"}],"version-history":[{"count":0,"href":"https:\/\/www.europesays.com\/fr\/wp-json\/wp\/v2\/posts\/94920\/revisions"}],"wp:featuredmedia":[{"embeddable":true,"href":"https:\/\/www.europesays.com\/fr\/wp-json\/wp\/v2\/media\/94921"}],"wp:attachment":[{"href":"https:\/\/www.europesays.com\/fr\/wp-json\/wp\/v2\/media?parent=94920"}],"wp:term":[{"taxonomy":"category","embeddable":true,"href":"https:\/\/www.europesays.com\/fr\/wp-json\/wp\/v2\/categories?post=94920"},{"taxonomy":"post_tag","embeddable":true,"href":"https:\/\/www.europesays.com\/fr\/wp-json\/wp\/v2\/tags?post=94920"}],"curies":[{"name":"wp","href":"https:\/\/api.w.org\/{rel}","templated":true}]}}