{"id":94924,"date":"2025-05-12T19:00:11","date_gmt":"2025-05-12T19:00:11","guid":{"rendered":"https:\/\/www.europesays.com\/fr\/94924\/"},"modified":"2025-05-12T19:00:11","modified_gmt":"2025-05-12T19:00:11","slug":"reunis-a-londres-les-europeens-evoquent-de-nouvelles-sanctions-contre-la-russie-liberation","status":"publish","type":"post","link":"https:\/\/www.europesays.com\/fr\/94924\/","title":{"rendered":"r\u00e9unis \u00e0 Londres, les Europ\u00e9ens \u00e9voquent de nouvelles sanctions contre la Russie \u2013 Lib\u00e9ration"},"content":{"rendered":"<p class=\"sc-ksZaOG ehjQrN text-element\">Ils ont beau savoir &#8211; d\u2019exp\u00e9rience ! &#8211; qu\u2019un post de Donald Trump sur les r\u00e9seaux sociaux peut tout envoyer valser, les leaders europ\u00e9ens veulent appara\u00eetre fermes. En fin de matin\u00e9e du lundi 12 mai, le gouvernement allemand a ressorti la montre, <a href=\"https:\/\/www.liberation.fr\/international\/europe\/guerre-en-ukraine-lue-adopte-un-seizieme-train-de-sanctions-contre-la-russie-20250224_GRVJCPPGLVEJVHBLWQZZLXJXQE\/\" target=\"_blank\" rel=\"nofollow noopener\" title=\"https:\/\/www.liberation.fr\/international\/europe\/guerre-en-ukraine-lue-adopte-un-seizieme-train-de-sanctions-contre-la-russie-20250224_GRVJCPPGLVEJVHBLWQZZLXJXQE\/\">mena\u00e7ant la Russie de nouvelles sanctions<\/a> si elle n\u2019acceptait pas l\u2019offre am\u00e9ricaine d\u2019un <a href=\"https:\/\/www.liberation.fr\/international\/europe\/guerre-en-ukraine-les-deux-belligerants-ont-besoin-dun-cessez-le-feu-20250511_LQBXMNTTDVHT5K6RZOUKH2DPFU\/\" target=\"_blank\" rel=\"nofollow noopener\" title=\"https:\/\/www.liberation.fr\/international\/europe\/guerre-en-ukraine-les-deux-belligerants-ont-besoin-dun-cessez-le-feu-20250511_LQBXMNTTDVHT5K6RZOUKH2DPFU\/\">cessez-le-feu avant lundi soir<\/a>.<\/p>\n<p class=\"sc-ksZaOG ehjQrN text-element\">C\u2019\u00e9tait la limite que les Europ\u00e9ens avaient \u00e9tablie <a href=\"https:\/\/www.liberation.fr\/international\/europe\/coalition-des-volontaires-macron-starmer-merz-et-tusk-aux-cotes-de-zelensky-a-kyiv-pour-un-sommet-historique-20250510_IATJ5TI45NBDVLGKTLM3RQGNMQ\/\" target=\"_blank\" rel=\"nofollow noopener\" title=\"https:\/\/www.liberation.fr\/international\/europe\/coalition-des-volontaires-macron-starmer-merz-et-tusk-aux-cotes-de-zelensky-a-kyiv-pour-un-sommet-historique-20250510_IATJ5TI45NBDVLGKTLM3RQGNMQ\/\">lors de la visite \u00e0 Kyiv samedi<\/a>. \u00abPoutine n\u2019avait pas besoin de conditions lorsqu\u2019il voulait un cessez-le-feu pour organiser un d\u00e9fil\u00e9. Il n\u2019en a pas besoin maintenant\u00bb, a pr\u00e9venu le Premier ministre britannique Keir Starmer. Mais Donald Trump a \u00e9clat\u00e9 la deadline d\u00e8s le lendemain en disant que les pr\u00e9sidents russe et ukrainien devaient se rencontrer pour parler de paix.<\/p>\n<p class=\"sc-ksZaOG ehjQrN text-element\">L\u2019\u00e9ch\u00e9ance de lundi soir n\u2019est pas dans le communiqu\u00e9 final des pays du Weimar + qui se sont rencontr\u00e9s \u00e0 Londres ce lundi. \u00abJusqu\u2019\u00e0 pr\u00e9sent, la Russie n\u2019a pas montr\u00e9 d\u2019intention s\u00e9rieuse de faire progresser les n\u00e9gociations. Elle doit le faire sans tarder\u00bb, lit-on plus sobrement. Ce groupe de nations, r\u00e9uni pour la sixi\u00e8me fois, comprend le Triangle de Weimar (France, Allemagne, Pologne) \u00e9largi \u00e0 l\u2019Italie, \u00e0 l\u2019Espagne, au Royaume-Uni et \u00e0 la Commission europ\u00e9enne.<\/p>\n<p class=\"sc-ksZaOG ehjQrN text-element\">Cr\u00e9\u00e9 en f\u00e9vrier, il doit r\u00e9pondre \u00e0 Vladimir Poutine et \u00e0 Donald Trump, qui avaient d\u00e9cid\u00e9 que les n\u00e9gociations de paix se feraient sans l\u2019Europe &#8211; et sans l\u2019Ukraine. Pour cette rencontre, Keir Starmer souhaitait \u00e9galement d\u00e9montrer que le Royaume-Uni \u00e9tait fermement ancr\u00e9 \u00e0 l\u2019Europe sur la question de l\u2019Ukraine.<\/p>\n<p class=\"sc-ksZaOG ehjQrN text-element\">Car l\u2019objectif de cette r\u00e9union \u00e9tait aussi de r\u00e9affirmer les efforts conjoints pour la s\u00e9curit\u00e9 euroatlantique. \u00abLes pays europ\u00e9ens doivent jouer un r\u00f4le encore plus important pour assurer notre propre s\u00e9curit\u00e9\u00bb, dit le communiqu\u00e9. La r\u00e9union s\u2019est conclue sur les engagements habituels : renforcer les capacit\u00e9s ukrainiennes, et menacer Moscou de nouvelles sanctions. Mais sans accord de paix, la promesse \u00abd\u2019\u00e9tudier la cr\u00e9ation d\u2019une coalition de forces de r\u00e9assurance a\u00e9riennes, terrestres et maritimes\u00bb sonne creux.<\/p>\n<p class=\"sc-ksZaOG ehjQrN text-element\">La rencontre \u00e0 Lancaster House montre surtout \u00e0 quel point les Europ\u00e9ens sont d\u00e9pendants du vent que souffle Donald Trump\u2026 et ils doivent lui dire merci aussi. Ils ont salu\u00e9 \u00ables efforts de paix men\u00e9s par les Etats-Unis et la perspective de nouveaux pourparlers cette semaine\u00bb.<\/p>\n","protected":false},"excerpt":{"rendered":"Ils ont beau savoir &#8211; d\u2019exp\u00e9rience ! &#8211; qu\u2019un post de Donald Trump sur les r\u00e9seaux sociaux peut&hellip;\n","protected":false},"author":2,"featured_media":94925,"comment_status":"","ping_status":"","sticky":false,"template":"","format":"standard","meta":{"footnotes":""},"categories":[1591],"tags":[11,312,1887,12,1885,1886,132,220,297,135,134],"class_list":{"0":"post-94924","1":"post","2":"type-post","3":"status-publish","4":"format-standard","5":"has-post-thumbnail","7":"category-russie","8":"tag-actualites","9":"tag-diplomatie","10":"tag-federation-de-russie","11":"tag-news","12":"tag-russia","13":"tag-russian-federation","14":"tag-russie","15":"tag-ukraine","16":"tag-ukraine-la-crise","17":"tag-vladimir-poutine","18":"tag-volodymyr-zelensky"},"share_on_mastodon":{"url":"https:\/\/pubeurope.com\/@fr\/114496407122136541","error":""},"_links":{"self":[{"href":"https:\/\/www.europesays.com\/fr\/wp-json\/wp\/v2\/posts\/94924","targetHints":{"allow":["GET"]}}],"collection":[{"href":"https:\/\/www.europesays.com\/fr\/wp-json\/wp\/v2\/posts"}],"about":[{"href":"https:\/\/www.europesays.com\/fr\/wp-json\/wp\/v2\/types\/post"}],"author":[{"embeddable":true,"href":"https:\/\/www.europesays.com\/fr\/wp-json\/wp\/v2\/users\/2"}],"replies":[{"embeddable":true,"href":"https:\/\/www.europesays.com\/fr\/wp-json\/wp\/v2\/comments?post=94924"}],"version-history":[{"count":0,"href":"https:\/\/www.europesays.com\/fr\/wp-json\/wp\/v2\/posts\/94924\/revisions"}],"wp:featuredmedia":[{"embeddable":true,"href":"https:\/\/www.europesays.com\/fr\/wp-json\/wp\/v2\/media\/94925"}],"wp:attachment":[{"href":"https:\/\/www.europesays.com\/fr\/wp-json\/wp\/v2\/media?parent=94924"}],"wp:term":[{"taxonomy":"category","embeddable":true,"href":"https:\/\/www.europesays.com\/fr\/wp-json\/wp\/v2\/categories?post=94924"},{"taxonomy":"post_tag","embeddable":true,"href":"https:\/\/www.europesays.com\/fr\/wp-json\/wp\/v2\/tags?post=94924"}],"curies":[{"name":"wp","href":"https:\/\/api.w.org\/{rel}","templated":true}]}}