{"id":949364,"date":"2026-05-22T06:59:11","date_gmt":"2026-05-22T06:59:11","guid":{"rendered":"https:\/\/www.europesays.com\/fr\/949364\/"},"modified":"2026-05-22T06:59:11","modified_gmt":"2026-05-22T06:59:11","slug":"coupe-de-france-65-gardes-a-vue-et-6-blesses-a-paris-apres-des-bagarres-impliquant-des-supporters-de-nice","status":"publish","type":"post","link":"https:\/\/www.europesays.com\/fr\/949364\/","title":{"rendered":"Coupe de France\u00a0: 65 gardes \u00e0 vue et 6 bless\u00e9s \u00e0 Paris apr\u00e8s des bagarres impliquant des supporters de Nice"},"content":{"rendered":"<p>Ils cherchaient \u00ab\u00a0manifestement \u00e0 en d\u00e9coudre\u00a0\u00bb, selon la pr\u00e9fecture de police. Jeudi soir, \u00e0 la veille de la finale de la <a href=\"https:\/\/www.20minutes.fr\/sport\/coupe-de-france\/\" class=\"c-link c-link--is-underlined\" rel=\"nofollow noopener\" target=\"_blank\">Coupe de France<\/a>, soixante-cinq personnes ont \u00e9t\u00e9 interpell\u00e9es et plac\u00e9es en garde \u00e0 vue apr\u00e8s des bagarres impliquant des <a href=\"https:\/\/www.20minutes.fr\/sport\/football\/ligue-1\/4224020-20260518-ligue-1-envahissement-terrain-supporteurs-cagoules-nantes-nice-fin-saison-chaos\" class=\"c-link c-link--is-underlined\" rel=\"nofollow noopener\" target=\"_blank\">supporters de l\u2019OGC Nice<\/a> \u00e0 Paris. Six personnes ont \u00e9t\u00e9 bless\u00e9es dans ces affrontements, dont une gri\u00e8vement.<\/p>\n<p>Une centaine de <a href=\"https:\/\/www.20minutes.fr\/sport\/football\/ligue-1\/4224607-20260521-ligue-1-rien-epargne-nice-jouera-barrage-contre-saint-etienne-huis-clos\" class=\"c-link c-link--is-underlined\" rel=\"nofollow noopener\" target=\"_blank\">supporters ni\u00e7ois<\/a> se sont r\u00e9unis vers 23h30 dans le 10e\u00a0arrondissement, dans l\u2019est de la capitale. Ils ont d\u00e9ambul\u00e9 le long du Canal Saint-Martin avant qu\u2019une importante rixe \u00e9clate quai de Valmy \u00ab\u00a0pour un motif ignor\u00e9 \u00e0 ce stade\u00a0\u00bb. L\u2019une des victimes \u00ab\u00a0a pris un coup de tesson \u00e0 la gorge et (une autre) a pris un coup de couteau dans le dos\u00a0\u00bb, pr\u00e9cise <a href=\"https:\/\/www.leparisien.fr\/faits-divers\/finale-de-la-coupe-de-france-65-interpellations-et-six-blesses-apres-une-importante-rixe-a-paris-impliquant-des-ultras-nicois-22-05-2026-QP3O53Z6CNAIDHDM7S6I57OIJQ.php\" rel=\"nofollow noopener\" target=\"_blank\" class=\"c-link c-link--is-underlined\">Le Parisien<\/a>. Le bar L\u2019Atmosph\u00e8re, situ\u00e9 dans le quartier, a \u00e9galement \u00e9t\u00e9 d\u00e9grad\u00e9.<\/p>\n<\/p>\n<p>Cagoules, gants coqu\u00e9s et armes blanches<\/p>\n<p>Les forces de l\u2019ordre sont intervenues et ont proc\u00e9d\u00e9 \u00e0 l\u2019interpellation de 65 personnes qui ont \u00e9t\u00e9 plac\u00e9es en garde \u00e0 vue \u00ab\u00a0notamment pour participation \u00e0 un groupement en vue de commettre des violences\u00a0\u00bb, pr\u00e9cise la pr\u00e9fecture de police. <a href=\"https:\/\/www.20minutes.fr\/faits_divers\/4219722-20260422-etoiles-ninja-cannes-epees-plus-3-500-armes-blanches-decouvertes-douanes-entrepot-francilien\" class=\"c-link c-link--is-underlined\" rel=\"nofollow noopener\" target=\"_blank\">Des armes blanches<\/a> et armes par destination ont \u00e9t\u00e9 d\u00e9couvertes ainsi que des cagoules et gants coqu\u00e9s.<\/p>\n<p><a href=\"https:\/\/www.20minutes.fr\/paris\/4202231-20260220-municipales-2026-paris-david-belliard-candidat-11e-habite-19e-possible-ca\" class=\"c-link c-link--is-underlined\" rel=\"nofollow noopener\" target=\"_blank\">Le maire du 11e\u00a0arrondissement, David Belliard<\/a>, a d\u00e9nonc\u00e9 sur X \u00ab\u00a0un cort\u00e8ge de militants d\u2019extr\u00eame droite en plein Paris, qui se battent et sont violents\u00a0\u00bb. \u00ab\u00a0Ces gens n\u2019ont rien \u00e0 faire l\u00e0. Nous ne voulons ni d\u2019eux, ni de leur id\u00e9ologie raciste ici\u00a0\u00bb, a ajout\u00e9 l\u2019\u00e9lu \u00e9cologiste.<\/p>\n<blockquote class=\"twitter-tweet\" align=\"center\" data-lang=\"fr_FR\">\n<p lang=\"fr\" dir=\"ltr\">Un cort\u00e8ge de militants d&rsquo;extr\u00eame-droite en plein Paris, qui se battent et sont violents. Ces gens n&rsquo;ont rien \u00e0 faire l\u00e0. Nous ne voulons ni d&rsquo;eux, ni de leur id\u00e9ologie raciste ici. <a href=\"https:\/\/t.co\/OFmhtRv4NV\" rel=\"nofollow\">https:\/\/t.co\/OFmhtRv4NV<\/a><\/p>\n<p>\u2014 David Belliard (@David_Belliard) <a href=\"https:\/\/twitter.com\/David_Belliard\/status\/2057589108311052319?ref_src=twsrc%5Etfw\" rel=\"nofollow noopener\" target=\"_blank\">May 21, 2026<\/a><\/p><\/blockquote>\n<p class=\"mb-m@xs text-l@xs\">En cliquant sur\u00ab J\u2019accepte \u00bb, vous acceptez le d\u00e9p\u00f4t de cookies par des services externes et aurez ainsi acc\u00e8s aux contenus de nos partenaires.<\/p>\n<p class=\"mb-xl@xs text-s@xs\">Plus d\u2019informations sur la page<a href=\"https:\/\/www.20minutes.fr\/gestion-cookies\" class=\"mx-xxs@xs color-ultramarine\" rel=\"nofollow noopener\" target=\"_blank\">Politique de gestion des cookies<\/a><\/p>\n<p>J\u2019accepte2.000 policiers<\/p>\n<p><a href=\"https:\/\/www.20minutes.fr\/sport\/football\/4224646-20260522-lens-nice-chaine-tv-heure-voir-finale-coupe-france\" class=\"c-link c-link--is-underlined\" rel=\"nofollow noopener\" target=\"_blank\">L\u2019OGC Nice affronte Lens en finale de la Coupe de France<\/a> de football vendredi \u00e0 21 heures au Stade de France. Class\u00e9 \u00e0 risque par la Division nationale de lutte contre le hooliganisme (DNLH), le match fait l\u2019objet d\u2019un important dispositif, avec plus de 2.000 policiers pr\u00e9vus.<\/p>\n<p>La pr\u00e9fecture de Seine-Saint-Denis a \u00e9galement d\u00e9cid\u00e9 d\u2019interdire la vente de boissons alcoolis\u00e9es sur place et aux abords imm\u00e9diats du <a href=\"https:\/\/www.20minutes.fr\/sport\/football\/4216599-20260403-equipe-france-apres-an-absence-bleus-retour-stade-france-30-prochaines-annees\" class=\"c-link c-link--is-underlined\" rel=\"nofollow noopener\" target=\"_blank\">Stade de France<\/a>, ainsi que leur consommation sur la voie publique.<\/p>\n<p><script async src=\"https:\/\/platform.twitter.com\/widgets.js\" charset=\"utf-8\"><\/script><\/p>\n","protected":false},"excerpt":{"rendered":"Ils cherchaient \u00ab\u00a0manifestement \u00e0 en d\u00e9coudre\u00a0\u00bb, selon la pr\u00e9fecture de police. Jeudi soir, \u00e0 la veille de la&hellip;\n","protected":false},"author":2,"featured_media":949365,"comment_status":"","ping_status":"","sticky":false,"template":"","format":"standard","meta":{"footnotes":"","_share_on_mastodon":"0"},"categories":[1888],"tags":[47,11,2898,83,1777,674,118,658,63,1011,27,662,4253,12,2401,2268,883,626,882,25,5510,14478,1015,2336],"class_list":["post-949364","post","type-post","status-publish","format-standard","has-post-thumbnail","category-paris","tag-actualite","tag-actualites","tag-alpes-maritimes","tag-coupe-de-france","tag-eu","tag-europe","tag-faits-divers","tag-faits-divers-paris","tag-football","tag-fr","tag-france","tag-ile-de-france","tag-lens","tag-news","tag-nice","tag-ogc-nice","tag-paca","tag-paris","tag-provence-alpes-cote-dazur","tag-republique-francaise","tag-rixe","tag-stade-de-france","tag-supporter","tag-ultras"],"share_on_mastodon":{"url":"https:\/\/pubeurope.com\/@fr\/116616938522353030","error":""},"_links":{"self":[{"href":"https:\/\/www.europesays.com\/fr\/wp-json\/wp\/v2\/posts\/949364","targetHints":{"allow":["GET"]}}],"collection":[{"href":"https:\/\/www.europesays.com\/fr\/wp-json\/wp\/v2\/posts"}],"about":[{"href":"https:\/\/www.europesays.com\/fr\/wp-json\/wp\/v2\/types\/post"}],"author":[{"embeddable":true,"href":"https:\/\/www.europesays.com\/fr\/wp-json\/wp\/v2\/users\/2"}],"replies":[{"embeddable":true,"href":"https:\/\/www.europesays.com\/fr\/wp-json\/wp\/v2\/comments?post=949364"}],"version-history":[{"count":0,"href":"https:\/\/www.europesays.com\/fr\/wp-json\/wp\/v2\/posts\/949364\/revisions"}],"wp:featuredmedia":[{"embeddable":true,"href":"https:\/\/www.europesays.com\/fr\/wp-json\/wp\/v2\/media\/949365"}],"wp:attachment":[{"href":"https:\/\/www.europesays.com\/fr\/wp-json\/wp\/v2\/media?parent=949364"}],"wp:term":[{"taxonomy":"category","embeddable":true,"href":"https:\/\/www.europesays.com\/fr\/wp-json\/wp\/v2\/categories?post=949364"},{"taxonomy":"post_tag","embeddable":true,"href":"https:\/\/www.europesays.com\/fr\/wp-json\/wp\/v2\/tags?post=949364"}],"curies":[{"name":"wp","href":"https:\/\/api.w.org\/{rel}","templated":true}]}}