{"id":94938,"date":"2025-05-12T19:07:08","date_gmt":"2025-05-12T19:07:08","guid":{"rendered":"https:\/\/www.europesays.com\/fr\/94938\/"},"modified":"2025-05-12T19:07:08","modified_gmt":"2025-05-12T19:07:08","slug":"saluts-nazis-symboles-ss-les-images-exclusives-au-coeur-de-la-ceremonie-neofasciste-du-c9m-liberation","status":"publish","type":"post","link":"https:\/\/www.europesays.com\/fr\/94938\/","title":{"rendered":"Saluts nazis, symboles SS\u2026 les images exclusives au c\u0153ur de la c\u00e9r\u00e9monie n\u00e9ofasciste du C9M \u2013 Lib\u00e9ration"},"content":{"rendered":"<p class=\"sc-ksZaOG ehjQrN text-element\">C\u00f4t\u00e9 face, c\u2019est un d\u00e9fil\u00e9 sinistre derri\u00e8re de grands drapeaux noirs frapp\u00e9s de la croix celtique des n\u00e9ofascistes. C\u00f4t\u00e9 pile, c\u2019est encore pire. Lib\u00e9ration r\u00e9v\u00e8le ce lundi 12 mai des images exclusives des coulisses de la <a href=\"https:\/\/www.liberation.fr\/politique\/extreme-droite-les-neofascistes-du-c9m-esperent-defiler-samedi-a-paris-20250509_47XJKKEMPBDGLGNW4SXZCV2XHM\/\" target=\"_blank\" rel=\"nofollow noopener\">manifestation d\u2019extr\u00eame droite radicale<\/a> qui s\u2019est tenue samedi \u00e0 Paris, \u00e0 l\u2019appel du \u00abC9M\u00bb (Comit\u00e9 du 9 mai). Dans la petite cour de l\u2019immeuble de la rue des Chartreux (VIe arrondissement) o\u00f9 se termine la marche, les militants radicaux se sont livr\u00e9s \u00e0 des saluts nazis pour \u00abhonorer\u00bb la m\u00e9moire d\u2019un des leurs, S\u00e9bastien Deyzieu, mort accidentellement sur les lieux le 9 mai 1994.<\/p>\n","protected":false},"excerpt":{"rendered":"C\u00f4t\u00e9 face, c\u2019est un d\u00e9fil\u00e9 sinistre derri\u00e8re de grands drapeaux noirs frapp\u00e9s de la croix celtique des n\u00e9ofascistes.&hellip;\n","protected":false},"author":2,"featured_media":94939,"comment_status":"","ping_status":"","sticky":false,"template":"","format":"standard","meta":{"footnotes":""},"categories":[2],"tags":[11,1076,1011,27,12,25],"class_list":{"0":"post-94938","1":"post","2":"type-post","3":"status-publish","4":"format-standard","5":"has-post-thumbnail","7":"category-actualites","8":"tag-actualites","9":"tag-extreme-droite","10":"tag-fr","11":"tag-france","12":"tag-news","13":"tag-republique-francaise"},"share_on_mastodon":{"url":"https:\/\/pubeurope.com\/@fr\/114496434620884082","error":""},"_links":{"self":[{"href":"https:\/\/www.europesays.com\/fr\/wp-json\/wp\/v2\/posts\/94938","targetHints":{"allow":["GET"]}}],"collection":[{"href":"https:\/\/www.europesays.com\/fr\/wp-json\/wp\/v2\/posts"}],"about":[{"href":"https:\/\/www.europesays.com\/fr\/wp-json\/wp\/v2\/types\/post"}],"author":[{"embeddable":true,"href":"https:\/\/www.europesays.com\/fr\/wp-json\/wp\/v2\/users\/2"}],"replies":[{"embeddable":true,"href":"https:\/\/www.europesays.com\/fr\/wp-json\/wp\/v2\/comments?post=94938"}],"version-history":[{"count":0,"href":"https:\/\/www.europesays.com\/fr\/wp-json\/wp\/v2\/posts\/94938\/revisions"}],"wp:featuredmedia":[{"embeddable":true,"href":"https:\/\/www.europesays.com\/fr\/wp-json\/wp\/v2\/media\/94939"}],"wp:attachment":[{"href":"https:\/\/www.europesays.com\/fr\/wp-json\/wp\/v2\/media?parent=94938"}],"wp:term":[{"taxonomy":"category","embeddable":true,"href":"https:\/\/www.europesays.com\/fr\/wp-json\/wp\/v2\/categories?post=94938"},{"taxonomy":"post_tag","embeddable":true,"href":"https:\/\/www.europesays.com\/fr\/wp-json\/wp\/v2\/tags?post=94938"}],"curies":[{"name":"wp","href":"https:\/\/api.w.org\/{rel}","templated":true}]}}