{"id":94942,"date":"2025-05-12T19:09:10","date_gmt":"2025-05-12T19:09:10","guid":{"rendered":"https:\/\/www.europesays.com\/fr\/94942\/"},"modified":"2025-05-12T19:09:10","modified_gmt":"2025-05-12T19:09:10","slug":"economie-gl-events-decroche-les-cles-du-stade-de-france-pour-les-30-prochaines-annees","status":"publish","type":"post","link":"https:\/\/www.europesays.com\/fr\/94942\/","title":{"rendered":"Economie. GL Events d\u00e9croche les cl\u00e9s du Stade de France pour les 30 prochaines ann\u00e9es"},"content":{"rendered":"<p>Le groupe lyonnais GL Events a annonc\u00e9 ce lundi soir \u00ab avoir \u00e9t\u00e9 d\u00e9sign\u00e9 attributaire \u00bb par l&rsquo;Etat de la concession d&rsquo;exploitation du Stade de France pour une dur\u00e9e de 30 ans apr\u00e8s des mois de proc\u00e9dure.<\/p>\n<p>Pr\u00e9f\u00e9r\u00e9 \u00e0 l&rsquo;actuel concessionnaire Vinci-Bouygues, en place depuis 1995, GL Events prendra les cl\u00e9s de l&rsquo;enceinte situ\u00e9e en Seine-Saint-Denis le 5 ao\u00fbt. Il faudra avant formellement qu&rsquo;il signe le contrat de concession avec l&rsquo;Etat fran\u00e7ais. <\/p>\n","protected":false},"excerpt":{"rendered":"Le groupe lyonnais GL Events a annonc\u00e9 ce lundi soir \u00ab avoir \u00e9t\u00e9 d\u00e9sign\u00e9 attributaire \u00bb par l&rsquo;Etat&hellip;\n","protected":false},"author":2,"featured_media":94943,"comment_status":"","ping_status":"","sticky":false,"template":"","format":"standard","meta":{"footnotes":""},"categories":[4],"tags":[11,33,107,1011,27,329,12,25,517,1947],"class_list":{"0":"post-94942","1":"post","2":"type-post","3":"status-publish","4":"format-standard","5":"has-post-thumbnail","7":"category-france","8":"tag-actualites","9":"tag-economie","10":"tag-fil-info","11":"tag-fr","12":"tag-france","13":"tag-france-monde","14":"tag-news","15":"tag-republique-francaise","16":"tag-sport","17":"tag-sport-national"},"share_on_mastodon":{"url":"https:\/\/pubeurope.com\/@fr\/114496442578996644","error":""},"_links":{"self":[{"href":"https:\/\/www.europesays.com\/fr\/wp-json\/wp\/v2\/posts\/94942","targetHints":{"allow":["GET"]}}],"collection":[{"href":"https:\/\/www.europesays.com\/fr\/wp-json\/wp\/v2\/posts"}],"about":[{"href":"https:\/\/www.europesays.com\/fr\/wp-json\/wp\/v2\/types\/post"}],"author":[{"embeddable":true,"href":"https:\/\/www.europesays.com\/fr\/wp-json\/wp\/v2\/users\/2"}],"replies":[{"embeddable":true,"href":"https:\/\/www.europesays.com\/fr\/wp-json\/wp\/v2\/comments?post=94942"}],"version-history":[{"count":0,"href":"https:\/\/www.europesays.com\/fr\/wp-json\/wp\/v2\/posts\/94942\/revisions"}],"wp:featuredmedia":[{"embeddable":true,"href":"https:\/\/www.europesays.com\/fr\/wp-json\/wp\/v2\/media\/94943"}],"wp:attachment":[{"href":"https:\/\/www.europesays.com\/fr\/wp-json\/wp\/v2\/media?parent=94942"}],"wp:term":[{"taxonomy":"category","embeddable":true,"href":"https:\/\/www.europesays.com\/fr\/wp-json\/wp\/v2\/categories?post=94942"},{"taxonomy":"post_tag","embeddable":true,"href":"https:\/\/www.europesays.com\/fr\/wp-json\/wp\/v2\/tags?post=94942"}],"curies":[{"name":"wp","href":"https:\/\/api.w.org\/{rel}","templated":true}]}}