{"id":94954,"date":"2025-05-12T19:17:09","date_gmt":"2025-05-12T19:17:09","guid":{"rendered":"https:\/\/www.europesays.com\/fr\/94954\/"},"modified":"2025-05-12T19:17:09","modified_gmt":"2025-05-12T19:17:09","slug":"le-premier-championnat-de-france-de-gravel-attribue-actualite","status":"publish","type":"post","link":"https:\/\/www.europesays.com\/fr\/94954\/","title":{"rendered":"Le premier Championnat de France de gravel attribu\u00e9 &#8211; Actualit\u00e9"},"content":{"rendered":"<p style=\"text-align: justify;\">Annul\u00e9 en 2024 \u00e0 quelques jours de sa date pr\u00e9vue (<a href=\"https:\/\/www.directvelo.com\/actualite\/115658\/le-championnat-de-france-gravel-annule\" target=\"_blank\" rel=\"noopener\"><strong>lire ici<\/strong><\/a>), le premier Championnat de France devrait avoir bien lieu cette ann\u00e9e. La F\u00e9d\u00e9ration fran\u00e7aise de cyclisme a d\u00e9cid\u00e9 de d\u00e9cerner les maillots bleu-blanc-rouge dans le cadre de Gravel Fever, du 26 au 28 septembre dans la Communaut\u00e9 d&rsquo;Agglom\u00e9ration du Grand Ch\u00e2tellerault.<\/p>\n<p><strong>Le programme :<\/strong><br \/>-Elite Hommes (19-34 ans) et par cat\u00e9gories d&rsquo;\u00e2ge (35-39 ans, 40-44 ans, 45-49 ans, 50-54 ans et 55-59 ans) : 150 km,<br \/>-Elite Femmes (19-34 ans) et par cat\u00e9gories d&rsquo;\u00e2ge (35-39 ans, 40-44 ans, 45-49 ans, 50-54 ans, 55-59 ans, 60-64 ans, 65-69 ans et 70 ans et plus) : 120 km,<br \/>-Hommes (60-64 ans, 65-69 ans, 70 ans et plus) : 120 km,<br \/>-Juniors Femmes et Hommes : 80 km,<br \/>-Cadets et Cadettes : 50 km.<\/p>\n<p>Les courses sont ouvertes \u00e0 tous, licenci\u00e9s ou non, mais seuls les licenci\u00e9s peuvent pr\u00e9tendre au maillot et aux m\u00e9dailles sur le podium.<\/p>\n","protected":false},"excerpt":{"rendered":"Annul\u00e9 en 2024 \u00e0 quelques jours de sa date pr\u00e9vue (lire ici), le premier Championnat de France devrait&hellip;\n","protected":false},"author":2,"featured_media":94955,"comment_status":"","ping_status":"","sticky":false,"template":"","format":"standard","meta":{"footnotes":""},"categories":[1411],"tags":[834,828,836,829,837,827,83,826,824,823,1154,207,814,817,815,816,822,821,832,211,839,1011,27,820,818,819,835,831,830,833,838,60,212,208,825],"class_list":{"0":"post-94954","1":"post","2":"type-post","3":"status-publish","4":"format-standard","5":"has-post-thumbnail","7":"category-cyclisme","8":"tag-attaque","9":"tag-belgique","10":"tag-braquet","11":"tag-bretagne","12":"tag-chute","13":"tag-competition","14":"tag-coupe-de-france","15":"tag-coureur","16":"tag-course-cyclisme","17":"tag-course-cycliste","18":"tag-cycling","19":"tag-cyclisme","20":"tag-direct","21":"tag-direct-velo","22":"tag-directvelo","23":"tag-directvelo-com","24":"tag-epreuve","25":"tag-epreuve-cycliste","26":"tag-federation-francaise-de-cyclisme","27":"tag-ffc","28":"tag-flandres","29":"tag-fr","30":"tag-france","31":"tag-live","32":"tag-live-course","33":"tag-live-epreuve","34":"tag-peloton","35":"tag-radio-peloton","36":"tag-radio-tour","37":"tag-ravitaillement","38":"tag-relance","39":"tag-sports","40":"tag-uci","41":"tag-velo","42":"tag-velos"},"share_on_mastodon":{"url":"https:\/\/pubeurope.com\/@fr\/114496473936115018","error":""},"_links":{"self":[{"href":"https:\/\/www.europesays.com\/fr\/wp-json\/wp\/v2\/posts\/94954","targetHints":{"allow":["GET"]}}],"collection":[{"href":"https:\/\/www.europesays.com\/fr\/wp-json\/wp\/v2\/posts"}],"about":[{"href":"https:\/\/www.europesays.com\/fr\/wp-json\/wp\/v2\/types\/post"}],"author":[{"embeddable":true,"href":"https:\/\/www.europesays.com\/fr\/wp-json\/wp\/v2\/users\/2"}],"replies":[{"embeddable":true,"href":"https:\/\/www.europesays.com\/fr\/wp-json\/wp\/v2\/comments?post=94954"}],"version-history":[{"count":0,"href":"https:\/\/www.europesays.com\/fr\/wp-json\/wp\/v2\/posts\/94954\/revisions"}],"wp:featuredmedia":[{"embeddable":true,"href":"https:\/\/www.europesays.com\/fr\/wp-json\/wp\/v2\/media\/94955"}],"wp:attachment":[{"href":"https:\/\/www.europesays.com\/fr\/wp-json\/wp\/v2\/media?parent=94954"}],"wp:term":[{"taxonomy":"category","embeddable":true,"href":"https:\/\/www.europesays.com\/fr\/wp-json\/wp\/v2\/categories?post=94954"},{"taxonomy":"post_tag","embeddable":true,"href":"https:\/\/www.europesays.com\/fr\/wp-json\/wp\/v2\/tags?post=94954"}],"curies":[{"name":"wp","href":"https:\/\/api.w.org\/{rel}","templated":true}]}}