{"id":94966,"date":"2025-05-12T19:23:10","date_gmt":"2025-05-12T19:23:10","guid":{"rendered":"https:\/\/www.europesays.com\/fr\/94966\/"},"modified":"2025-05-12T19:23:10","modified_gmt":"2025-05-12T19:23:10","slug":"zazie-assume-ses-cheveux-blancs-elle-revient-sur-les-commentaires-quelle-a-recues","status":"publish","type":"post","link":"https:\/\/www.europesays.com\/fr\/94966\/","title":{"rendered":"Zazie assume ses cheveux blancs, elle revient sur les commentaires qu&rsquo;elle a re\u00e7ues"},"content":{"rendered":"<p>Discr\u00e8te dans les m\u00e9dias ces derniers temps, Zazie a accept\u00e9 de participer \u00e0 l&rsquo;\u00e9mission La Bonne Copine diffus\u00e9e sur YouTube. Un entretien pendant lequel la chanteuse de 61 ans n&rsquo;a \u00e9lud\u00e9 aucun sujet, pas m\u00eame sur ses cheveux blancs.<\/p>\n<p>Apr\u00e8s avoir remport\u00e9 <a href=\"https:\/\/www.programme-tv.net\/news\/tv\/353689-the-voice-2024-qui-a-gagne-la-saison-13\/\" data-api-deeplink=\"teleloisirs:\/\/news\/353689\" target=\"_blank\" rel=\"noopener\">la saison 13 de The Voice<\/a> en mai 2024 avec <a href=\"https:\/\/www.programme-tv.net\/news\/musique\/353701-exclu-ca-peut-paraitre-pretentieux-mais-alphonse-the-voice-2024-explique-pourquoi-il-a-refuse-un-titre-ecrit-par-sa-coach-zazie\/\" data-api-deeplink=\"teleloisirs:\/\/news\/353701\" target=\"_blank\" rel=\"noopener\">son talent <b>Alphonse Marie<\/b><\/a>, Zazie a fait son retour sur sc\u00e8ne lors du <a href=\"https:\/\/www.programme-tv.net\/news\/people\/372796-pourquoi-mimie-mathy-est-elle-en-fauteuil-roulant-sur-le-spectacle-des-enfoires-2025-elle-s-explique\/\" data-api-deeplink=\"teleloisirs:\/\/news\/372796\" target=\"_blank\" rel=\"noopener\">spectacle des Enfoir\u00e9s<\/a>, en mars dernier. Prochainement, les 28, 29 et 30 prochains, la chanteuse rejoindra plusieurs personnalit\u00e9s, de Christophe Willem \u00e0 Cali en passant par Antoine Delie pour trois concerts des Aventuriers d&rsquo;un autre Monde au Luxembourg puis \u00e0 Bruxelles ainsi qu&rsquo;au Festival Rolling Sa\u00f4ne. Une annonce faite sur <a href=\"https:\/\/www.instagram.com\/p\/DH6XqrlNaKs\/\" target=\"_blank\" rel=\"noopener\">sa page Instagram<\/a> et qui n&rsquo;a pas manqu\u00e9 de faire plaisir \u00e0 ses fans. \u00ab\u00a0J&rsquo;attends ce moment\u00a0\u00bb, \u00ab\u00a0Mais ouiiiii !\u00a0\u00bb, \u00ab\u00a0Trop h\u00e2te de la revoir\u00a0\u00bb, peut-on lire dans le fil des commentaires.<\/p>\n<p>Zazie sans filtre sur ses cheveux blancs, comment le public a-t-il r\u00e9agi \u00e0 sa transformation capillaire ?<\/p>\n<p>La semaine derni\u00e8re, Zazie \u00e9tait l&rsquo;invit\u00e9e de l&rsquo;\u00e9mission <a href=\"https:\/\/www.youtube.com\/@LaBonneCopine\" target=\"_blank\" rel=\"noopener\">La Bonne Copine<\/a> sur YouTube. Un entretien pendant lequel elle a fait des confidences intimes sur sa vie aussi bien professionnelle que personnelle. \u00ab\u00a0J&rsquo;ai toujours l&rsquo;impression d&rsquo;avoir cet enfant en moi (&#8230;) Je ne sais pas jusqu&rsquo;\u00e0 quand j&rsquo;aurais envie de cette exposition m\u00e9diatique (&#8230;) J&rsquo;ai un app\u00e9tit encore de faire des choses\u00a0\u00bb, a-t-elle fait savoir. Le sujet de ses <a href=\"https:\/\/www.programme-tv.net\/news\/people\/337952-zazie-agacee-par-les-questions-sur-ses-cheveux-blanc-sa-reponse-geniale\/\" data-api-deeplink=\"teleloisirs:\/\/news\/337952\" target=\"_blank\" rel=\"noopener\">cheveux blancs<\/a> a lui aussi \u00e9t\u00e9 \u00e9voqu\u00e9. Le regard des gens a-t-il chang\u00e9 depuis qu&rsquo;elle arbore cette nouvelle couleur de cheveux ? \u00ab\u00a0De ce que j&rsquo;ai pu en percevoir, <b>le public s&rsquo;en fichait un peu<\/b>. Oui, il y a eu des petits commentaires, mais comme je ne passe pas ma vie sur Instagram o\u00f9 \u00e0 regarder les r\u00e9seaux parce que je pense que c&rsquo;est tr\u00e8s toxique. C&rsquo;\u00e9tait plut\u00f4t bizarrement assez positif, en grande majorit\u00e9. Du genre : &lsquo;Ah ouais, c&rsquo;est bien, elle a du courage'\u00a0\u00bb, a-t-elle r\u00e9pondu.<\/p>\n<p>                        \u00ab\u00a0Ce qui chose dans les gens, c&rsquo;est&#8230;\u00a0\u00bb<\/p>\n<p>Du c\u00f4t\u00e9 des m\u00e9dias et \u00ab\u00a0pour le m\u00e9tier\u00a0\u00bb, \u00ab\u00a0\u00e7a a \u00e9t\u00e9 une autre paire de manche\u00a0\u00bb, a-t-elle assur\u00e9. Et d&rsquo;ajouter : \u00ab\u00a0C&rsquo;\u00e9tait dingue, j&rsquo;ai hallucin\u00e9. J&rsquo;ai commenc\u00e9 par une m\u00e8che, en me disant : &lsquo;\u00c7a va \u00eatre marrant, j&rsquo;arr\u00eate les teintures'\u00a0\u00bb s&rsquo;est-elle souvenue avant de raconter que son label lui avait demand\u00e9 si elle \u00e9tait s\u00fbre de son choix capillaire. \u00ab\u00a0Ce qui choque les gens dans le fait d&rsquo;avoir une femme avec les cheveux gris, c&rsquo;est la propre notion de sa mortalit\u00e9\u00a0\u00bb, a-t-elle poursuivi. Des gens lui ont m\u00eame dit qu&rsquo;elle avait pris cher. \u00ab\u00a0<b>\u00c7a m&rsquo;a donn\u00e9 en effet au niveau de la soci\u00e9t\u00e9 (&#8230;) un coup de vieux.<\/b> Je me r\u00e9veillais en me disant : &lsquo;On dirait Daniel Guichard&rsquo;, mais finalement, je me suis dit que \u00e7a allait \u00eatre salutaire\u00a0\u00bb, a-t-elle finalement jug\u00e9.<\/p>\n<\/p>\n<p>        <script async src=\"\/\/www.instagram.com\/embed.js\"><\/script><\/p>\n","protected":false},"excerpt":{"rendered":"Discr\u00e8te dans les m\u00e9dias ces derniers temps, Zazie a accept\u00e9 de participer \u00e0 l&rsquo;\u00e9mission La Bonne Copine diffus\u00e9e&hellip;\n","protected":false},"author":2,"featured_media":94967,"comment_status":"","ping_status":"","sticky":false,"template":"","format":"standard","meta":{"footnotes":""},"categories":[1355],"tags":[244,58,59,1011,27,1361,873,9283],"class_list":{"0":"post-94966","1":"post","2":"type-post","3":"status-publish","4":"format-standard","5":"has-post-thumbnail","7":"category-musique","8":"tag-commentaire","9":"tag-divertissement","10":"tag-entertainment","11":"tag-fr","12":"tag-france","13":"tag-music","14":"tag-musique","15":"tag-zazie"},"share_on_mastodon":{"url":"https:\/\/pubeurope.com\/@fr\/114496497637635494","error":""},"_links":{"self":[{"href":"https:\/\/www.europesays.com\/fr\/wp-json\/wp\/v2\/posts\/94966","targetHints":{"allow":["GET"]}}],"collection":[{"href":"https:\/\/www.europesays.com\/fr\/wp-json\/wp\/v2\/posts"}],"about":[{"href":"https:\/\/www.europesays.com\/fr\/wp-json\/wp\/v2\/types\/post"}],"author":[{"embeddable":true,"href":"https:\/\/www.europesays.com\/fr\/wp-json\/wp\/v2\/users\/2"}],"replies":[{"embeddable":true,"href":"https:\/\/www.europesays.com\/fr\/wp-json\/wp\/v2\/comments?post=94966"}],"version-history":[{"count":0,"href":"https:\/\/www.europesays.com\/fr\/wp-json\/wp\/v2\/posts\/94966\/revisions"}],"wp:featuredmedia":[{"embeddable":true,"href":"https:\/\/www.europesays.com\/fr\/wp-json\/wp\/v2\/media\/94967"}],"wp:attachment":[{"href":"https:\/\/www.europesays.com\/fr\/wp-json\/wp\/v2\/media?parent=94966"}],"wp:term":[{"taxonomy":"category","embeddable":true,"href":"https:\/\/www.europesays.com\/fr\/wp-json\/wp\/v2\/categories?post=94966"},{"taxonomy":"post_tag","embeddable":true,"href":"https:\/\/www.europesays.com\/fr\/wp-json\/wp\/v2\/tags?post=94966"}],"curies":[{"name":"wp","href":"https:\/\/api.w.org\/{rel}","templated":true}]}}