{"id":949756,"date":"2026-05-22T11:14:15","date_gmt":"2026-05-22T11:14:15","guid":{"rendered":"https:\/\/www.europesays.com\/fr\/949756\/"},"modified":"2026-05-22T11:14:15","modified_gmt":"2026-05-22T11:14:15","slug":"letat-met-15-milliard-deuros-sur-la-table-pour-le-quantique-et-les-semi-conducteurs-en-france","status":"publish","type":"post","link":"https:\/\/www.europesays.com\/fr\/949756\/","title":{"rendered":"L\u2019\u00c9tat met 1,5 milliard d\u2019euros sur la table pour le quantique et les semi-conducteurs en France"},"content":{"rendered":"<p>\n    De nouveaux cr\u00e9dits vont \u00eatre d\u00e9bloqu\u00e9s sur ces deux secteurs au titre de l\u2019enveloppe France 2030. \u00c0 l\u2019occasion d\u2019un \u00e9v\u00e9nement ce vendredi en r\u00e9gion parisienne, Emmanuel Macron va \u00e9galement faire un appel \u00e0 la coop\u00e9ration europ\u00e9enne.<\/p>\n<p class=\"fig-paragraph\">\u00c0 moins d\u2019un an de la fin de son mandat, Emmanuel Macron veut soigner son bilan en mati\u00e8re d\u2019innovation. Du c\u00f4t\u00e9 de Bruy\u00e8res-le-Ch\u00e2tel ce vendredi midi, le pr\u00e9sident de la R\u00e9publique et plusieurs membres du gouvernement sont attendus sur un site du CEA avec des annonces d\u2019investissements importants sous le bras. Tir\u00e9 de\u00a0<a href=\"http:\/\/www.lefigaro.fr\/conjoncture\/appels-a-projet-trop-nombreux-gouvernance-a-ameliorer-le-plan-d-investissements-france-2030-patit-de-sa-complexite-20260415\" data-fig-type=\"NewsFlash\" data-gtm-custom-categorie=\"navigation\" data-gtm-custom-action=\"crossclick\" data-gtm-custom-label=\"Contextuel\" data-gtm-event=\"customEventSPE\" data-fig-domain=\"LEFIGARO\" rel=\"nofollow noopener\" target=\"_blank\">l\u2019enveloppe France 2030<\/a>, un milliard d\u2019euros de soutien public va \u00eatre engag\u00e9 pour la fili\u00e8re quantique, et 550 millions d\u2019euros suppl\u00e9mentaires pour celle des semi-conducteurs.<\/p>\n<p class=\"fig-paragraph\">\u00ab Il y a une acc\u00e9l\u00e9ration des lev\u00e9es de fonds sur le quantique, notamment aux \u00c9tats-Unis, ainsi que des rachats l\u00e0 encore par les grands acteurs technologiques am\u00e9ricains. Il faut que la France reste absolument dans la course\u00bb, justifie-t-on du c\u00f4t\u00e9 de l\u2019\u00c9lys\u00e9e. Hasard du calendrier, l\u2019administration am\u00e9ricaine annon\u00e7ait jeudi apr\u00e8s-midi un investissement de 2 milliards de dollars pour soutenir ses plus grosses soci\u00e9t\u00e9s engag\u00e9es dans le quantique \u00e0 commencer par IBM.<\/p>\n<p class=\"fig-body-link\">\n            \u00c0 lire aussi<br \/>\n        <a class=\"fig-body-link__link fig-premium-mark\" href=\"http:\/\/www.lefigaro.fr\/secteur\/high-tech\/de-google-a-anthropic-pourquoi-les-grands-acteurs-de-l-ia-concoivent-leurs-propres-puces-20260415\" data-fig-type=\"Article\" data-gtm-custom-categorie=\"navigation\" data-gtm-custom-action=\"crossclick\" data-gtm-custom-label=\"Contextuel\" data-gtm-event=\"customEventSPE\" data-fig-domain=\"LEFIGARO\" rel=\"nofollow noopener\" target=\"_blank\"><br \/>\n                De Google \u00e0 Anthropic, pourquoi les grands acteurs de l\u2019IA con\u00e7oivent leurs propres puces<br \/>\n    <\/a>\n<\/p>\n<p class=\"fig-paragraph\">Du c\u00f4t\u00e9 des semi-conducteurs, l\u2019ex\u00e9cutif\u2026<\/p>\n<p class=\"fig-premium-paywall__infos\">\n        Cet article est r\u00e9serv\u00e9 aux abonn\u00e9s.        Il vous reste 81% \u00e0 d\u00e9couvrir.\n    <\/p>\n<p>                <img  data- alt=\"Le Figaro\" class=\"fig-img--complete fig-img\"\/><\/p>\n<p class=\"fig-premium-paywall__title\">Vente Flash<\/p>\n<p class=\"fig-premium-paywall__subtitle\">-70% sur votre abonnement. Sans engagement.<\/p>\n<p class=\"fig-premium-paywall__connect\">\n                D\u00e9j\u00e0 abonn\u00e9\u00a0?                <a class=\"fig-premium-paywall__connect-link\" href=\"https:\/\/connect.lefigaro.fr\/login?client=horizon_web&amp;type=main&amp;redirect_uri=https%3A%2F%2Fwww.lefigaro.fr%2Fsecteur%2Fhigh-tech%2Fl-etat-met-1-5-milliard-d-euros-sur-la-table-pour-le-quantique-et-les-semi-conducteurs-en-france-20260522\" data-js-gtm=\"{&quot;event&quot;:&quot;customEventGA4&quot;,&quot;eventName&quot;:&quot;click_action&quot;,&quot;feature&quot;:&quot;paywall&quot;,&quot;location&quot;:&quot;paywall&quot;,&quot;button_action&quot;:&quot;connect&quot;,&quot;click_text&quot;:&quot;Connectez-vous&quot;}\" rel=\"nofollow noopener\" target=\"_blank\"><br \/>\n                    Connectez-vous<br \/>\n                <\/a>\n            <\/p>\n","protected":false},"excerpt":{"rendered":"De nouveaux cr\u00e9dits vont \u00eatre d\u00e9bloqu\u00e9s sur ces deux secteurs au titre de l\u2019enveloppe France 2030. \u00c0 l\u2019occasion&hellip;\n","protected":false},"author":2,"featured_media":949757,"comment_status":"","ping_status":"","sticky":false,"template":"","format":"standard","meta":{"footnotes":"","_share_on_mastodon":"0"},"categories":[6],"tags":[35,33,34,1011,27,15486,11869],"class_list":["post-949756","post","type-post","status-publish","format-standard","has-post-thumbnail","category-economie","tag-business","tag-economie","tag-economy","tag-fr","tag-france","tag-informatique-quantique","tag-semi-conducteurs"],"share_on_mastodon":{"url":"https:\/\/pubeurope.com\/@fr\/116617941486807678","error":""},"_links":{"self":[{"href":"https:\/\/www.europesays.com\/fr\/wp-json\/wp\/v2\/posts\/949756","targetHints":{"allow":["GET"]}}],"collection":[{"href":"https:\/\/www.europesays.com\/fr\/wp-json\/wp\/v2\/posts"}],"about":[{"href":"https:\/\/www.europesays.com\/fr\/wp-json\/wp\/v2\/types\/post"}],"author":[{"embeddable":true,"href":"https:\/\/www.europesays.com\/fr\/wp-json\/wp\/v2\/users\/2"}],"replies":[{"embeddable":true,"href":"https:\/\/www.europesays.com\/fr\/wp-json\/wp\/v2\/comments?post=949756"}],"version-history":[{"count":0,"href":"https:\/\/www.europesays.com\/fr\/wp-json\/wp\/v2\/posts\/949756\/revisions"}],"wp:featuredmedia":[{"embeddable":true,"href":"https:\/\/www.europesays.com\/fr\/wp-json\/wp\/v2\/media\/949757"}],"wp:attachment":[{"href":"https:\/\/www.europesays.com\/fr\/wp-json\/wp\/v2\/media?parent=949756"}],"wp:term":[{"taxonomy":"category","embeddable":true,"href":"https:\/\/www.europesays.com\/fr\/wp-json\/wp\/v2\/categories?post=949756"},{"taxonomy":"post_tag","embeddable":true,"href":"https:\/\/www.europesays.com\/fr\/wp-json\/wp\/v2\/tags?post=949756"}],"curies":[{"name":"wp","href":"https:\/\/api.w.org\/{rel}","templated":true}]}}