{"id":94981,"date":"2025-05-12T19:31:08","date_gmt":"2025-05-12T19:31:08","guid":{"rendered":"https:\/\/www.europesays.com\/fr\/94981\/"},"modified":"2025-05-12T19:31:08","modified_gmt":"2025-05-12T19:31:08","slug":"entre-emmanuel-macron-et-francois-bayrou-les-relations-se-troublent","status":"publish","type":"post","link":"https:\/\/www.europesays.com\/fr\/94981\/","title":{"rendered":"Entre Emmanuel Macron et Fran\u00e7ois Bayrou, les relations se troublent"},"content":{"rendered":"<p><strong>R\u00c9CIT &#8211; <\/strong>Le pr\u00e9sident et son premier ministre, pourtant alli\u00e9s depuis 2017, voient leurs rapports mis \u00e0 l\u2019\u00e9preuve du pouvoir. Comme sur le recours au r\u00e9f\u00e9rendum qu\u2019Emmanuel Macron pourrait annoncer mardi soir sur TF1.<\/p>\n<p class=\"fig-paragraph\">Ce mardi 13\u00a0mai,\u00a0<a href=\"http:\/\/www.lefigaro.fr\/actualite-france\/corse-nouvelle-caledonie-emmanuel-macron-empetre-dans-les-differentes-lignes-de-son-gouvernement-20250506\" data-fig-type=\"Article\" data-gtm-custom-categorie=\"navigation\" data-gtm-custom-action=\"crossclick\" data-gtm-custom-label=\"Contextuel\" data-gtm-event=\"customEventSPE\" data-fig-domain=\"LEFIGARO\" rel=\"nofollow noopener\" target=\"_blank\">Emmanuel Macron<\/a>\u00a0s\u2019adressera aux Fran\u00e7ais et \u00e0 son premier ministre. Depuis l\u2019H\u00f4tel de Matignon,\u00a0<a href=\"http:\/\/www.lefigaro.fr\/politique\/souverainete-energetique-a-l-assemblee-francois-bayrou-sous-la-menace-du-rn-et-de-lr-20250428\" data-fig-type=\"Article\" data-gtm-custom-categorie=\"navigation\" data-gtm-custom-action=\"crossclick\" data-gtm-custom-label=\"Contextuel\" data-gtm-event=\"customEventSPE\" data-fig-domain=\"LEFIGARO\" rel=\"nofollow noopener\" target=\"_blank\">Fran\u00e7ois Bayrou<\/a>\u00a0compte suivre l\u2019\u00e9mission diffus\u00e9e \u00e0 20\u00a0h\u00a010 sur TF1, lors de laquelle le pr\u00e9sident de la R\u00e9publique doit aborder un \u00e9ventuel cessez-le-feu en Ukraine, o\u00f9 il s\u2019est rendu ce week-end, et faire une incursion sur son terrain\u00a0: la politique int\u00e9rieure. Une mani\u00e8re pour lui d\u2019op\u00e9rer un spectaculaire retour m\u00e9diatique, plus de deux heures durant, au d\u00e9triment du chef du gouvernement, toujours menac\u00e9 de censure \u00e0 l\u2019<a href=\"http:\/\/www.lefigaro.fr\/politique\/a-ma-place-de-yael-braun-pivet-le-livre-confession-d-une-militante-associative-devenue-presidente-de-l-assemblee-nationale-20250414\" data-fig-type=\"Article\" data-gtm-custom-categorie=\"navigation\" data-gtm-custom-action=\"crossclick\" data-gtm-custom-label=\"Contextuel\" data-gtm-event=\"customEventSPE\" data-fig-domain=\"LEFIGARO\" rel=\"nofollow noopener\" target=\"_blank\">Assembl\u00e9e nationale<\/a>.<\/p>\n<p class=\"fig-paragraph\">Entre les deux alli\u00e9s de la campagne pr\u00e9sidentielle de 2017, les relations, faites de respect et de vouvoiement, virent \u00e0 la lutte d\u2019influence. Les deux hommes, qui se sont affich\u00e9s c\u00f4te \u00e0 c\u00f4te jeudi, \u00e0 Paris, lors du 80e\u00a0anniversaire de la victoire du 8\u00a0mai 1945, se sont livr\u00e9s \u00e0 un rapport de force ces derniers jours. Son objet\u00a0: le r\u00e9f\u00e9rendum qu\u2019Emmanuel Macron envisage d\u2019annoncer mardi soir.<\/p>\n<p class=\"fig-body-link\">\n            \u00c0 lire aussi<br \/>\n        <a class=\"fig-body-link__link fig-premium-mark\" href=\"http:\/\/www.lefigaro.fr\/politique\/les-francais-approuvent-l-idee-d-un-referendum-mais-60-pensent-que-macron-ne-le-fera-pas-20250509\" data-fig-type=\"Article\" data-gtm-custom-categorie=\"navigation\" data-gtm-custom-action=\"crossclick\" data-gtm-custom-label=\"Contextuel\" data-gtm-event=\"customEventSPE\" data-fig-domain=\"LEFIGARO\" rel=\"nofollow noopener\" target=\"_blank\">Les Fran\u00e7ais approuvent l\u2019id\u00e9e d\u2019un r\u00e9f\u00e9rendum&#8230; mais 60% pensent que Macron ne le fera pas<br \/>\n    <\/a>\n<\/p>\n<p class=\"fig-paragraph\">En proposant r\u00e9cemment une consultation\u2026<\/p>\n<p class=\"fig-premium-paywall__infos\">\n        Cet article est r\u00e9serv\u00e9 aux abonn\u00e9s.        Il vous reste 85% \u00e0 d\u00e9couvrir.\n    <\/p>\n<p>                <img  data- alt=\"Le Figaro\" class=\"fig-img--complete fig-img\"\/><\/p>\n<p class=\"fig-premium-paywall__title\">Je m&rsquo;informe, je m&rsquo;inspire, je m&rsquo;abonne.<\/p>\n<p class=\"fig-premium-paywall__subtitle\">D\u00e9couvrez notre offre de bienvenue.<\/p>\n<p class=\"fig-premium-paywall__connect\">\n                D\u00e9j\u00e0 abonn\u00e9\u00a0?                <a class=\"fig-premium-paywall__connect-link\" href=\"https:\/\/connect.lefigaro.fr\/login?client=horizon_web&amp;type=main&amp;redirect_uri=https%3A%2F%2Fwww.lefigaro.fr%2Fpolitique%2Fentre-emmanuel-macron-et-francois-bayrou-les-relations-se-troublent-20250512\" data-js-gtm=\"{&quot;customCategorie&quot;: &quot;conversion&quot;, &quot;customAction&quot;: &quot;before_Landing_Connexion_paywall_auto&quot;, &quot;customLabel&quot;: &quot;bGVmaWdhcm8uZnJfXzFmMDJmMmVmLWRmZGMtNjZhMi1iNDY0LTg1ZGY5ZTY2ZmI0NV9fQXJ0aWNsZQ==_Entre Emmanuel Macron et Fran\u00e7ois Bayrou, les relations se troublent_32&quot;, &quot;customIDSPE&quot;: &quot;bGVmaWdhcm8uZnJfXzFmMDJmMmVmLWRmZGMtNjZhMi1iNDY0LTg1ZGY5ZTY2ZmI0NV9fQXJ0aWNsZQ==&quot;, &quot;event&quot;: &quot;customEventSPE&quot;}\" rel=\"nofollow noopener\" target=\"_blank\"><br \/>\n                    Connectez-vous<br \/>\n                <\/a>\n            <\/p>\n","protected":false},"excerpt":{"rendered":"R\u00c9CIT &#8211; Le pr\u00e9sident et son premier ministre, pourtant alli\u00e9s depuis 2017, voient leurs rapports mis \u00e0 l\u2019\u00e9preuve&hellip;\n","protected":false},"author":2,"featured_media":94982,"comment_status":"","ping_status":"","sticky":false,"template":"","format":"standard","meta":{"footnotes":""},"categories":[4],"tags":[11,426,427,422,423,1073,1011,27,431,418,424,425,420,421,12,419,316,429,13921,25,428],"class_list":{"0":"post-94981","1":"post","2":"type-post","3":"status-publish","4":"format-standard","5":"has-post-thumbnail","7":"category-france","8":"tag-actualites","9":"tag-candidat","10":"tag-candidats","11":"tag-depute","12":"tag-deputes","13":"tag-emmanuel-macron","14":"tag-fr","15":"tag-france","16":"tag-francois-bayrou","17":"tag-gouvernement","18":"tag-institution","19":"tag-institutions","20":"tag-loi","21":"tag-lois","22":"tag-news","23":"tag-opposition","24":"tag-politique","25":"tag-ps","26":"tag-referendum","27":"tag-republique-francaise","28":"tag-ump"},"share_on_mastodon":{"url":"https:\/\/pubeurope.com\/@fr\/114496528976256373","error":""},"_links":{"self":[{"href":"https:\/\/www.europesays.com\/fr\/wp-json\/wp\/v2\/posts\/94981","targetHints":{"allow":["GET"]}}],"collection":[{"href":"https:\/\/www.europesays.com\/fr\/wp-json\/wp\/v2\/posts"}],"about":[{"href":"https:\/\/www.europesays.com\/fr\/wp-json\/wp\/v2\/types\/post"}],"author":[{"embeddable":true,"href":"https:\/\/www.europesays.com\/fr\/wp-json\/wp\/v2\/users\/2"}],"replies":[{"embeddable":true,"href":"https:\/\/www.europesays.com\/fr\/wp-json\/wp\/v2\/comments?post=94981"}],"version-history":[{"count":0,"href":"https:\/\/www.europesays.com\/fr\/wp-json\/wp\/v2\/posts\/94981\/revisions"}],"wp:featuredmedia":[{"embeddable":true,"href":"https:\/\/www.europesays.com\/fr\/wp-json\/wp\/v2\/media\/94982"}],"wp:attachment":[{"href":"https:\/\/www.europesays.com\/fr\/wp-json\/wp\/v2\/media?parent=94981"}],"wp:term":[{"taxonomy":"category","embeddable":true,"href":"https:\/\/www.europesays.com\/fr\/wp-json\/wp\/v2\/categories?post=94981"},{"taxonomy":"post_tag","embeddable":true,"href":"https:\/\/www.europesays.com\/fr\/wp-json\/wp\/v2\/tags?post=94981"}],"curies":[{"name":"wp","href":"https:\/\/api.w.org\/{rel}","templated":true}]}}