{"id":949824,"date":"2026-05-22T11:51:21","date_gmt":"2026-05-22T11:51:21","guid":{"rendered":"https:\/\/www.europesays.com\/fr\/949824\/"},"modified":"2026-05-22T11:51:21","modified_gmt":"2026-05-22T11:51:21","slug":"paris-de-nouvelles-accusations-de-violences-dans-une-ecole-ou-une-institutrice-a-deja-ete-condamnee","status":"publish","type":"post","link":"https:\/\/www.europesays.com\/fr\/949824\/","title":{"rendered":"Paris : de nouvelles accusations de violences dans une \u00e9cole o\u00f9 une institutrice a d\u00e9j\u00e0 \u00e9t\u00e9 condamn\u00e9e"},"content":{"rendered":"<p class=\"dm_article-chapeau\">Apr\u00e8s une plainte d\u00e9pos\u00e9e d\u00e9but mai par une m\u00e8re de famille, pour des faits de violences sur ses deux fils, des investigations sont en cours dans une \u00e9cole du 15e arrondissement \u00e0 Paris. C&rsquo;est dans cette m\u00eame \u00e9cole qu&rsquo;une enseignante avait \u00e9t\u00e9 condamn\u00e9e en 2025 pour avoir frapp\u00e9 une fillette. Ces deux affaires ne sont toutefois pas li\u00e9es.<\/p>\n<p>Des investigations sont en cours apr\u00e8s de nouvelles accusations de violences sur deux \u00e9l\u00e8ves, dans une \u00e9cole du 15e arrondissement \u00e0 <a href=\"https:\/\/www.europe1.fr\/dossiers\/paris\" rel=\"nofollow noopener\" target=\"_blank\">Paris<\/a> o\u00f9 une institutrice avait d\u00e9j\u00e0 \u00e9t\u00e9 condamn\u00e9e pour avoir frapp\u00e9 une fillette, a appris vendredi l&rsquo;AFP de source proche du dossier.<\/p>\n<p>Elles ont \u00e9t\u00e9 lanc\u00e9es apr\u00e8s une plainte d\u00e9pos\u00e9e d\u00e9but mai par une m\u00e8re de famille, qui d\u00e9nonce des violences sur deux de ses fils, \u00e0 caract\u00e8re sexuel pour l&rsquo;un d&rsquo;entre eux. Sollicit\u00e9e par l&rsquo;AFP, l&rsquo;avocate de cette famille, Vanessa Edberg, a point\u00e9 \u00ab\u00a0un contexte particuli\u00e8rement pr\u00e9occupant autour de cette \u00e9cole\u00a0\u00bb.<\/p>\n<p>\u00ab\u00a0Des saignements assez importants\u00a0\u00bb<\/p>\n<p>En f\u00e9vrier 2025, une enseignante de l&rsquo;\u00e9cole publique des Fr\u00e8res Voisin, \u00e2g\u00e9e de 52 ans, avait \u00e9t\u00e9 condamn\u00e9e \u00e0 3.000 euros d&rsquo;amende, dont la moiti\u00e9 avec sursis, <a href=\"https:\/\/www.europe1.fr\/societe\/institutrice-filmee-en-train-de-violenter-une-fillette-de-3-ans-ce-que-lon-sait-du-deroule-des-faits-4266755\" rel=\"nofollow noopener\" target=\"_blank\">pour avoir port\u00e9 un coup \u00e0 une enfant de trois ans<\/a>. Cette enseignante, suspendue depuis par l&rsquo;Education nationale, n&rsquo;est pas vis\u00e9e par la nouvelle plainte.<\/p>\n<p>Dans la nouvelle affaire, la m\u00e8re de famille a expliqu\u00e9 aux policiers qu&rsquo;en d\u00e9cembre 2023, son a\u00een\u00e9, alors \u00e2g\u00e9 de six ans, \u00e9tait rentr\u00e9 de l&rsquo;\u00e9cole en se plaignant \u00ab\u00a0de douleurs \u00e0 l&rsquo;anus\u00a0\u00bb et pr\u00e9sentait \u00ab\u00a0des saignements assez importants\u00a0\u00bb \u00e0 ce niveau, selon des \u00e9l\u00e9ments de l&rsquo;enqu\u00eate dont l&rsquo;AFP a eu connaissance.<\/p>\n<p>Cette m\u00e8re de famille a \u00e9galement affirm\u00e9 aux policiers que son cadet, sept ans aujourd&rsquo;hui, avait \u00e9t\u00e9 victime de violences. N\u00e9 pr\u00e9matur\u00e9, l&rsquo;enfant pr\u00e9sente des troubles \u00e9motionnels et sa m\u00e8re reproche \u00e0 l&rsquo;\u00e9cole de ne pas \u00ab\u00a0consid\u00e9rer son \u00e9tat\u00a0\u00bb.<\/p>\n<p>Elle accuse notamment son ma\u00eetre en maternelle de l&rsquo;avoir insult\u00e9 et frapp\u00e9 et d\u00e9nonce des violences qui auraient perdur\u00e9 avec une autre ma\u00eetresse, celle que son grand fr\u00e8re avait en classe lorsqu&rsquo;il \u00e9tait rentr\u00e9 chez lui avec des saignements. De son c\u00f4t\u00e9, l&rsquo;\u00e9cole avait signal\u00e9 \u00e0 l&rsquo;acad\u00e9mie un comportement violent du cadet envers ses professeurs.<\/p>\n<p>Les mis en cause pas encore entendus<\/p>\n<p>L&rsquo;enqu\u00eate en est \u00e0 ses d\u00e9buts : les mis en cause, qui b\u00e9n\u00e9ficient de la pr\u00e9somption d&rsquo;innoncence, n&rsquo;ont pas encore \u00e9t\u00e9 entendus sur leur version des faits. \u00ab\u00a0La gravit\u00e9 des nouveaux faits d\u00e9nonc\u00e9s impose qu&rsquo;une enqu\u00eate particuli\u00e8rement approfondie soit men\u00e9e afin que toute la lumi\u00e8re soit faite sur ce qui se passe dans cette \u00e9cole depuis des ann\u00e9es\u00a0\u00bb, a insist\u00e9 Me Edberg aupr\u00e8s de l&rsquo;AFP.<\/p>\n<p>Le rectorat de Paris n&rsquo;a pas r\u00e9pondu aux sollicitations de l&rsquo;AFP, tandis que la direction de l&rsquo;\u00e9tablissement n&rsquo;a pas souhait\u00e9 s&rsquo;exprimer, faisant valoir son devoir de r\u00e9serve. Selon une autre source proche du dossier, le ma\u00eetre qui fait l&rsquo;objet d&rsquo;accusations n&rsquo;exerce plus aux Fr\u00e8res voisin: l&rsquo;\u00e9quipe a \u00e9t\u00e9 renouvel\u00e9e dans sa grande majorit\u00e9 depuis la premi\u00e8re affaire dont le \u00ab\u00a0traitement m\u00e9diatique\u00a0\u00bb a \u00ab\u00a0fortement affect\u00e9\u00a0\u00bb les enseignants.<\/p>\n","protected":false},"excerpt":{"rendered":"Apr\u00e8s une plainte d\u00e9pos\u00e9e d\u00e9but mai par une m\u00e8re de famille, pour des faits de violences sur ses&hellip;\n","protected":false},"author":2,"featured_media":949825,"comment_status":"","ping_status":"","sticky":false,"template":"","format":"standard","meta":{"footnotes":"","_share_on_mastodon":"0"},"categories":[1888],"tags":[1111,1928,11,1927,23612,1057,1777,674,1011,27,12,1926,626,1925,25],"class_list":["post-949824","post","type-post","status-publish","format-standard","has-post-thumbnail","category-paris","tag-actu","tag-actu-paris","tag-actualites","tag-actualites-paris","tag-ecole-primaire","tag-education","tag-eu","tag-europe","tag-fr","tag-france","tag-news","tag-news-paris","tag-paris","tag-paris-news","tag-republique-francaise"],"share_on_mastodon":{"url":"https:\/\/pubeurope.com\/@fr\/116618086983890684","error":""},"_links":{"self":[{"href":"https:\/\/www.europesays.com\/fr\/wp-json\/wp\/v2\/posts\/949824","targetHints":{"allow":["GET"]}}],"collection":[{"href":"https:\/\/www.europesays.com\/fr\/wp-json\/wp\/v2\/posts"}],"about":[{"href":"https:\/\/www.europesays.com\/fr\/wp-json\/wp\/v2\/types\/post"}],"author":[{"embeddable":true,"href":"https:\/\/www.europesays.com\/fr\/wp-json\/wp\/v2\/users\/2"}],"replies":[{"embeddable":true,"href":"https:\/\/www.europesays.com\/fr\/wp-json\/wp\/v2\/comments?post=949824"}],"version-history":[{"count":0,"href":"https:\/\/www.europesays.com\/fr\/wp-json\/wp\/v2\/posts\/949824\/revisions"}],"wp:featuredmedia":[{"embeddable":true,"href":"https:\/\/www.europesays.com\/fr\/wp-json\/wp\/v2\/media\/949825"}],"wp:attachment":[{"href":"https:\/\/www.europesays.com\/fr\/wp-json\/wp\/v2\/media?parent=949824"}],"wp:term":[{"taxonomy":"category","embeddable":true,"href":"https:\/\/www.europesays.com\/fr\/wp-json\/wp\/v2\/categories?post=949824"},{"taxonomy":"post_tag","embeddable":true,"href":"https:\/\/www.europesays.com\/fr\/wp-json\/wp\/v2\/tags?post=949824"}],"curies":[{"name":"wp","href":"https:\/\/api.w.org\/{rel}","templated":true}]}}