{"id":949996,"date":"2026-05-22T13:40:15","date_gmt":"2026-05-22T13:40:15","guid":{"rendered":"https:\/\/www.europesays.com\/fr\/949996\/"},"modified":"2026-05-22T13:40:15","modified_gmt":"2026-05-22T13:40:15","slug":"le-depute-charles-alloncle-embarrasse-par-une-paparazzade-en-compagnie-de-son-assistante-parlementaire-mediapart","status":"publish","type":"post","link":"https:\/\/www.europesays.com\/fr\/949996\/","title":{"rendered":"Le d\u00e9put\u00e9 Charles Alloncle embarrass\u00e9 par une paparazzade en compagnie de son assistante parlementaire &#8211; Mediapart"},"content":{"rendered":"<ol>\n<li><a href=\"https:\/\/news.google.com\/rss\/articles\/CBMi5wFBVV95cUxOV3VMSTIyRU1YYjVxNXVaXzFGdDVHMXQxRUZvaWdFXzBNTkpqdkNUQmFtMDAxSU9mUWVKMTBRczQzbVVJXzBtd29GWlVKZjR6eURzWXZidVd4Tk9kV0tpLXBINUlPQWhybDlkdjZOUzRpVDFRTTlqZThxbjlDeU1YbjRKeDNZSGFjTDNaLV80eUpSd25WVUlqcVEzcXNuZy1YNWpqUHl3YUtpUThCa2xkZFRILXNnMWM2YWxqYWlPbUN4UTdsTFZqU1MzWElrSURPN2lia0JvcGtHU2NzMUdwRVFEVFlaZlE?oc=5\" target=\"_blank\" rel=\"nofollow noopener\">Le d\u00e9put\u00e9 Charles Alloncle embarrass\u00e9 par une paparazzade en compagnie de son assistante parlementaire<\/a>&nbsp;&nbsp;Mediapart<\/li>\n<li><a href=\"https:\/\/news.google.com\/rss\/articles\/CBMiqgFBVV95cUxQRU1FZ1YyQ21BeGxManFnUEFmLVFTcnhDLUxXaDVtREVlc3d6ODJmWVF6VnNIOURacFZ3ejEtWDl6Rkh4NVZZTUJ6d1BtQV82MzJtNnhaVC1ndTRYUGo1Wk5jTWFYQUl3ZVp2ekM4RF9mY3l1aTl4NG9ucmEzMVRaYjBBSGdJa0t3ZlpTOTQ3SFk1SjBrOVREdzNKbzNXaHdLUldtVExjTnNGUQ?oc=5\" target=\"_blank\" rel=\"nofollow noopener\">Moment de d\u00e9tente parisienne pour Charles Alloncle et une amie<\/a>&nbsp;&nbsp;parismatch.com<\/li>\n<li><a href=\"https:\/\/news.google.com\/rss\/articles\/CBMiwAFBVV95cUxNT2ZKX3QtMzVjQ0xGS0tUbzA0UHZ2OTA2SjFqbDZlNHZmRC1PeU5oNWxlMVpudEQwU0d3dHVZbTlBYnhIRDVjWjNEeTUtMERBb2hOUEpXUGlPcXhSM2JtX0xaQW82Y2drYnlFN1dleE9xaFdyTFRjQjRhNVdRaVV3a0JtLVVBSlNBODZuR2d2QURzT0ZkS0tSRS1wT0tkTC1iWG9xRGt0UVJZN21Gd3R4a1pFcWZudjlMejdKMndzTkQ?oc=5\" target=\"_blank\" rel=\"nofollow noopener\">Rapport Alloncle : l\u2019audiovisuel sans le service public ? On a test\u00e9 pour vous<\/a>&nbsp;&nbsp;L&rsquo;Humanit\u00e9<\/li>\n<li><a href=\"https:\/\/news.google.com\/rss\/articles\/CBMiqwJBVV95cUxPUEJ1VU5FbFJyaklUSVcyRG91MTZCSHZuTDlYbS11X2t0TUN5NWthc3JPTDFKZi13UEFxZ1BKb3JhNldLekxoTmc5YllhWFpJSFVEcVZrLWU2TE5YMExvZlc4VkY1aHZJcENxdVhqOENTN2ZBc2JVR1VBb01WMW1xODRNOFFGRXpOQW96aV9lTUZXWnh5bnFrMHVBc3VMWjZJVXJQNy1iY3JNTU5DRHJpQ3VoWWdoVDhiTUFIV0x3cWpVV3NPTFBNblIwNTZHRmVPOXBISlB4VFFRQ2tLVzNDaEhzdG1pQkUyOW0yZEFEbWoyTm84RFppVmsyRG5yME13Xzc0bGU3QWt2bDBpQklJbUdDRDk1RGlvRUNiU2ZEVVhqajRZT01CM0ZHaw?oc=5\" target=\"_blank\" rel=\"nofollow noopener\">Apr\u00e8s la publication de photos d\u2019Alloncle avec sa collaboratrice parlementaire, Braun-Pivet saisit le d\u00e9ontologue de l\u2019Assembl\u00e9e<\/a>&nbsp;&nbsp;Le Parisien<\/li>\n<li><a href=\"https:\/\/news.google.com\/rss\/articles\/CBMi_gFBVV95cUxNcnRGcXo0dllLY0l5cGlQZV9aVm9WRHAyeEFfcUxCcm1ReTVMUERLYWJQMWc3S1ZEOU1lNHd5bGRaYjNhcnJPdmdXZm9OVnppZ0hqUUJRNVlSMDZOSTJybTZzLWNxck5CNDVoTmluZUFZN1RNWWxFdnpsNjM2cXhlUzJHSlZmWE5yTkdtMzJ0YWNIN21qUkVNN21yV0xvUmVERXJBdFJZZmphdjdVb0hyUGVOaDBwTDRIaFJVV0lqX3NpUXVYeTM4NE42VFNTX3MtSXoyTjE0S3JDT3dtQTY5eURGZlVlb2JSR0N1OVRLcERBR1JGUUNiODMzU1NDQQ?oc=5\" target=\"_blank\" rel=\"nofollow noopener\">Plainte de Nagui, proc\u00e9dures pour parjure : \u00e0 Mauguio, le compte-rendu du rapporteur Charles Alloncle fait salle comble<\/a>&nbsp;&nbsp;Echo des Tribunes<\/li>\n<\/ol>\n","protected":false},"excerpt":{"rendered":"Le d\u00e9put\u00e9 Charles Alloncle embarrass\u00e9 par une paparazzade en compagnie de son assistante parlementaire&nbsp;&nbsp;Mediapart Moment de d\u00e9tente parisienne&hellip;\n","protected":false},"author":2,"featured_media":949997,"comment_status":"","ping_status":"","sticky":false,"template":"","format":"standard","meta":{"footnotes":"","_share_on_mastodon":"0"},"categories":[4],"tags":[11,37560,6537,1076,1011,27,12,1078,25],"class_list":["post-949996","post","type-post","status-publish","format-standard","has-post-thumbnail","category-france","tag-actualites","tag-charles-alloncle","tag-eric-ciotti","tag-extreme-droite","tag-fr","tag-france","tag-news","tag-rassemblement-national","tag-republique-francaise"],"share_on_mastodon":{"url":"https:\/\/pubeurope.com\/@fr\/116618515369663429","error":""},"_links":{"self":[{"href":"https:\/\/www.europesays.com\/fr\/wp-json\/wp\/v2\/posts\/949996","targetHints":{"allow":["GET"]}}],"collection":[{"href":"https:\/\/www.europesays.com\/fr\/wp-json\/wp\/v2\/posts"}],"about":[{"href":"https:\/\/www.europesays.com\/fr\/wp-json\/wp\/v2\/types\/post"}],"author":[{"embeddable":true,"href":"https:\/\/www.europesays.com\/fr\/wp-json\/wp\/v2\/users\/2"}],"replies":[{"embeddable":true,"href":"https:\/\/www.europesays.com\/fr\/wp-json\/wp\/v2\/comments?post=949996"}],"version-history":[{"count":0,"href":"https:\/\/www.europesays.com\/fr\/wp-json\/wp\/v2\/posts\/949996\/revisions"}],"wp:featuredmedia":[{"embeddable":true,"href":"https:\/\/www.europesays.com\/fr\/wp-json\/wp\/v2\/media\/949997"}],"wp:attachment":[{"href":"https:\/\/www.europesays.com\/fr\/wp-json\/wp\/v2\/media?parent=949996"}],"wp:term":[{"taxonomy":"category","embeddable":true,"href":"https:\/\/www.europesays.com\/fr\/wp-json\/wp\/v2\/categories?post=949996"},{"taxonomy":"post_tag","embeddable":true,"href":"https:\/\/www.europesays.com\/fr\/wp-json\/wp\/v2\/tags?post=949996"}],"curies":[{"name":"wp","href":"https:\/\/api.w.org\/{rel}","templated":true}]}}