{"id":950824,"date":"2026-05-22T23:03:17","date_gmt":"2026-05-22T23:03:17","guid":{"rendered":"https:\/\/www.europesays.com\/fr\/950824\/"},"modified":"2026-05-22T23:03:17","modified_gmt":"2026-05-22T23:03:17","slug":"chypre-un-israelien-arrete-a-laeroport-en-possession-de-quatre-embryons-dans-un-conteneur-de-transport","status":"publish","type":"post","link":"https:\/\/www.europesays.com\/fr\/950824\/","title":{"rendered":"Chypre : un Isra\u00e9lien arr\u00eat\u00e9 \u00e0 l\u2019a\u00e9roport en possession de quatre embryons dans un conteneur de transport"},"content":{"rendered":"<p>\n    En parall\u00e8le, deux citoyens turcs ont \u00e9t\u00e9 appr\u00e9hend\u00e9s par les forces de l\u2019ordre dans le cadre d\u2019une \u00abdescente dans une clinique locale\u00bb, selon le site internet isra\u00e9lien Ynet.<\/p>\n<p class=\"fig-paragraph\">Un tentaculaire trafic d\u2019embryons est-il en passe d\u2019\u00eatre d\u00e9mantel\u00e9 \u00e0\u00a0<a href=\"http:\/\/www.lefigaro.fr\/international\/au-moins-deux-morts-dans-l-effondrement-d-un-immeuble-a-chypre-20260411\" data-fig-type=\"NewsFlash\" data-gtm-custom-categorie=\"navigation\" data-gtm-custom-action=\"crossclick\" data-gtm-custom-label=\"Contextuel\" data-gtm-event=\"customEventSPE\" data-fig-domain=\"LEFIGARO\" rel=\"nofollow noopener\" target=\"_blank\">Chypre<\/a>\u00a0? Selon le site internet isra\u00e9lien\u00a0<a href=\"https:\/\/www.ynetnews.com\/article\/ryufrtakfe\" target=\"_blank\" rel=\"nofollow noopener\" data-gtm-custom-categorie=\"navigation\" data-gtm-custom-action=\"crossclick\" data-gtm-custom-label=\"Contextuel\" data-gtm-event=\"customEventSPE\">Ynet<\/a>, un Isra\u00e9lien a \u00e9t\u00e9 arr\u00eat\u00e9 mardi 19 mai dernier \u00e0 l\u2019a\u00e9roport d\u2019Ercan, dans la partie nord du pays contr\u00f4l\u00e9e par la\u00a0<a href=\"http:\/\/www.lefigaro.fr\/faits-divers\/turquie-quatre-personnes-tuees-par-un-homme-arme-huit-autres-blessees-20260518\" data-fig-type=\"NewsFlash\" data-gtm-custom-categorie=\"navigation\" data-gtm-custom-action=\"crossclick\" data-gtm-custom-label=\"Contextuel\" data-gtm-event=\"customEventSPE\" data-fig-domain=\"LEFIGARO\" rel=\"nofollow noopener\" target=\"_blank\">Turquie<\/a>, en possession de quatre embryons dans un conteneur de transport.<\/p>\n<p class=\"fig-paragraph\">En parall\u00e8le, deux citoyens turcs ont \u00e9t\u00e9 appr\u00e9hend\u00e9s par les forces de l\u2019ordre dans le cadre d\u2019une \u00abdescente dans une clinique locale\u00bb. Il s\u2019agirait du directeur de la clinique et d\u2019un m\u00e9decin. Ils ont \u00e9t\u00e9 tous deux \u00e9t\u00e9 plac\u00e9s en d\u00e9tention.<\/p>\n<p>                                            <a class=\"fig-a11y-skip\" href=\"#fig-a11y-skip-main-inarticle\" is=\"fig-a11y-skip\" data-trigger-mode=\"visible-once\"><br \/>\n    Passer la publicit\u00e9<br \/>\n<\/a>            <\/p>\n<p class=\"fig-paragraph\">Les trois protagonistes sont accus\u00e9s d\u2019avoir tent\u00e9 de faire sortir des embryons, conserv\u00e9s dans quatre tubes \u00e0 essai distincts \u00e0 l\u2019int\u00e9rieur d\u2019un conteneur sp\u00e9cialis\u00e9 portant la mention \u00abLife Parcel\u00bb, du pays sans les autorisations requises.<\/p>\n<p>                                            Le Mexique comme destination finale\u00a0?<\/p>\n<p class=\"fig-paragraph\">Ces embryons proviendraient d\u2019un centre de fertilit\u00e9 situ\u00e9 \u00e0 Lefko\u015fa (Nicosie-Nord), la capitale de la partie turque de Chypre, reconnue comme un \u00c9tat ind\u00e9pendant que par la Turquie.<\/p>\n<p class=\"fig-paragraph\">D\u00e9sormais, \u00ables soup\u00e7ons portent principalement sur des violations de la l\u00e9gislation r\u00e9gissant la transplantation de cellules, de tissus et d\u2019organes humains\u00bb, indique Ynet, citant des sources proches du dossier.<\/p>\n<p class=\"fig-paragraph\">L\u2019enqu\u00eate se concentre \u00e9galement sur l\u2019itin\u00e9raire pr\u00e9sum\u00e9 de la contrebande. Il pourrait s\u2019agir du Mexique, que le protagoniste isra\u00e9lien aurait tent\u00e9 de rejoindre via Istanbul, destination privil\u00e9gi\u00e9e des vols en partance de l\u2019a\u00e9roport d\u2019Ercan.<\/p>\n","protected":false},"excerpt":{"rendered":"En parall\u00e8le, deux citoyens turcs ont \u00e9t\u00e9 appr\u00e9hend\u00e9s par les forces de l\u2019ordre dans le cadre d\u2019une \u00abdescente&hellip;\n","protected":false},"author":2,"featured_media":950825,"comment_status":"","ping_status":"","sticky":false,"template":"","format":"standard","meta":{"footnotes":"","_share_on_mastodon":"0"},"categories":[5],"tags":[11,16996,42772,1067,1011,27,14,12,28],"class_list":["post-950824","post","type-post","status-publish","format-standard","has-post-thumbnail","category-international","tag-actualites","tag-chypre","tag-embryons","tag-enquete","tag-fr","tag-france","tag-international","tag-news","tag-world"],"share_on_mastodon":{"url":"https:\/\/pubeurope.com\/@fr\/116620729277392515","error":""},"_links":{"self":[{"href":"https:\/\/www.europesays.com\/fr\/wp-json\/wp\/v2\/posts\/950824","targetHints":{"allow":["GET"]}}],"collection":[{"href":"https:\/\/www.europesays.com\/fr\/wp-json\/wp\/v2\/posts"}],"about":[{"href":"https:\/\/www.europesays.com\/fr\/wp-json\/wp\/v2\/types\/post"}],"author":[{"embeddable":true,"href":"https:\/\/www.europesays.com\/fr\/wp-json\/wp\/v2\/users\/2"}],"replies":[{"embeddable":true,"href":"https:\/\/www.europesays.com\/fr\/wp-json\/wp\/v2\/comments?post=950824"}],"version-history":[{"count":0,"href":"https:\/\/www.europesays.com\/fr\/wp-json\/wp\/v2\/posts\/950824\/revisions"}],"wp:featuredmedia":[{"embeddable":true,"href":"https:\/\/www.europesays.com\/fr\/wp-json\/wp\/v2\/media\/950825"}],"wp:attachment":[{"href":"https:\/\/www.europesays.com\/fr\/wp-json\/wp\/v2\/media?parent=950824"}],"wp:term":[{"taxonomy":"category","embeddable":true,"href":"https:\/\/www.europesays.com\/fr\/wp-json\/wp\/v2\/categories?post=950824"},{"taxonomy":"post_tag","embeddable":true,"href":"https:\/\/www.europesays.com\/fr\/wp-json\/wp\/v2\/tags?post=950824"}],"curies":[{"name":"wp","href":"https:\/\/api.w.org\/{rel}","templated":true}]}}