{"id":95106,"date":"2025-05-12T20:38:11","date_gmt":"2025-05-12T20:38:11","guid":{"rendered":"https:\/\/www.europesays.com\/fr\/95106\/"},"modified":"2025-05-12T20:38:11","modified_gmt":"2025-05-12T20:38:11","slug":"semaine-cruciale-au-congres-americain-pour-trump-et-son-programme-12-05-2025-a-2218","status":"publish","type":"post","link":"https:\/\/www.europesays.com\/fr\/95106\/","title":{"rendered":"Semaine cruciale au Congr\u00e8s am\u00e9ricain pour Trump et son programme &#8211; 12\/05\/2025 \u00e0 22:18"},"content":{"rendered":"<p>        <img fetchpriority=\"high\" decoding=\"async\" src=\"https:\/\/www.europesays.com\/fr\/wp-content\/uploads\/2025\/05\/f768e781b11645edc27beb9648e69846-760x507.jpg\" alt=\"Le pr\u00e9sident am\u00e9ricain Donald Trump \u00e0 son d\u00e9part de la Maison Blanche \u00e0 Washington pour un d\u00e9placement au Moyen-Orient, le 12 mai 2025 ( AFP \/ Jim WATSON )\" loading=\"eager\" width=\"760\" height=\"507\" style=\"max-width: 100%!important; height: auto;\"\/><\/p>\n<p class=\"c-image-news__legend\">Le pr\u00e9sident am\u00e9ricain Donald Trump \u00e0 son d\u00e9part de la Maison Blanche \u00e0 Washington pour un d\u00e9placement au Moyen-Orient, le 12 mai 2025 ( AFP \/ Jim WATSON )<\/p>\n<p>\n Le programme de Donald Trump entre lundi dans une phase cruciale au Congr\u00e8s am\u00e9ricain, o\u00f9 les r\u00e9publicains doivent s&rsquo;accorder sur comment financer de gigantesques cr\u00e9dits d&rsquo;imp\u00f4ts avec des coupes dans les d\u00e9penses publiques, notamment dans l&rsquo;assurance sant\u00e9 des Am\u00e9ricains les plus d\u00e9munis.\n<\/p>\n<p>\n Le pr\u00e9sident pousse les parlementaires \u00e0 adopter rapidement son projet de \u00ab\u00a0grande et belle loi\u00a0\u00bb.\n<\/p>\n<p>\n \u00ab\u00a0Les r\u00e9publicains ont besoin de S&rsquo;UNIFIER\u00a0\u00bb, a-t-il d\u00e9clar\u00e9 lundi sur sa plateforme Truth Social. \u00ab\u00a0Le projet de loi est GENIAL. Nous n&rsquo;avons pas d&rsquo;alternative, NOUS DEVONS gagner\u00a0\u00bb, a-t-il ajout\u00e9.\n<\/p>\n<p>\n Les responsables r\u00e9publicains au Congr\u00e8s esp\u00e8rent voir chaque commission adopter \u00e0 partir de mardi leurs volets respectifs du texte, avant un vote au plus vite dans l&rsquo;h\u00e9micycle.\n<\/p>\n<p>\n Pour Donald Trump, il s&rsquo;agit de concr\u00e9tiser certaines de ses promesses phares de campagne, comme la suppression de l&rsquo;imposition sur les pourboires, mais surtout l&rsquo;extension des \u00e9normes cr\u00e9dits d&rsquo;imp\u00f4ts de son premier mandat, qui arrivent \u00e0 expiration \u00e0 la fin de l&rsquo;ann\u00e9e.\n<\/p>\n<p>\n Selon l&rsquo;analyse publi\u00e9e samedi par une commission ind\u00e9pendante du Congr\u00e8s, une telle extension accompagn\u00e9e d&rsquo;autres mesures fiscales entra\u00eenerait une hausse de pr\u00e8s de 5.000 milliards de dollars du d\u00e9ficit de l&rsquo;Etat f\u00e9d\u00e9ral au cours de la prochaine d\u00e9cennie.\n<\/p>\n<p> &#8211; \u00ab\u00a0Catastrophiques\u00a0\u00bb &#8211;<\/p>\n<p>\n Alors pour compenser, les r\u00e9publicains comptent effectuer des coupes claires dans certaines d\u00e9penses publiques.\n<\/p>\n<p>\n Dans leur collimateur: Medicaid, le programme public d&rsquo;assurance sant\u00e9 pour les Am\u00e9ricains aux revenus modestes.\n<\/p>\n<p>\n Les termes du projet r\u00e9publicain d\u00e9voil\u00e9s dimanche soir pr\u00e9voient une r\u00e9duction des d\u00e9penses f\u00e9d\u00e9rales dans Medicaid \u00e0 hauteur de plus de 700 milliards de dollars au cours de la prochaine d\u00e9cennie.\n<\/p>\n<p>        <img decoding=\"async\" src=\"https:\/\/www.europesays.com\/fr\/wp-content\/uploads\/2025\/05\/792703c45f8e6afbe04fb3d024bc599f-760x506.jpg\" alt=\"Le d\u00f4me du Capitole de Washington, si\u00e8ge du Congr\u00e8s am\u00e9ricain, le 7 mai 2025 ( AFP \/ Oliver Contreras )\" loading=\"eager\" width=\"760\" height=\"506\" style=\"max-width: 100%!important; height: auto;\"\/><\/p>\n<p class=\"c-image-news__legend\">Le d\u00f4me du Capitole de Washington, si\u00e8ge du Congr\u00e8s am\u00e9ricain, le 7 mai 2025 ( AFP \/ Oliver Contreras )<\/p>\n<p>\n Le Bureau budg\u00e9taire du Congr\u00e8s &#8211; un organe non-partisan, a estim\u00e9 que ces mesures \u00ab\u00a0r\u00e9duiraient le nombre de personnes dot\u00e9es d&rsquo;une assurance sant\u00e9 d&rsquo;au moins 8,6 millions d&rsquo;ici 2034\u00a0\u00bb.\n<\/p>\n<p>\n L&rsquo;\u00e9lu d\u00e9mocrate Frank Pallone a ainsi d\u00e9nonc\u00e9 des \u00ab\u00a0coupes catastrophiques\u00a0\u00bb dans les d\u00e9penses de sant\u00e9.\n<\/p>\n<p>\n \u00ab\u00a0Ce n&rsquo;est pas une entaille dans le gras \u00e0 la marge, c&rsquo;est une coupe jusqu&rsquo;\u00e0 l&rsquo;os\u00a0\u00bb, a-t-il affirm\u00e9 dans un communiqu\u00e9.\n<\/p>\n<p>\n Une autre commission doit \u00e9galement se pencher mardi sur des r\u00e9ductions des aides alimentaires pour les Am\u00e9ricains les plus pauvres. L\u00e0 encore, ces r\u00e9ductions pourraient atteindre plusieurs centaines de milliards de dollars.\n<\/p>\n<p>\n Donald Trump avait laiss\u00e9 flotter l&rsquo;id\u00e9e la semaine derni\u00e8re d&rsquo;augmenter les imp\u00f4ts sur les plus riches, mais les \u00e9lus r\u00e9publicains s&rsquo;av\u00e8rent r\u00e9ticents sur ce sujet.\n<\/p>\n<p>\n Une augmentation de l&rsquo;imposition sur les dotations des plus grandes universit\u00e9s est en revanche bien pr\u00e9vue, passant de 1,4% \u00e0 21% pour les plus importantes, avec une exemption pour les universit\u00e9s religieuses.\n<\/p>\n<p> &#8211; Risque \u00e9lectoral &#8211;<\/p>\n<p>\n En cas d&rsquo;adoption en commissions ces prochains jours, le texte se dirigera vers un vote \u00e0 la Chambre des repr\u00e9sentants, avant un examen par le S\u00e9nat au cours des prochaines semaines.\n<\/p>\n<p>\n Mais si le projet de loi se heurte \u00e0 l&rsquo;opposition des d\u00e9mocrates, les dissensions au sein du camp r\u00e9publicain risquent aussi de le faire capoter.\n<\/p>\n<p>\n Du c\u00f4t\u00e9 de l&rsquo;aile mod\u00e9r\u00e9e, on craint que d&rsquo;importantes coupes dans Medicaid fassent peser un risque \u00e9lectoral trop \u00e9lev\u00e9 avant les \u00e9lections de mi-mandat, en novembre 2026.\n<\/p>\n<p>        <img decoding=\"async\" src=\"https:\/\/www.europesays.com\/fr\/wp-content\/uploads\/2025\/05\/026b204f6cbedb34b022d5b6354f6b7e-760x493.jpg\" alt=\"Le pr\u00e9sident r\u00e9publicain de la Chambre am\u00e9ricaine des repr\u00e9sentants, Mike Johnson, au Capitole de Washington, le 30 avril 2025  ( AFP \/ Brendan SMIALOWSKI )\" loading=\"eager\" width=\"760\" height=\"493\" style=\"max-width: 100%!important; height: auto;\"\/><\/p>\n<p class=\"c-image-news__legend\">Le pr\u00e9sident r\u00e9publicain de la Chambre am\u00e9ricaine des repr\u00e9sentants, Mike Johnson, au Capitole de Washington, le 30 avril 2025  ( AFP \/ Brendan SMIALOWSKI )<\/p>\n<p>\n Pour une partie de l&rsquo;aile ultraconservatrice, qui pr\u00f4ne une r\u00e9duction du d\u00e9ficit public, ces coupes au contraire ne vont pas assez loin. L&rsquo;\u00e9lu texan Chip Roy, a ainsi dit lundi esp\u00e9rer que les dirigeants r\u00e9publicains au Congr\u00e8s \u00e9laborent \u00ab\u00a0un plan de secours\u00a0\u00bb, car il ne votera pas pour le projet actuel en l&rsquo;\u00e9tat.\n<\/p>\n<p>\n Les responsables r\u00e9publicains au Congr\u00e8s affichent publiquement leur optimisme que ces diff\u00e9rends pourront \u00eatre r\u00e9solus, mais l&rsquo;inqui\u00e9tude grandit face au retard pris dans la concr\u00e9tisation du programme de Donald Trump.\n<\/p>\n<p>\n Le temps presse en outre pour que le Congr\u00e8s adopte avec ce texte une suspension ou un rel\u00e8vement du plafond de la dette.\n<\/p>\n<p>\n Le secr\u00e9taire au Tr\u00e9sor, Scott Bessent, a pr\u00e9venu vendredi que les Etats-Unis pourraient se retrouver en d\u00e9faut de paiement au mois d&rsquo;ao\u00fbt &#8211; une situation qui serait catastrophique pour la premi\u00e8re \u00e9conomie mondiale.<\/p>\n","protected":false},"excerpt":{"rendered":"Le pr\u00e9sident am\u00e9ricain Donald Trump \u00e0 son d\u00e9part de la Maison Blanche \u00e0 Washington pour un d\u00e9placement au&hellip;\n","protected":false},"author":2,"featured_media":95107,"comment_status":"","ping_status":"","sticky":false,"template":"","format":"standard","meta":{"footnotes":""},"categories":[6],"tags":[400,398,408,35,405,33,34,1011,27,403,402,399,404,401,406,407],"class_list":{"0":"post-95106","1":"post","2":"type-post","3":"status-publish","4":"format-standard","5":"has-post-thumbnail","7":"category-economie","8":"tag-action-cac-40","9":"tag-bourse-de-paris","10":"tag-boursorama","11":"tag-business","12":"tag-cotations","13":"tag-economie","14":"tag-economy","15":"tag-fr","16":"tag-france","17":"tag-indices-devises","18":"tag-investir","19":"tag-investissement","20":"tag-marche-boursier","21":"tag-sicav","22":"tag-trackers","23":"tag-warrants"},"share_on_mastodon":{"url":"https:\/\/pubeurope.com\/@fr\/114496792536635960","error":""},"_links":{"self":[{"href":"https:\/\/www.europesays.com\/fr\/wp-json\/wp\/v2\/posts\/95106","targetHints":{"allow":["GET"]}}],"collection":[{"href":"https:\/\/www.europesays.com\/fr\/wp-json\/wp\/v2\/posts"}],"about":[{"href":"https:\/\/www.europesays.com\/fr\/wp-json\/wp\/v2\/types\/post"}],"author":[{"embeddable":true,"href":"https:\/\/www.europesays.com\/fr\/wp-json\/wp\/v2\/users\/2"}],"replies":[{"embeddable":true,"href":"https:\/\/www.europesays.com\/fr\/wp-json\/wp\/v2\/comments?post=95106"}],"version-history":[{"count":0,"href":"https:\/\/www.europesays.com\/fr\/wp-json\/wp\/v2\/posts\/95106\/revisions"}],"wp:featuredmedia":[{"embeddable":true,"href":"https:\/\/www.europesays.com\/fr\/wp-json\/wp\/v2\/media\/95107"}],"wp:attachment":[{"href":"https:\/\/www.europesays.com\/fr\/wp-json\/wp\/v2\/media?parent=95106"}],"wp:term":[{"taxonomy":"category","embeddable":true,"href":"https:\/\/www.europesays.com\/fr\/wp-json\/wp\/v2\/categories?post=95106"},{"taxonomy":"post_tag","embeddable":true,"href":"https:\/\/www.europesays.com\/fr\/wp-json\/wp\/v2\/tags?post=95106"}],"curies":[{"name":"wp","href":"https:\/\/api.w.org\/{rel}","templated":true}]}}