{"id":951359,"date":"2026-05-23T05:13:52","date_gmt":"2026-05-23T05:13:52","guid":{"rendered":"https:\/\/www.europesays.com\/fr\/951359\/"},"modified":"2026-05-23T05:13:52","modified_gmt":"2026-05-23T05:13:52","slug":"cannes-2026-la-bola-negra-que-vaut-le-long-metrage-des-realisateurs-de-las-mesias","status":"publish","type":"post","link":"https:\/\/www.europesays.com\/fr\/951359\/","title":{"rendered":"[Cannes 2026] \u201cLa bola negra\u201d : que vaut le long m\u00e9trage des r\u00e9alisateurs de \u201cLas Mes\u00edas\u201d ?"},"content":{"rendered":"<p>On les conna\u00eet en France pour l\u2019excellente s\u00e9rie \u201cLas Mes\u00edas\u201d, les cin\u00e9astes espagnols Javier Calvo et Javier Ambrossi ne nous ont pas d\u00e9\u00e7us avec cette grande fresque historico-queer.<\/p>\n<p>Nous ne sommes pas encore revenu\u00b7es de la fulgurante s\u00e9rie de Javier Calvo et Javier Ambrossi, <a href=\"https:\/\/www.lesinrocks.com\/series\/la-mesias-sur-arte-tv-une-plongee-passionnante-au-coeur-dune-famille-toxique-634925-19-11-2024\/\" rel=\"nofollow noopener\" target=\"_blank\">La Mes\u00edas <\/a>(2023), qui racontait en six \u00e9pisodes travers\u00e9s par des genres diff\u00e9rents \u2013 de la com\u00e9die musicale au drame r\u00e9aliste en passant par le m\u00e9lo \u2013 une histoire de famille pleine de secrets fous, de douleurs du pass\u00e9 et de vibrations telluriques. Le nouveau film de ceux que l\u2019Espagne surnomme \u201cLos Javis\u201d (m\u00eame s\u2019ils ont annonc\u00e9 leur s\u00e9paration) \u00e9tait donc l\u2019un des plus d\u00e9sirables de cette \u00e9dition cannoise. Et si La bola negra ne tient peut-\u00eatre pas compl\u00e8tement sa promesse de nous faire d\u00e9coller du sol, il reste l\u2019un des films les plus imposants et ambitieux de la comp\u00e9tition.<\/p>\n<p>Pour tisser leur r\u00e9cit de 2h40 r\u00e9parti sur trois \u00e9poques (1932, 1937 et 2017), Calvo et Ambrossi s\u2019inspirent de plusieurs sources. D\u2019abord la pi\u00e8ce La piedra oscura de l\u2019auteur de th\u00e9\u00e2tre contemporain Alberto Conejero, sur le footballeur gay Rafael Rodr\u00edguez Rap\u00fan. Mort en 1937, militant de gauche pro-R\u00e9publicain, celui-ci a \u00e9t\u00e9 l\u2019ultime compagnon de l\u2019\u00e9crivain et po\u00e8te Federico Garc\u00eda Lorca. C\u2019est un texte inachev\u00e9 de ce dernier qu\u2019adaptent \u00e9galement les cin\u00e9astes, le seul qui met en sc\u00e8ne un personnage homosexuel\u00a0: La bola negra, donc, cette boule noire que dans une sc\u00e8ne saisissante, les membres d\u2019un \u201ccasino\u201d de Grenade (en fait, un club r\u00e9serv\u00e9 \u00e0 l\u2019\u00e9lite locale) utilisent pour refuser l\u2019adh\u00e9sion d\u2019un jeune homme que la rumeur dit homosexuel.<\/p>\n<p>Un candidat solide dans la comp\u00e9tition<\/p>\n<p>\u00c0 partir de cette d\u00e9monstration d\u2019homophobie, le film fait \u00e0 peu pr\u00e8s tout pour sortir ses personnages du noir et leur offrir un destin romanesque qui, s\u2019il n\u2019efface pas la mort et les violences subies, conserve des traces d\u2019une intensit\u00e9 vitale, par-del\u00e0 les \u00e2ges et les oppressions. Il est question ici de la guerre entre r\u00e9publicains et nationalistes (les futurs franquistes) qui occupe les segments du film situ\u00e9s dans les ann\u00e9es 1930, mais aussi de la qu\u00eate d\u2019un jeune historien gay des ann\u00e9es 2010. Les sc\u00e8nes s\u2019enchev\u00eatrent comme les \u00e9poques.<\/p>\n<p>\u00c0 la fois travaill\u00e9 par une imagerie queer que\u00a0\u201cLos Javis\u201d revendiquent tel un blason protecteur \u2013 les marins de Genet et <a href=\"https:\/\/www.lesinrocks.com\/cinema\/kenneth-anger-le-mage-noir-du-cinema-1927-2023-565934-25-05-2023\/\" rel=\"nofollow noopener\" target=\"_blank\">Kenneth Anger <\/a>nous font coucou, ainsi que <a href=\"https:\/\/www.lesinrocks.com\/tag\/penelope-cruz\/\" rel=\"nofollow noopener\" target=\"_blank\">Pen\u00e9lope Cruz<\/a> en meneuse de revue \u2013, m\u00fb par l\u2019envie de se confronter au film de guerre \u00e0 grand spectacle mais aussi aimant\u00e9 par le m\u00e9lo, La bola negra prend le risque de perdre le fil \u00e9motionnel de son r\u00e9cit. Ce qui arrive dans une partie centrale parfois trop l\u00e2che et d\u00e9monstrative. Mais la joie de filmer et l\u2019outrance amoureuse du regard reprennent le dessus. La mutation du personnage contemporain, qui commence par ironiser sur Pedro Almod\u00f3var lors d\u2019un jeu des post-it \u2013 la sc\u00e8ne est hilarante \u2013 avant de prendre conscience de l\u2019histoire \u00e0 laquelle il appartient, est bouleversante dans son d\u00e9ploiement. Film de lutte, de retour vers le pass\u00e9 et de d\u00e9fense du territoire de l\u2019amour \u2013 le plus large et le plus furieux possible \u2013, La bola negra tient fi\u00e8rement sa place dans la comp\u00e9tition cannoise.<\/p>\n<p><strong>La<\/strong> <strong>Bola negra de Javier Calvo et Javier Ambrossi \u2013 pr\u00e9sent\u00e9 en Comp\u00e9tition au Festival de Cannes 2026.<\/strong> <\/p>\n","protected":false},"excerpt":{"rendered":"On les conna\u00eet en France pour l\u2019excellente s\u00e9rie \u201cLas Mes\u00edas\u201d, les cin\u00e9astes espagnols Javier Calvo et Javier Ambrossi&hellip;\n","protected":false},"author":2,"featured_media":951360,"comment_status":"","ping_status":"","sticky":false,"template":"","format":"standard","meta":{"footnotes":"","_share_on_mastodon":"0"},"categories":[1354],"tags":[8716,58,59,1346,1011,27,1360],"class_list":["post-951359","post","type-post","status-publish","format-standard","has-post-thumbnail","category-films","tag-cafeyn","tag-divertissement","tag-entertainment","tag-films","tag-fr","tag-france","tag-movies"],"share_on_mastodon":{"url":"https:\/\/pubeurope.com\/@fr\/116622187986514907","error":""},"_links":{"self":[{"href":"https:\/\/www.europesays.com\/fr\/wp-json\/wp\/v2\/posts\/951359","targetHints":{"allow":["GET"]}}],"collection":[{"href":"https:\/\/www.europesays.com\/fr\/wp-json\/wp\/v2\/posts"}],"about":[{"href":"https:\/\/www.europesays.com\/fr\/wp-json\/wp\/v2\/types\/post"}],"author":[{"embeddable":true,"href":"https:\/\/www.europesays.com\/fr\/wp-json\/wp\/v2\/users\/2"}],"replies":[{"embeddable":true,"href":"https:\/\/www.europesays.com\/fr\/wp-json\/wp\/v2\/comments?post=951359"}],"version-history":[{"count":0,"href":"https:\/\/www.europesays.com\/fr\/wp-json\/wp\/v2\/posts\/951359\/revisions"}],"wp:featuredmedia":[{"embeddable":true,"href":"https:\/\/www.europesays.com\/fr\/wp-json\/wp\/v2\/media\/951360"}],"wp:attachment":[{"href":"https:\/\/www.europesays.com\/fr\/wp-json\/wp\/v2\/media?parent=951359"}],"wp:term":[{"taxonomy":"category","embeddable":true,"href":"https:\/\/www.europesays.com\/fr\/wp-json\/wp\/v2\/categories?post=951359"},{"taxonomy":"post_tag","embeddable":true,"href":"https:\/\/www.europesays.com\/fr\/wp-json\/wp\/v2\/tags?post=951359"}],"curies":[{"name":"wp","href":"https:\/\/api.w.org\/{rel}","templated":true}]}}