{"id":95139,"date":"2025-05-12T20:56:45","date_gmt":"2025-05-12T20:56:45","guid":{"rendered":"https:\/\/www.europesays.com\/fr\/95139\/"},"modified":"2025-05-12T20:56:45","modified_gmt":"2025-05-12T20:56:45","slug":"a-strasbourg-une-eglise-nous-invite-a-une-nuit-blanche-inoubliable","status":"publish","type":"post","link":"https:\/\/www.europesays.com\/fr\/95139\/","title":{"rendered":"\u00e0 Strasbourg, une \u00e9glise nous invite \u00e0 une Nuit Blanche inoubliable"},"content":{"rendered":"<p>    <img loading=\"lazy\" width=\"1800\" height=\"900\" src=\"https:\/\/www.europesays.com\/fr\/wp-content\/uploads\/2025\/04\/jeanne-callthepolice.jpg\" class=\"attachment-full size-full\" alt=\"\" id=\"imageLove\" decoding=\"async\"  \/><\/p>\n<p id=\"breadcrumbs\"><a href=\"https:\/\/pokaa.fr\/\" rel=\"nofollow noopener\" target=\"_blank\">Accueil<\/a> \/ <a href=\"https:\/\/pokaa.fr\/categories\/ses-sorties\/\" rel=\"nofollow noopener\" target=\"_blank\">Sorties<\/a> \/ Dormir dans une nef : \u00e0 Strasbourg, une \u00e9glise nous invite \u00e0 une Nuit Blanche inoubliable<\/p>\n<p>                    Sorties<\/p>\n<p><strong>Op\u00e9ra pole-dance, d\u00e9fil\u00e9 de mode, d\u00eeners insolites\u2026 Le collectif Passions Crois\u00e9es, qui orchestre la programmation de l\u2019\u00e9glise Saint-Guillaume, ne cesse de surprendre les Strasbourgeois(es). Et c\u2019est loin d\u2019\u00eatre fini : le samedi 24 mai, l\u2019\u00e9glise accueillera sa toute premi\u00e8re Nuit Blanche, pour rejoindre les bras de Morph\u00e9e allong\u00e9(e) dans la nef, berc\u00e9(e) par des chants gr\u00e9goriens et de l\u2019orgue. On vous donne toutes les infos sur cet \u00e9v\u00e9nement, qui s\u2019annonce dingo. <\/strong><\/p>\n<p>Si vous avez toujours r\u00eav\u00e9 de dormir dans une \u00e9glise (apr\u00e8s tout, pourquoi pas ?), r\u00e9server <strong>la soir\u00e9e du 24 mai\u00a0: de 19h \u00e0 7h du matin, Saint-Guillaume ouvre ses portes <\/strong>pour une nuit que vous n\u2019oublierez jamais. <strong>Concerts et m\u00e9lange des genres, tartes flamb\u00e9e et gros dodo dans la nef, <\/strong>de quoi vivre une exp\u00e9rience unique.<\/p>\n<p>    <img width=\"600\" height=\"400\" src=\"https:\/\/www.europesays.com\/fr\/wp-content\/uploads\/2025\/05\/visuel-4-tissus-aeriens-600x400.jpg\" class=\"attachment-image-size-M size-image-size-M\" alt=\"Saint-Guillaume + Vincent Grobelny\" decoding=\"async\" loading=\"lazy\"  \/>         Vincent Grobelny (champion du monde 2023 de Pole-Dance) \u00e0 Saint-Guillaume. \u00a9 Document remis <\/p>\n<p>                <a href=\"https:\/\/pokaa.fr\/2019\/12\/16\/christophe-kocher-le-pasteur-audacieux-qui-a-fait-de-st-guillaume-la-paroisse-lgbtqi-de-strasbourg\/\" rel=\"nofollow noopener\" target=\"_blank\"><br \/>\n                    <img width=\"360\" height=\"270\" src=\"https:\/\/www.europesays.com\/fr\/wp-content\/uploads\/2025\/05\/paroissiens-de-saint-guillaume-a-la-marche-des-visibilites-credits-paroisse-saint-guillaume-2-e15753.jpeg\" class=\"attachment-card-horizontal--same-subject size-card-horizontal--same-subject wp-post-image\" alt=\"\" decoding=\"async\" loading=\"lazy\"\/>                <\/a><\/p>\n<p>Savourer les yeux ferm\u00e9s<\/p>\n<p>\u00c9couter de la musique assis(e) sur une chaise en public, c\u2019est agr\u00e9able mais pas tr\u00e8s immersif : c\u2019est pourquoi <strong>Cyril Pallaud<\/strong>, \u00e0 la t\u00eate de Passions Crois\u00e9es, a imagin\u00e9 <strong>une exp\u00e9rience avant tout sensorielle pour cette soir\u00e9e du 24 mai. <\/strong>Avec les yeux ferm\u00e9s, ou riv\u00e9s au plafond pour observer l\u2019architecture, et le corps allong\u00e9 dans l\u2019obscurit\u00e9, la musique r\u00e9sonne bien autrement.<strong> Objectif : savourer.<\/strong><\/p>\n<p>Partie 1 : Le  Christ \u00e0 l\u2019\u00e9preuve de \u00ab Squid Game \u00bb<\/p>\n<p>Au programme de cette soir\u00e9e, un concert d\u2019ouverture avec un chef-d\u2019\u0153uvre de la musique post-romantique. L\u2019ensemble vocal <strong>Les Ornements<\/strong> interpr\u00e9tera le <strong>Stabat Mater de Dvorak<\/strong>, reprenant l\u2019\u00e9pisode biblique de la crucifixion et notamment celui de la Vierge pleurant son fils. On retrouvera <strong>Guillem Aubrey<\/strong> au piano et \u00e0 la mise en sc\u00e8ne, ainsi que <strong>Pierre-Emmanuel Roubet<\/strong> en tant que t\u00e9nor.<\/p>\n<p>Sur sc\u00e8ne, on profitera aussi de la basse <strong>Jean-Christophe Fillol<\/strong> dans la peau du Christ, la soprano <strong>Lorraine Tisserant<\/strong> en Vierge, et la contre-alto <strong>Myriam Djemour<\/strong> en Saint Jean-Baptiste, le tout dans le d\u00e9cor du <strong>Mont Golgotha\u2026 transpos\u00e9 dans l\u2019univers de\u00a0\u00ab Squid Game \u00bb ! <\/strong>Oui, vous avez bien lu.<\/p>\n<p>    <img width=\"393\" height=\"600\" src=\"https:\/\/www.europesays.com\/fr\/wp-content\/uploads\/2025\/05\/capture-decran-2025-05-09-143650-393x600.png\" class=\"attachment-image-size-M size-image-size-M\" alt=\"Saint Guillaume (3)\" decoding=\"async\" loading=\"lazy\"  \/>         Stabat Mater 2023 \u00e0 Saint-Guillaume \u00a9 Saint-Guillaume \/ Documents remis <\/p>\n<p>La s\u00e9rie sud-cor\u00e9enne, dans laquelle les participant(e)s s\u2019affrontent dans des jeux mortels, est reprise comme <strong>une m\u00e9taphore de notre soci\u00e9t\u00e9<\/strong>, et comme un questionnement existentiel qui fait \u00e9cho \u00e0 ceux soulev\u00e9s par la crucifixion, telle que la valeur de la vie : <strong>le m\u00e9lange de genres promet de d\u00e9tonner.<\/strong><\/p>\n<p>Partie 2 : Tartes flamb\u00e9es, piano et jeux vid\u00e9os<\/p>\n<p>La soir\u00e9e se poursuivra avec une pause en ext\u00e9rieur. <strong>De 18h30 \u00e0 22h,<\/strong> les jardins s\u2019illumineront tandis que les <strong>douces odeurs de tartes flamb\u00e9es<\/strong> viendront ravir les plus gourmand(e)s\u2026 avant de passer au concert suivant.<\/p>\n<p><strong>\u00c0 partir de 23h, Guillem Aubry repassera au piano pour interpr\u00e9ter des musiques de jeux vid\u00e9o<\/strong> tels que <strong>Zelda, Mario ou encore Cuphead<\/strong>\u2026 Le tout avec une projection aux petits oignons\u00a0!<\/p>\n<p>                <img width=\"711\" height=\"500\" src=\"https:\/\/www.europesays.com\/fr\/wp-content\/uploads\/2025\/05\/saint-guillaume-7-711x500.png\" class=\"attachment-gallery size-gallery\" alt=\"Saint Guillaume (7)\" data-full-url=\"https:\/\/pokaa.fr\/wp-content\/uploads\/2024\/07\/07\/saint-guillaume-7.png\" decoding=\"async\" loading=\"lazy\"  \/>            <\/p>\n<p>                <img width=\"375\" height=\"500\" src=\"https:\/\/www.europesays.com\/fr\/wp-content\/uploads\/2025\/05\/image00019-375x500.jpeg\" class=\"attachment-gallery size-gallery\" alt=\"Flammen\u2019Truch terrasse tarte flamb\u00e9e weadele choucroute poisson\" data-full-url=\"https:\/\/pokaa.fr\/wp-content\/uploads\/2024\/06\/06\/image00019.jpeg\" decoding=\"async\" loading=\"lazy\"  \/>            <\/p>\n<p>                    1. \u00a9 Paroisse Saint-Guillaume \/ Document remis ; 2. \u00a9 Bastien Pietronave \/ Pokaa<\/p>\n<p>    <img width=\"571\" height=\"600\" src=\"https:\/\/www.europesays.com\/fr\/wp-content\/uploads\/2025\/05\/visuel-messager-novembre-decembre-1500x999-2-571x600.jpg\" class=\"attachment-image-size-M size-image-size-M\" alt=\"Guillem Aubry\" decoding=\"async\" loading=\"lazy\"  \/>         1. Guillem Aubry. \u00a9 C-Y. Nicolas \/ Document remis <\/p>\n<p>Partie 3 : un dodo envo\u00fbtant <\/p>\n<p>\u00c0 00h30, <strong>la nef sera vid\u00e9e de ses chaises, et parsem\u00e9e de matelas \u00e0 m\u00e9moire de forme et transats.<\/strong> Il ne restera plus qu\u2019\u00e0 ramener son sac de couchage pour s\u2019endormir gr\u00e2ce \u00e0 <strong>des chants gr\u00e9goriens et de l\u2019orgue entre 1h et 3h, suivis de chants d\u2019oiseaux jusqu\u2019\u00e0 7h du matin. <\/strong><\/p>\n<p>Au r\u00e9veil, <strong>un petit d\u00e9jeuner croustillant sera propos\u00e9<\/strong>, histoire de se r\u00e9veiller en douceur et redescendre tranquillement d\u2019une nuit pas comme les autres.<\/p>\n<p><strong>Les places sont limit\u00e9es \u00e0 100 personnes, et elles partent comme des petits pains\u00a0: pour s\u2019inscrire, c\u2019est <a href=\"https:\/\/www.passions-croisees.com\/billetterie\/\" target=\"_blank\" rel=\"noopener nofollow\">par ici<\/a>\u00a0!<\/strong> Vous pouvez <strong>r\u00e9server les trois spectacles, ou seulement celui\/ceux de votre choix,<\/strong> pour vous concocter un programme sur mesure. Alors, tent\u00e9(e) ?<\/p>\n<p>                <img width=\"750\" height=\"500\" src=\"https:\/\/www.europesays.com\/fr\/wp-content\/uploads\/2025\/05\/orgue-saint-guillaume-6.jpg\" class=\"attachment-gallery size-gallery\" alt=\"Orgue Saint-Guillaume (6)\" data-full-url=\"https:\/\/www.europesays.com\/fr\/wp-content\/uploads\/2025\/05\/orgue-saint-guillaume-6.jpg\" decoding=\"async\" loading=\"lazy\"  \/>            <\/p>\n<p>                <img width=\"333\" height=\"500\" src=\"https:\/\/www.europesays.com\/fr\/wp-content\/uploads\/2025\/05\/orgue-saint-guillaume-16.jpg\" class=\"attachment-gallery size-gallery\" alt=\"Orgue Saint-Guillaume (16)\" data-full-url=\"https:\/\/www.europesays.com\/fr\/wp-content\/uploads\/2025\/05\/orgue-saint-guillaume-16.jpg\" decoding=\"async\" loading=\"lazy\"  \/>            <\/p>\n<p>                    \u00a9 Mathilde Piaud \/ Pokaa<\/p>\n<p>            Nuit Blanche \u00e0 Saint-Guillaume <\/p>\n<p>            Quoi ? <\/p>\n<p>Nuit musicale avec tartes flamb\u00e9es et petit-d\u00e9jeuner<\/p>\n<p>                Quand ?<\/p>\n<p>La nuit du 24 au 25 mai, de 19h \u00e0 7h<\/p>\n<p>Concert Dvorak \/ Stabat Mater : 20h<br \/>Concert Jeux vid\u00e9o : 23h<br \/>Nuit \u00e0 Saint-Guillaume : 1h<\/p>\n<p>            o\u00f9 ?<\/p>\n<p>\u00c0 Saint-Guillaume, 1 rue Munch, Strasbourg<\/p>\n<p>                Plus d&rsquo;infos ?<\/p>\n<p><a href=\"https:\/\/www.passions-croisees.com\/programmation\/\" target=\"_blank\" rel=\"noopener nofollow\">Programme complet<\/a><br \/><a href=\"https:\/\/www.passions-croisees.com\/billetterie\/\" target=\"_blank\" rel=\"noopener nofollow\">Billeterie<\/a> (pour un\/plusieurs concerts, ou toute la nuit)<br \/>Contact : direction@passions\u2013croisees.com<br role=\"presentation\"\/>Billets \u00e9galement en vente \u00e0 la Conciergerie Solidaire (11 rue Merci\u00e8re)<\/p>\n<p>                <img width=\"333\" height=\"500\" src=\"https:\/\/www.europesays.com\/fr\/wp-content\/uploads\/2025\/05\/orgue-saint-guillaume-21.jpg\" class=\"attachment-gallery size-gallery\" alt=\"Orgue Saint-Guillaume (21)\" data-full-url=\"https:\/\/www.europesays.com\/fr\/wp-content\/uploads\/2025\/05\/orgue-saint-guillaume-21.jpg\" decoding=\"async\" loading=\"lazy\"  \/>            <\/p>\n<p>                    Cyril Pallaud. \u00a9 Mathilde Piaud \/ Pokaa<\/p>\n","protected":false},"excerpt":{"rendered":"Accueil \/ Sorties \/ Dormir dans une nef : \u00e0 Strasbourg, une \u00e9glise nous invite \u00e0 une Nuit&hellip;\n","protected":false},"author":2,"featured_media":95140,"comment_status":"","ping_status":"","sticky":false,"template":"","format":"standard","meta":{"footnotes":""},"categories":[2820],"tags":[1111,11,20787,1777,674,1011,27,775,12,7165,20788,20789,25,20790,640],"class_list":{"0":"post-95139","1":"post","2":"type-post","3":"status-publish","4":"format-standard","5":"has-post-thumbnail","7":"category-strasbourg","8":"tag-actu","9":"tag-actualites","10":"tag-chant-gregorien","11":"tag-eu","12":"tag-europe","13":"tag-fr","14":"tag-france","15":"tag-grand-est","16":"tag-news","17":"tag-opera","18":"tag-orgue","19":"tag-passions-croisees","20":"tag-republique-francaise","21":"tag-saint-guillaume","22":"tag-strasbourg"},"share_on_mastodon":{"url":"https:\/\/pubeurope.com\/@fr\/114496863335290384","error":""},"_links":{"self":[{"href":"https:\/\/www.europesays.com\/fr\/wp-json\/wp\/v2\/posts\/95139","targetHints":{"allow":["GET"]}}],"collection":[{"href":"https:\/\/www.europesays.com\/fr\/wp-json\/wp\/v2\/posts"}],"about":[{"href":"https:\/\/www.europesays.com\/fr\/wp-json\/wp\/v2\/types\/post"}],"author":[{"embeddable":true,"href":"https:\/\/www.europesays.com\/fr\/wp-json\/wp\/v2\/users\/2"}],"replies":[{"embeddable":true,"href":"https:\/\/www.europesays.com\/fr\/wp-json\/wp\/v2\/comments?post=95139"}],"version-history":[{"count":0,"href":"https:\/\/www.europesays.com\/fr\/wp-json\/wp\/v2\/posts\/95139\/revisions"}],"wp:featuredmedia":[{"embeddable":true,"href":"https:\/\/www.europesays.com\/fr\/wp-json\/wp\/v2\/media\/95140"}],"wp:attachment":[{"href":"https:\/\/www.europesays.com\/fr\/wp-json\/wp\/v2\/media?parent=95139"}],"wp:term":[{"taxonomy":"category","embeddable":true,"href":"https:\/\/www.europesays.com\/fr\/wp-json\/wp\/v2\/categories?post=95139"},{"taxonomy":"post_tag","embeddable":true,"href":"https:\/\/www.europesays.com\/fr\/wp-json\/wp\/v2\/tags?post=95139"}],"curies":[{"name":"wp","href":"https:\/\/api.w.org\/{rel}","templated":true}]}}