{"id":95177,"date":"2025-05-12T21:17:10","date_gmt":"2025-05-12T21:17:10","guid":{"rendered":"https:\/\/www.europesays.com\/fr\/95177\/"},"modified":"2025-05-12T21:17:10","modified_gmt":"2025-05-12T21:17:10","slug":"franc-succes-pour-la-place-2025-a-paris-avec-4000-evangeliques-reunis","status":"publish","type":"post","link":"https:\/\/www.europesays.com\/fr\/95177\/","title":{"rendered":"Franc succ\u00e8s pour La Place 2025 \u00e0 Paris avec 4000 \u00e9vang\u00e9liques r\u00e9unis"},"content":{"rendered":"<p>Organis\u00e9 par la fondation O\u00efkonomia et le Centre \u00e9vang\u00e9lique d\u2019information et d\u2019action (CEIA), le rassemblement \u00abLa Place\u00bb visait \u00e0 ouvrir le traditionnel Centre \u00e9vang\u00e9lique \u00e0 un public plus large. Pari r\u00e9ussi: 4000 participants ont r\u00e9pondu pr\u00e9sent, d\u00e9passant largement les 3000 esp\u00e9r\u00e9s.<\/p>\n<p>\u00abNous \u00e9vang\u00e9liques fran\u00e7ais, n\u2019avons pas v\u00e9cu de moment interd\u00e9nominationnel aussi fort depuis au moins vingt ans\u00bb, t\u00e9moigne David Alonso, responsable de la coordination g\u00e9n\u00e9rale.<\/p>\n<p>Pour ce dernier, la r\u00e9ussite ne tient pas tant aux stands ou aux artistes qu\u2019au lien spirituel v\u00e9cu sur place. \u00abCes personnes d\u00e9couvrent qu\u2019elles partagent quelque chose qui les d\u00e9passe, qui s\u2019appelle le Christ. Ce n\u2019est pas une communion de fa\u00e7ade, c\u2019est vraiment le peuple de Dieu qui se retrouve.\u00bb Une impression partag\u00e9e par Etienne Lhermenault, pr\u00e9sident d\u2019O\u00efkonomia: \u00abCe que nous voyons ici est une expression du corps de Christ.\u00bb<\/p>\n<p>Un programme \u00e0 l\u2019image de la pluralit\u00e9 \u00e9vang\u00e9lique<\/p>\n<p>Rencontres sur foi et intelligence artificielle, ateliers sur la parentalit\u00e9, exposition d\u2019art, musique pop, t\u00e9moignages sur les chr\u00e9tiens pers\u00e9cut\u00e9s\u2026 le programme incarnait la diversit\u00e9 culturelle et g\u00e9n\u00e9rationnelle du protestantisme \u00e9vang\u00e9lique en France. Moment marquant: le Forum des Eglises des diasporas tenu le 8 mai, salu\u00e9 comme \u00abune premi\u00e8re\u00bb par le sociologue S\u00e9bastien Fath. Celui-ci a appr\u00e9ci\u00e9 une d\u00e9marche centr\u00e9e sur l\u2019\u00e9coute, rompant avec la logique paternaliste parfois observ\u00e9e. Le th\u00e9ologien tchadien Abel Ndj\u00e9rareou, co-auteur de La Bible d\u2019\u00e9tude, Perspectives africaines, a lui aussi pris part \u00e0 la rencontre.<\/p>\n<p>L\u2019\u00e9v\u00e9nement \u00abLa Place\u00bb reviendra en 2028, annonce Patrice Kaulanjan, pr\u00e9sident du Centre \u00e9vang\u00e9lique. En attendant, la version \u00abclassique\u00bb du CEIA se tiendra les 15 et 16 avril 2026 \u00e0 l\u2019Espace Martin Luther King \u2013 Grand Paris de Cr\u00e9teil.<\/p>\n","protected":false},"excerpt":{"rendered":"Organis\u00e9 par la fondation O\u00efkonomia et le Centre \u00e9vang\u00e9lique d\u2019information et d\u2019action (CEIA), le rassemblement \u00abLa Place\u00bb visait&hellip;\n","protected":false},"author":2,"featured_media":95178,"comment_status":"","ping_status":"","sticky":false,"template":"","format":"standard","meta":{"footnotes":""},"categories":[1888],"tags":[11,20794,1777,674,10271,1011,27,15393,12,626,25,10272,13107],"class_list":{"0":"post-95177","1":"post","2":"type-post","3":"status-publish","4":"format-standard","5":"has-post-thumbnail","7":"category-paris","8":"tag-actualites","9":"tag-charismatique-pentecotiste","10":"tag-eu","11":"tag-europe","12":"tag-evangeliques","13":"tag-fr","14":"tag-france","15":"tag-missions","16":"tag-news","17":"tag-paris","18":"tag-republique-francaise","19":"tag-theologie","20":"tag-unite"},"share_on_mastodon":{"url":"https:\/\/pubeurope.com\/@fr\/114496945908720196","error":""},"_links":{"self":[{"href":"https:\/\/www.europesays.com\/fr\/wp-json\/wp\/v2\/posts\/95177","targetHints":{"allow":["GET"]}}],"collection":[{"href":"https:\/\/www.europesays.com\/fr\/wp-json\/wp\/v2\/posts"}],"about":[{"href":"https:\/\/www.europesays.com\/fr\/wp-json\/wp\/v2\/types\/post"}],"author":[{"embeddable":true,"href":"https:\/\/www.europesays.com\/fr\/wp-json\/wp\/v2\/users\/2"}],"replies":[{"embeddable":true,"href":"https:\/\/www.europesays.com\/fr\/wp-json\/wp\/v2\/comments?post=95177"}],"version-history":[{"count":0,"href":"https:\/\/www.europesays.com\/fr\/wp-json\/wp\/v2\/posts\/95177\/revisions"}],"wp:featuredmedia":[{"embeddable":true,"href":"https:\/\/www.europesays.com\/fr\/wp-json\/wp\/v2\/media\/95178"}],"wp:attachment":[{"href":"https:\/\/www.europesays.com\/fr\/wp-json\/wp\/v2\/media?parent=95177"}],"wp:term":[{"taxonomy":"category","embeddable":true,"href":"https:\/\/www.europesays.com\/fr\/wp-json\/wp\/v2\/categories?post=95177"},{"taxonomy":"post_tag","embeddable":true,"href":"https:\/\/www.europesays.com\/fr\/wp-json\/wp\/v2\/tags?post=95177"}],"curies":[{"name":"wp","href":"https:\/\/api.w.org\/{rel}","templated":true}]}}