{"id":951901,"date":"2026-05-23T11:50:30","date_gmt":"2026-05-23T11:50:30","guid":{"rendered":"https:\/\/www.europesays.com\/fr\/951901\/"},"modified":"2026-05-23T11:50:30","modified_gmt":"2026-05-23T11:50:30","slug":"atp-forget-se-souvient-de-monfils-et-du-quart-de-finale-en-2012-face-aux-etats-unis-barre-toi-cest-une-faute-professionnelle","status":"publish","type":"post","link":"https:\/\/www.europesays.com\/fr\/951901\/","title":{"rendered":"ATP > Forget se souvient de Monfils et du quart de finale en 2012 face aux Etats-Unis : \u00ab\u00a0Barre-toi, c\u2019est une faute professionnelle\u00a0\u00bb"},"content":{"rendered":"<p><a href=\"https:\/\/www.welovetennis.fr\/wp-content\/uploads\/2026\/05\/Forget.jpg\" data-caption=\"\" rel=\"nofollow noopener\" target=\"_blank\"><img loading=\"lazy\" decoding=\"async\" width=\"696\" height=\"476\" class=\"entry-thumb td-modal-image lazy\" src=\"data:image\/svg+xml,%3Csvg%20xmlns=\" http:=\"\" data-src=\"https:\/\/www.europesays.com\/fr\/wp-content\/uploads\/2026\/05\/Forget-696x476.jpg\" data- data- alt=\"\" title=\"Forget\"\/><\/a><\/p>\n<p>Quelques fois, il est obli\u00adga\u00adtoire de laisser le temps faire son travail. <strong><a href=\"https:\/\/www.eurosport.fr\/tennis\/roland-garros\/2026\/mon-gael-monfils-a-moi-episode-3-guy-forget-parfois-jai-eu-envie-de-laccrocher-au-porte-manteau_sto23299640\/story.shtml\" data-wpel-link=\"external\" target=\"_blank\" rel=\"nofollow external noopener\">Chez nos confr\u00e8res d\u2019Eurospor<\/a><\/strong>t, Guy Forget revient sur le forfait \u00e0 la derni\u00e8re minute et \u00e0 la surprise g\u00e9n\u00e9\u00adrale de la \u00ab\u202fMonf\u202f\u00bb pour affronter les Etats\u2010Unis \u00e0 Monte Carlo en 2012\u202fen quart de finale de la Coupe Davis. Cela ne r\u00e9sume pas compl\u00e8\u00adte\u00adment le person\u00adnage mais cela apporte une vraie r\u00e9ponse \u00e0 cette crise qui n\u2019\u00e9tait pas compr\u00e9hensible.<\/p>\n<p>\u00ab\u202f<strong>Les vraies raisons de son absence lors de mon dernier match, \u00e0 Monte\u2010Carlo, contre les USA, en 2012 (1\u22123). D\u00e9but de stage, Ga\u00ebl est avec nous. Il arrive sur le court le dimanche, il fait frais, c\u2019est humide. Il a juste sautill\u00e9 trois secondes. En haut des tribunes amovibles, il y avait des lettres E, F, G, H \u00e0 50 m\u00e8tres de hauteur. Et l\u00e0, pas \u00e9chauff\u00e9, Ga\u00ebl prend des balles usag\u00e9es, celles de l\u2019entra\u00eenement que Jo vient de finir. Il envoie une sacoche et il tombe court de 5 m\u00e8tres. Il prend d\u2019autres balles, huit au total, et tape de toutes ses forces, \u00e0 froid, pour essayer de toucher les panneaux. Je lui dis d\u2019arr\u00eater, que ce n\u2019est pas raison\u00adnable. Derri\u00e8re, il fait l\u2019entra\u00eenement norma\u00adle\u00adment. Le matin suivant, il me dit avoir mal aux c\u00f4tes. \u00c9chographie directe. R\u00e9sultat, d\u00e9chi\u00adrure des obliques\u202f! Et l\u00e0, je percute\u00a0: pur\u00e9e, les panneaux\u202f! Ga\u00ebl est forfait alors qu\u2019avec lui, sur terre battue, face \u00e0 Isner et Harrison, on serait sans doute pass\u00e9s. J\u2019\u00e9tais f\u00e2ch\u00e9, en col\u00e8re, je lui ai dit\u00a0:\u00a0\u00ab\u202fBarre\u2010toi, c\u2019est une faute profes\u00adsion\u00adnelle\u202f\u00bb.\u00a0\u00c9videmment, \u00e0 l\u2019\u00e9poque, on avait donn\u00e9 une autre version\u202f\u00bb<\/strong><\/p>\n<p class=\"post-published-date\" style=\"color: silver; font-size: 75%; text-align: left;\">Publi\u00e9 le samedi 23 mai 2026 \u00e0 10:40<\/p>\n<p><a href=\"https:\/\/www.welovetennis.fr\/author\/laurent\" data-wpel-link=\"internal\" rel=\"nofollow noopener\" target=\"_blank\"><img loading=\"lazy\" decoding=\"async\" alt=\"\" src=\"data:image\/svg+xml,%3Csvg%20xmlns=\" http:=\"\" data-src=\"https:\/\/www.europesays.com\/fr\/wp-content\/uploads\/2026\/05\/1779537030_435_1104042c3caec0db3ac445b788aaf1d75dd9c85915bc1ed65f3fbc794a170e52.jpeg\" data- class=\"avatar avatar-96 photo lazy\" height=\"96\" width=\"96\"\/><\/a><br \/>\nA propos de l\u2019auteur<br \/>\n<a href=\"https:\/\/www.welovetennis.fr\/author\/laurent\" data-wpel-link=\"internal\" rel=\"nofollow noopener\" target=\"_blank\">Laurent Trupiano<\/a><\/p>\n<p class=\"wlt-author-bio\">Laurent Trupiano est jour\u00adna\u00adliste depuis plus de 25 ans, il a travaill\u00e9 pour divers m\u00e9dias (Le Parisien, Le Point, Radio France), il a \u00e9t\u00e9 le co\u2010fondateur de Sport24.com. En 2007, il a cr\u00e9\u00e9 le maga\u00adzine We Love Tennis et lanc\u00e9 le site Welovetennis.fr en 2013. Aujourd\u2019hui, il est le direc\u00adteur de la r\u00e9dac\u00adtion des deux supports.<\/p>\n","protected":false},"excerpt":{"rendered":"Quelques fois, il est obli\u00adga\u00adtoire de laisser le temps faire son travail. Chez nos confr\u00e8res d\u2019Eurosport, Guy Forget&hellip;\n","protected":false},"author":2,"featured_media":951902,"comment_status":"","ping_status":"","sticky":false,"template":"","format":"standard","meta":{"footnotes":"","_share_on_mastodon":"0"},"categories":[1415],"tags":[1011,27,21365,3770,60,1467],"class_list":["post-951901","post","type-post","status-publish","format-standard","has-post-thumbnail","category-tennis","tag-fr","tag-france","tag-isner","tag-monfils","tag-sports","tag-tennis"],"share_on_mastodon":{"url":"https:\/\/pubeurope.com\/@fr\/116623744929766261","error":""},"_links":{"self":[{"href":"https:\/\/www.europesays.com\/fr\/wp-json\/wp\/v2\/posts\/951901","targetHints":{"allow":["GET"]}}],"collection":[{"href":"https:\/\/www.europesays.com\/fr\/wp-json\/wp\/v2\/posts"}],"about":[{"href":"https:\/\/www.europesays.com\/fr\/wp-json\/wp\/v2\/types\/post"}],"author":[{"embeddable":true,"href":"https:\/\/www.europesays.com\/fr\/wp-json\/wp\/v2\/users\/2"}],"replies":[{"embeddable":true,"href":"https:\/\/www.europesays.com\/fr\/wp-json\/wp\/v2\/comments?post=951901"}],"version-history":[{"count":0,"href":"https:\/\/www.europesays.com\/fr\/wp-json\/wp\/v2\/posts\/951901\/revisions"}],"wp:featuredmedia":[{"embeddable":true,"href":"https:\/\/www.europesays.com\/fr\/wp-json\/wp\/v2\/media\/951902"}],"wp:attachment":[{"href":"https:\/\/www.europesays.com\/fr\/wp-json\/wp\/v2\/media?parent=951901"}],"wp:term":[{"taxonomy":"category","embeddable":true,"href":"https:\/\/www.europesays.com\/fr\/wp-json\/wp\/v2\/categories?post=951901"},{"taxonomy":"post_tag","embeddable":true,"href":"https:\/\/www.europesays.com\/fr\/wp-json\/wp\/v2\/tags?post=951901"}],"curies":[{"name":"wp","href":"https:\/\/api.w.org\/{rel}","templated":true}]}}