{"id":952001,"date":"2026-05-23T12:58:18","date_gmt":"2026-05-23T12:58:18","guid":{"rendered":"https:\/\/www.europesays.com\/fr\/952001\/"},"modified":"2026-05-23T12:58:18","modified_gmt":"2026-05-23T12:58:18","slug":"qui-du-standard-ou-de-genk-remportera-les-europe-playoffs-voici-tous-les-scenarii-qui-sacreraient-les-rouches","status":"publish","type":"post","link":"https:\/\/www.europesays.com\/fr\/952001\/","title":{"rendered":"Qui du Standard ou de Genk remportera les Europe Playoffs\u00a0? Voici tous les scenarii qui sacreraient les Rouches"},"content":{"rendered":"<p><a href=\"https:\/\/www.dhnet.be\/sports\/football\/division-1a\/standard\/2026\/05\/23\/lawrence-et-nielsen-en-forme-bernier-de-retour-dans-le-11-chez-les-zebres-les-compos-probables-de-standard-charleroi-OCVNHUNADNABRFM7IDRLV3FJ7Y\/\" target=\"_self\" class=\"ap-StoryInterstitialLink ap-StoryElement ap-StoryElement--mb\" rel=\"nofollow noopener\">Suivez le choc wallon en direct d\u00e8s 20H45 ! <\/a><\/p>\n<p class=\"ap-StoryElement ap-StoryElement--mb ap-StoryText\">Le Standard a son sort entre les mains depuis sa victoire \u00e0 Westerlo et le partage de Genk contre l&rsquo;Antwerp. Mais plusieurs cas de figure sont possibles ce soir. Par exemple, un partage du Standard face aux Carolos et une victoire des Limbourgeois am\u00e8neraient les deux \u00e9quipes \u00e0 \u00e9galit\u00e9.<\/p>\n<p class=\"ap-StoryElement ap-StoryElement--mb ap-StoryText\">Il faut rappeler que le Racing Genk b\u00e9n\u00e9ficie d&rsquo;un demi-point d&rsquo;avance sur les Rouches, qu&rsquo;il a conserv\u00e9 apr\u00e8s la division des points de la phase r\u00e9guli\u00e8re par deux. Cela lui permettrait de rester en t\u00eate des Europe Playoffs devant le Standard de Li\u00e8ge s&rsquo;ils terminent tous les deux avec 38 points.<\/p>\n<p class=\"ap-StoryElement ap-StoryElement--mb ap-StoryText\">Quels scenarii sacreraient les Rouches ? Dans quels cas les Limbourgeois repasseraient devant ? On vous explique tout.<\/p>\n<p><a href=\"https:\/\/www.dhnet.be\/sports\/football\/division-1a\/standard\/2026\/05\/21\/vincent-euvrard-ne-veut-pas-voir-la-rivalite-standard-charleroi-prendre-le-dessus-mes-joueurs-ne-sont-pas-motives-par-charleroi-mais-par-lobjectif-64XBDHVDTNEYFDIL4O6KVC7NOM\/\" target=\"_self\" class=\"ap-StoryInterstitialLink ap-StoryElement ap-StoryElement--mb\" rel=\"nofollow noopener\">Vincent Euvrard ne veut pas voir la rivalit\u00e9 Standard-Charleroi prendre le dessus : \u00ab\u00a0Mes joueurs ne sont pas motiv\u00e9s par Charleroi mais par l&rsquo;objectif\u00a0\u00bb<\/a>Le Standard finira premier des Europe Playoffs si :<\/p>\n<ul class=\"ap-StoryLinkElement list-disc ap-StoryElement ap-StoryElement--mb\">\n<li class=\"ap-StoryLinkElement-item\">S&rsquo;il gagne contre Charleroi, peu importe le r\u00e9sultat de Genk \u00e0 OHL<\/li>\n<li class=\"ap-StoryLinkElement-item\">S&rsquo;il partage face aux Carolos et que Genk ne gagne pas<\/li>\n<li class=\"ap-StoryLinkElement-item\">S&rsquo;il perd le choc wallon et que Genk ne fait pas mieux qu&rsquo;un partage sur la pelouse de Louvain.<\/li>\n<\/ul>\n<p class=\"ap-StoryElement ap-StoryElement--mb ap-StoryText\">Pour Genk, la donne est simple : il faudra absolument gagner et esp\u00e9rer que Charleroi r\u00e9siste \u00e0 tenir le Standard en \u00e9chec. Une victoire les propulserait \u00e0 38 points. Les Rouches pourraient, au mieux faire match nul et b\u00e9n\u00e9ficier \u00e9galement de 38 points. Mais ce petit coefficient du demi-point donnerait aux Limbourgeois l&rsquo;ascendant sur les pensionnaires de Sclessin.<\/p>\n<p><a href=\"https:\/\/www.dhnet.be\/sports\/football\/division-1a\/standard\/2026\/05\/21\/sclessin-affiche-presque-complet-pour-standard-charleroi-700-supporters-carolos-dans-le-bloc-visiteur-U25VXYJNWNAB5OGVCFEO5SVVXA\/\" target=\"_self\" class=\"ap-StoryInterstitialLink ap-StoryElement ap-StoryElement--mb\" rel=\"nofollow noopener\">Sclessin affiche presque complet pour Standard-Charleroi, 700 supporters carolos dans le bloc visiteur<\/a><\/p>\n<p class=\"ap-StoryElement ap-StoryElement--mb ap-StoryText\">Vous l&rsquo;aurez compris, le Standard a la main. Mais Charleroi ne comptera certainement pas offrir une qualification pour le barrage si facilement \u00e0 leur ennemi wallon. Toutefois, les Rouches sont en confiance et restent sur cinq matchs sans d\u00e9faite.<\/p>\n<p><a href=\"https:\/\/www.dhnet.be\/sports\/football\/division-1a\/standard\/2026\/05\/23\/de-la-galere-au-bonheur-de-charleroi-a-charleroi-comment-david-bates-a-repris-une-place-de-patron-dans-la-defense-du-standard-DWNQCTPLOZF5HFHFUITTT3MVPI\/\" target=\"_self\" class=\"ap-StoryInterstitialLink ap-StoryElement ap-StoryElement--mb\" rel=\"nofollow noopener\">De la gal\u00e8re au bonheur, de Charleroi \u00e0 Charleroi : comment David Bates a repris une place de patron dans la d\u00e9fense du Standard<\/a><\/p>\n<p class=\"ap-StoryElement ap-StoryElement--mb ap-StoryText\">Qui plus est, Genk est en panne offensive depuis les deux derniers matchs. Les Limbourgeois n&rsquo;ont pas r\u00e9ussi \u00e0 faire mieux que deux nuls vierges contre le Standard et l&rsquo;Antwerp alors qu&rsquo;ils ont tent\u00e9\u2026 56 tirs au but sur l&rsquo;ensemble des deux rencontres.<\/p>\n","protected":false},"excerpt":{"rendered":"Suivez le choc wallon en direct d\u00e8s 20H45 ! Le Standard a son sort entre les mains depuis&hellip;\n","protected":false},"author":2,"featured_media":952002,"comment_status":"","ping_status":"","sticky":false,"template":"","format":"standard","meta":{"footnotes":"","_share_on_mastodon":"0"},"categories":[1586],"tags":[11,9499,15253,78599,65147,56862,78600,26388,827,68019,1777,674,46652,1011,27,1101,8797,8798,15263,12,38564,10439,68023,25,100609,60,15268,65180,1467,68024,37975,26405],"class_list":["post-952001","post","type-post","status-publish","format-standard","has-post-thumbnail","category-europe","tag-actualites","tag-adult","tag-athlete","tag-australian-open","tag-ball-game","tag-belgaonthespot","tag-benelux-only","tag-clothing","tag-competition","tag-competition-event","tag-eu","tag-europe","tag-focus-on-foreground","tag-fr","tag-france","tag-hommes","tag-mannen","tag-men","tag-motion","tag-news","tag-player","tag-racket","tag-racket-sport","tag-republique-francaise","tag-side-view","tag-sports","tag-sports-clothing","tag-sports-equipment","tag-tennis","tag-tournament","tag-two-people","tag-young-adult"],"share_on_mastodon":{"url":"https:\/\/pubeurope.com\/@fr\/116624012521477509","error":""},"_links":{"self":[{"href":"https:\/\/www.europesays.com\/fr\/wp-json\/wp\/v2\/posts\/952001","targetHints":{"allow":["GET"]}}],"collection":[{"href":"https:\/\/www.europesays.com\/fr\/wp-json\/wp\/v2\/posts"}],"about":[{"href":"https:\/\/www.europesays.com\/fr\/wp-json\/wp\/v2\/types\/post"}],"author":[{"embeddable":true,"href":"https:\/\/www.europesays.com\/fr\/wp-json\/wp\/v2\/users\/2"}],"replies":[{"embeddable":true,"href":"https:\/\/www.europesays.com\/fr\/wp-json\/wp\/v2\/comments?post=952001"}],"version-history":[{"count":0,"href":"https:\/\/www.europesays.com\/fr\/wp-json\/wp\/v2\/posts\/952001\/revisions"}],"wp:featuredmedia":[{"embeddable":true,"href":"https:\/\/www.europesays.com\/fr\/wp-json\/wp\/v2\/media\/952002"}],"wp:attachment":[{"href":"https:\/\/www.europesays.com\/fr\/wp-json\/wp\/v2\/media?parent=952001"}],"wp:term":[{"taxonomy":"category","embeddable":true,"href":"https:\/\/www.europesays.com\/fr\/wp-json\/wp\/v2\/categories?post=952001"},{"taxonomy":"post_tag","embeddable":true,"href":"https:\/\/www.europesays.com\/fr\/wp-json\/wp\/v2\/tags?post=952001"}],"curies":[{"name":"wp","href":"https:\/\/api.w.org\/{rel}","templated":true}]}}