{"id":95234,"date":"2025-05-12T21:48:09","date_gmt":"2025-05-12T21:48:09","guid":{"rendered":"https:\/\/www.europesays.com\/fr\/95234\/"},"modified":"2025-05-12T21:48:09","modified_gmt":"2025-05-12T21:48:09","slug":"en-israel-la-liberation-de-lotage-edan-alexander-met-le-gouvernement-netanyahou-sur-la-sellette-liberation","status":"publish","type":"post","link":"https:\/\/www.europesays.com\/fr\/95234\/","title":{"rendered":"En Isra\u00ebl, la lib\u00e9ration de l\u2019otage Edan Alexander met le gouvernement N\u00e9tanyahou sur la sellette \u2013 Lib\u00e9ration"},"content":{"rendered":"<p class=\"sc-ksZaOG ehjQrN text-element\">Ils n\u2019\u00e9taient qu\u2019une petite centaine \u00e0 se retrouver sur la place des Otages, \u00e0 Tel-Aviv, lundi 12 mai dans l\u2019apr\u00e8s-midi, pour la premi\u00e8re lib\u00e9ration d\u2019un otage isra\u00e9lien depuis f\u00e9vrier. Cela tenait peut-\u00eatre au fait que le Hamas avait annonc\u00e9 que le jeune <a href=\"https:\/\/www.liberation.fr\/international\/moyen-orient\/une-nouvelle-monumentale-pour-trump-le-hamas-va-liberer-un-otage-israelo-americain-apres-des-contacts-avec-washington-20250512_IUINJN6I3JGGPJPG6QLNCNCSH4\/\" target=\"_blank\" rel=\"noopener\" title=\"https:\/\/www.liberation.fr\/international\/moyen-orient\/une-nouvelle-monumentale-pour-trump-le-hamas-va-liberer-un-otage-israelo-americain-apres-des-contacts-avec-washington-20250512_IUINJN6I3JGGPJPG6QLNCNCSH4\/\">soldat isra\u00e9lo-am\u00e9ricain Edan Alexander<\/a>, 21 ans, serait rel\u00e2ch\u00e9 sans contrepartie, et sans c\u00e9r\u00e9monie.<\/p>\n<p class=\"sc-ksZaOG ehjQrN text-element\">Originaire d\u2019une famille juive du New Jersey, Edan Alexander a \u00e9migr\u00e9 en Isra\u00ebl seul \u00e0 18 ans pour s\u2019engager dans la brigade d\u2019infanterie isra\u00e9lienne Golani. Il a \u00e9t\u00e9 fait prisonnier par les combattants du Hamas dans sa base, \u00e0 la fronti\u00e8re gazaouie, le 7 octobre 2023. Sa famille avait obtenu un premier signe de vie en mars, de la part d\u2019autres otages lib\u00e9r\u00e9s. Le Hamas avait ensuite publi\u00e9 une vid\u00e9o de lui en avril, puis avait annonc\u00e9 avoir perdu tout contact avec ses gardes.<\/p>\n<p class=\"sc-ksZaOG ehjQrN text-element\">Une marche s\u2019est \u00e9branl\u00e9e \u00e0 15 h 30 (heure locale) de la place des Otages vers l\u2019ambassade des Etats-Unis, \u00e0 l\u2019initiative de l\u2019organisme qui repr\u00e9sente la majeure partie des familles des captifs isra\u00e9l<\/p>\n","protected":false},"excerpt":{"rendered":"Ils n\u2019\u00e9taient qu\u2019une petite centaine \u00e0 se retrouver sur la place des Otages, \u00e0 Tel-Aviv, lundi 12 mai&hellip;\n","protected":false},"author":2,"featured_media":95235,"comment_status":"","ping_status":"","sticky":false,"template":"","format":"standard","meta":{"footnotes":""},"categories":[5],"tags":[11,952,75,1011,27,3517,3519,14,664,3523,12,28],"class_list":{"0":"post-95234","1":"post","2":"type-post","3":"status-publish","4":"format-standard","5":"has-post-thumbnail","7":"category-international","8":"tag-actualites","9":"tag-benyamin-netanyahou","10":"tag-donald-trump","11":"tag-fr","12":"tag-france","13":"tag-gaza-l-escalade","14":"tag-hamas","15":"tag-international","16":"tag-israel","17":"tag-israel-palestine-conflit","18":"tag-news","19":"tag-world"},"share_on_mastodon":{"url":"https:\/\/pubeurope.com\/@fr\/114497067681838318","error":""},"_links":{"self":[{"href":"https:\/\/www.europesays.com\/fr\/wp-json\/wp\/v2\/posts\/95234","targetHints":{"allow":["GET"]}}],"collection":[{"href":"https:\/\/www.europesays.com\/fr\/wp-json\/wp\/v2\/posts"}],"about":[{"href":"https:\/\/www.europesays.com\/fr\/wp-json\/wp\/v2\/types\/post"}],"author":[{"embeddable":true,"href":"https:\/\/www.europesays.com\/fr\/wp-json\/wp\/v2\/users\/2"}],"replies":[{"embeddable":true,"href":"https:\/\/www.europesays.com\/fr\/wp-json\/wp\/v2\/comments?post=95234"}],"version-history":[{"count":0,"href":"https:\/\/www.europesays.com\/fr\/wp-json\/wp\/v2\/posts\/95234\/revisions"}],"wp:featuredmedia":[{"embeddable":true,"href":"https:\/\/www.europesays.com\/fr\/wp-json\/wp\/v2\/media\/95235"}],"wp:attachment":[{"href":"https:\/\/www.europesays.com\/fr\/wp-json\/wp\/v2\/media?parent=95234"}],"wp:term":[{"taxonomy":"category","embeddable":true,"href":"https:\/\/www.europesays.com\/fr\/wp-json\/wp\/v2\/categories?post=95234"},{"taxonomy":"post_tag","embeddable":true,"href":"https:\/\/www.europesays.com\/fr\/wp-json\/wp\/v2\/tags?post=95234"}],"curies":[{"name":"wp","href":"https:\/\/api.w.org\/{rel}","templated":true}]}}