{"id":95241,"date":"2025-05-12T21:52:29","date_gmt":"2025-05-12T21:52:29","guid":{"rendered":"https:\/\/www.europesays.com\/fr\/95241\/"},"modified":"2025-05-12T21:52:29","modified_gmt":"2025-05-12T21:52:29","slug":"saint-chamond-isabelle-surply-ajoute-encore-une-couche-a-ses-premieres-accusations","status":"publish","type":"post","link":"https:\/\/www.europesays.com\/fr\/95241\/","title":{"rendered":"Saint-Chamond\u00a0: Isabelle Surply ajoute encore une couche \u00e0 ses premi\u00e8res accusations"},"content":{"rendered":"<p class=\"is-style-chapo\">La conseill\u00e8re municipale d\u2019opposition (ex RN) Isabelle Surply a fait part aux m\u00e9dias locaux il y a une semaine d\u2019un alourdissement de ses accusations \u2013 objet d\u00e9sormais de trois plaintes officielles et d\u2019une constitution en partie civile \u2013 \u00e0 l\u2019\u00e9gard de la majorit\u00e9 du maire Axel Dugua. Aux 117\u00a0000 \u20ac de factures qu\u2019elle jugeait d\u00e9j\u00e0 plus que douteux \u00e0 l\u2019automne s\u2019ajouteraient 180\u00a0000 \u20ac autour d\u2019achats et reventes de v\u00e9hicules municipaux, d\u00e9montrant, estime-t-elle, la partie \u00e9merg\u00e9e d\u2019un v\u00e9ritable \u00ab\u00a0syst\u00e8me\u00a0\u00bb. \u00a0\u00a0<\/p>\n<p><img fetchpriority=\"high\" decoding=\"async\" width=\"1024\" height=\"576\" src=\"https:\/\/www.europesays.com\/fr\/wp-content\/uploads\/2025\/05\/Design-IF-338-1024x576.png\" alt=\"\" class=\"wp-image-43173\"  \/>La majorit\u00e9 municipale de Saint-Chamond d\u00e9ment cat\u00e9goriquement les accusations d\u2019Isabelle Surply. \u00a9If Saint-Etienne \/ XA<\/p>\n<p>D\u00e9j\u00e0 trois plaintes officiellement d\u00e9pos\u00e9es aupr\u00e8s du Parquet de Saint-Etienne. Et bient\u00f4t une quatri\u00e8me, promettait il y a d\u00e9j\u00e0 une semaine Isabelle Surply \u00e0 l\u2019issue d\u2019une nouvelle conf\u00e9rence de presse d\u00e9di\u00e9e \u00e0 ce dossier qu\u2019elle tente de soulever. Elle pourrait en effet carr\u00e9ment ajouter au \u00ab\u00a0package\u00a0\u00bb une \u00ab\u00a0corruption d\u2019\u00e9lu\u00a0\u00bb. Car \u00ab\u00a0ce que je viens de constater me confirme que tout \u00e7a ne rel\u00e8ve assur\u00e9ment pas de l\u2019incomp\u00e9tence, d\u2019\u00e9ventuelles maladresses\u00a0\u00bb, a indiqu\u00e9 aux m\u00e9dias locaux la conseill\u00e8re municipale d\u2019opposition (ex-RN), ni m\u00eame d\u2019\u00ab\u00a0une tr\u00e8s grave m\u00e9connaissance\u00a0\u00bb ou du \u00ab\u00a0copinage\u00a0\u00bb un peu plus que limite pour reprendre ses propos datant <a href=\"https:\/\/www.if-saint-etienne.fr\/politique-societe\/la-majorite-accusee-de-117-000-e-de-depenses-injustifiees-a-saint-chamond-isabelle-surply-en-remet-une-couche\" target=\"_blank\" rel=\"noreferrer noopener\">d\u2019octobre dernier<\/a>. Mais bel bien \u00ab avec certitude, la partie \u00e9merg\u00e9e d\u2019un v\u00e9ritable syst\u00e8me sciemment malhonn\u00eate, une magouille organis\u00e9e\u00a0\u00bb.<\/p>\n<p>Pas de r\u00e9action officielle des mises en cause \u00e0 ce stade, contrairement \u00e0 il y a 7 mois o\u00f9 un communiqu\u00e9 officiel avait \u00e9t\u00e9 transmis de la part de l\u2019ex\u00e9cutif municipal dans la foul\u00e9e, le lendemain. Depuis cet automne, tout comme Isabelle Surply, la majorit\u00e9 municipale dit n\u2019avoir eu aucun signe de vie sur ce dossier de la part du procureur (qui a bien re\u00e7u les plaintes) \u2013 depuis f\u00e9vrier, la <a href=\"https:\/\/www.if-saint-etienne.fr\/immobilier-vie-juridique\/anne-gaches-nouvelle-procureure-de-la-republique-de-saint-etienne-officiellement-presentee\" target=\"_blank\" rel=\"noreferrer noopener\">procureure<\/a> \u2013 de la R\u00e9publique de Saint-Etienne. La \u00ab\u00a0contre-attaque\u00a0\u00bb de la municipalit\u00e9 d\u2019Axel Dugua pourrait cependant tomber et l\u00e0 aussi sous la forme d\u2019une conf\u00e9rence de presse. A voir si le maire et sa majorit\u00e9 iront jusqu\u2019\u00e0 porter plainte pour \u00ab\u00a0d\u00e9nonciation calomnieuse au sens de l\u2019article 226-10 du code p\u00e9nal\u00a0\u00bb comme elle disait s\u2019en r\u00e9server la possibilit\u00e9 cet automne.<\/p>\n<p>Droits dans leurs bottes<\/p>\n<p>Que ces accusations soient fond\u00e9es, totalement, partiellement ou absolument pas, tant qu\u2019une enqu\u00eate n\u2019est pas ouverte, leur genre pose dans les trois cas la difficult\u00e9 corn\u00e9lienne quant \u00e0 adopter une r\u00e9action calibr\u00e9e\u00a0de la part des mis en cause : s\u2019en offusquer vite, fortement, contre argumenter sur chaque point, c\u2019est ajouter de l\u2019intensit\u00e9 au coup de projecteur m\u00e9diatique. Ne pas r\u00e9agir, c\u2019est laisser dire au risque qu\u2019elles fructifient. Alors m\u00eame que ces accusations risquent d\u2019\u00eatre feuilletonn\u00e9es par leur nature et\/ou par calcul dans un contexte o\u00f9 les Municipales pointent \u00e0 l\u2019horizon. Sollicit\u00e9 puis crois\u00e9 l\u2019apr\u00e8s-midi m\u00eame, \u00e0 l\u2019occasion de la <a href=\"https:\/\/www.if-saint-etienne.fr\/culture-loisirs\/a-saint-chamond-le-mausa-h07-a-recu-ses-cles-dans-les-regles-de-lart\" target=\"_blank\" rel=\"noreferrer noopener\">remise<\/a> officielle des cl\u00e9s au Mausa H07, Axel Dugua se contente, pour l\u2019heure, de nier calmement toute pratique ill\u00e9gale au sein de la municipalit\u00e9 couramiaude. \u00ab\u00a0Tout est l\u00e0. Les documents sont transparents et ont \u00e9t\u00e9 transmis \u00e0 la facture pr\u00e8s. Il n\u2019y a rien\u00a0: c\u2019est un tissu de mensonges visant \u00e0 faire le buzz, c\u2019est tout.\u00a0\u00bb<\/p>\n<blockquote>\n<p>Il n\u2019y a rien\u00a0: c\u2019est un tissu de mensonges visant \u00e0 faire le buzz, c\u2019est tout.\u00a0<\/p>\n<p>Axel Dugua, maire de Saint-Chamond<\/p><\/blockquote>\n<p>Tout aussi droite dans ses bottes, Isabelle Surply, pour rappel, avait d\u00e9j\u00e0 attir\u00e9 l\u2019attention de la presse locale en octobre dernier. A cette \u00e9poque, l\u2019\u00e9lue d\u2019opposition, disait avoir analys\u00e9 2\u00a0700 documents, des factures du service protocole depuis 2021, apr\u00e8s les avoir r\u00e9clam\u00e9s puis obtenus dit-elle malgr\u00e9 moult difficult\u00e9s (et une injonction de la <a href=\"https:\/\/www.google.com\/url?sa=t&amp;source=web&amp;rct=j&amp;opi=89978449&amp;url=https:\/\/www.cada.fr\/&amp;ved=2ahUKEwi5k76lqZ6NAxVcRKQEHatKPSIQFnoECAkQAQ&amp;usg=AOvVaw0wOodaJx9mopH5XDqjsgR_\" target=\"_blank\" rel=\"noreferrer noopener\">Cada<\/a>) aupr\u00e8s de la majorit\u00e9. Selon elle, il en ressortait alors d\u00e9j\u00e0 \u00ab\u00a0pour, au moins, 117\u00a0000 \u20ac de factures injustifi\u00e9es\u00a0\u00bb\u00a0: petite f\u00eate entre \u00e9lu de la majorit\u00e9, achats co\u00fbteux d\u2019alcools ou encore de v\u00eatements et repas jug\u00e9s suspects, qui plus est chez des commer\u00e7ants \/ restaurateurs de la m\u00eame famille que des adjoints\u2026 Elle avait alors pr\u00e9venu que ses investigations se poursuivaient. Et d\u00e9j\u00e0 d\u00e9pos\u00e9 plainte, en septembre, aupr\u00e8s du procureur de Saint-\u00c9tienne, accusant l\u2019ex\u00e9cutif municipal de \u00ab\u00a0d\u00e9tournement de fonds publics\u00a0\u00bb et de \u00ab\u00a0prise ill\u00e9gale d\u2019int\u00e9r\u00eats\u00a0\u00bb.<\/p>\n<p>Encore du scandale sous la p\u00e9dale<\/p>\n<p>Dans le viseur cette fois, les achats \/ revente de v\u00e9hicules municipaux, \u00ab\u00a0au nombre actuellement de 153,\u00a0soulignons-le, puisqu\u2019une Ville comme Roanne n\u2019en compte que 110, compare-t-elle. Il y en a au total pour 2,5 M\u20ac de transactions. J\u2019ai d\u00fb, l\u00e0, patiemment \u00e9plucher un document de 274 pages apr\u00e8s avoir r\u00e9clam\u00e9 et attendu ces factures durant 9 mois. L\u2019ensemble para\u00eet souvent bricol\u00e9, plus que limite sur les formes avec un tiers de transactions effectu\u00e9es hors de <a href=\"https:\/\/www.google.com\/url?sa=t&amp;source=web&amp;rct=j&amp;opi=89978449&amp;url=https:\/\/www.ugap.fr\/%3Fsrsltid%3DAfmBOoqdDSG6-MaFQRZeRj37RSNMl25C4sm60vZT5urIpQBWdq1hYdtR&amp;ved=2ahUKEwjN9siclZ6NAxW4dqQEHaoNLjUQFnoECAwQAQ&amp;usg=AOvVaw3fK3S2dzfateQw-38utqYl\" target=\"_blank\" rel=\"noreferrer noopener\">l\u2019Ugap<\/a><strong>*<\/strong>. Et encore une fois, nous constatons des liens troublants entre sept achats ou ventes \u00e0 des garages, membres de la famille d\u2019adjoints\u00a0!\u00a0\u00bb L\u2019un des garages en question est situ\u00e9 \u00e0 Saint-Chamond, l\u2019autre au Chambon-Feugerolles. D\u2019autant plus troublant, argue-t-elle encore, que la Chambre r\u00e9gionale des comptes Aura avait \u00ab\u00a0d\u00e9j\u00e0 point\u00e9 des irr\u00e9gularit\u00e9s sur des achats hors march\u00e9s publics dans son rapport sur la gestion de Saint-Chamond publi\u00e9 en juin 2022\u00a0\u00bb. \u00a0<\/p>\n<p>Pr\u00e9cisons que ce <a href=\"https:\/\/www.if-saint-etienne.fr\/politique-societe\/saint-chamond-passee-a-la-loupe-de-la-chambre-regionale-des-comptes\" target=\"_blank\" rel=\"noreferrer noopener\">rapport<\/a> portait sur la gestion budg\u00e9taire et financi\u00e8re 2015\/2020. De quoi, en tout cas, amener Isabelle Surply \u00e0 porter une nouvelle plainte pour, cette fois, favoritisme et prise ill\u00e9gale d\u2019int\u00e9r\u00eats sur un cumul de 180\u00a0000 \u20ac s\u2019ajoutant aux 117\u00a0000 \u20ac qu\u2019elle pointait d\u00e9j\u00e0 il y a 7 mois. Soit d\u00e9sormais un total de 300\u00a0000 \u20ac pour trois plaintes distinctes alors que l\u2019\u00e9lue d\u2019opposition s\u2019est du coup constitu\u00e9e partie civile en janvier dernier. Elle annonce donc toujours poursuivre ses investigations et avoir encore du scandale sous la p\u00e9dale, jusqu\u2019\u00e0 envisager tr\u00e8s s\u00e9rieusement une 4e plainte sur d\u2019autres \u00e9l\u00e9ments, cette fois-ci, carr\u00e9ment estampill\u00e9e de \u00ab\u00a0corruption d\u2019\u00e9lu\u00a0\u00bb\u2026<\/p>\n<p><strong>*L\u2019Union des groupements d\u2019achats publics est une centrale d\u2019achat publique fran\u00e7aise, plac\u00e9e sous double tutelle minist\u00e9rielle.<\/strong><\/p>\n","protected":false},"excerpt":{"rendered":"La conseill\u00e8re municipale d\u2019opposition (ex RN) Isabelle Surply a fait part aux m\u00e9dias locaux il y a une&hellip;\n","protected":false},"author":2,"featured_media":95242,"comment_status":"","ping_status":"","sticky":false,"template":"","format":"standard","meta":{"footnotes":""},"categories":[9653],"tags":[20797,1111,11,2430,20798,20799,1777,674,1011,27,20800,20801,20802,303,12,2634,25,4001,20803],"class_list":{"0":"post-95241","1":"post","2":"type-post","3":"status-publish","4":"format-standard","5":"has-post-thumbnail","7":"category-saint-etienne","8":"tag-accusatif","9":"tag-actu","10":"tag-actualites","11":"tag-auvergne-rhone-alpes","12":"tag-axel-dugua","13":"tag-conseil-municipal-saint-chamond","14":"tag-eu","15":"tag-europe","16":"tag-fr","17":"tag-france","18":"tag-gestion-finances-publiques","19":"tag-gestion-financiere","20":"tag-isabelle-surply","21":"tag-justice","22":"tag-news","23":"tag-plainte","24":"tag-republique-francaise","25":"tag-saint-etienne","26":"tag-ville-de-saint-chamond"},"share_on_mastodon":{"url":"https:\/\/pubeurope.com\/@fr\/114497083576499941","error":""},"_links":{"self":[{"href":"https:\/\/www.europesays.com\/fr\/wp-json\/wp\/v2\/posts\/95241","targetHints":{"allow":["GET"]}}],"collection":[{"href":"https:\/\/www.europesays.com\/fr\/wp-json\/wp\/v2\/posts"}],"about":[{"href":"https:\/\/www.europesays.com\/fr\/wp-json\/wp\/v2\/types\/post"}],"author":[{"embeddable":true,"href":"https:\/\/www.europesays.com\/fr\/wp-json\/wp\/v2\/users\/2"}],"replies":[{"embeddable":true,"href":"https:\/\/www.europesays.com\/fr\/wp-json\/wp\/v2\/comments?post=95241"}],"version-history":[{"count":0,"href":"https:\/\/www.europesays.com\/fr\/wp-json\/wp\/v2\/posts\/95241\/revisions"}],"wp:featuredmedia":[{"embeddable":true,"href":"https:\/\/www.europesays.com\/fr\/wp-json\/wp\/v2\/media\/95242"}],"wp:attachment":[{"href":"https:\/\/www.europesays.com\/fr\/wp-json\/wp\/v2\/media?parent=95241"}],"wp:term":[{"taxonomy":"category","embeddable":true,"href":"https:\/\/www.europesays.com\/fr\/wp-json\/wp\/v2\/categories?post=95241"},{"taxonomy":"post_tag","embeddable":true,"href":"https:\/\/www.europesays.com\/fr\/wp-json\/wp\/v2\/tags?post=95241"}],"curies":[{"name":"wp","href":"https:\/\/api.w.org\/{rel}","templated":true}]}}