{"id":95275,"date":"2025-05-12T22:11:11","date_gmt":"2025-05-12T22:11:11","guid":{"rendered":"https:\/\/www.europesays.com\/fr\/95275\/"},"modified":"2025-05-12T22:11:11","modified_gmt":"2025-05-12T22:11:11","slug":"trois-journees-portes-ouvertes-pour-rencontrer-ses-services","status":"publish","type":"post","link":"https:\/\/www.europesays.com\/fr\/95275\/","title":{"rendered":"trois journ\u00e9es portes ouvertes pour rencontrer ses services"},"content":{"rendered":"<p>            Par<br \/>\n        <strong><br \/>\n            <a href=\"https:\/\/actu.fr\/auteur\/aurelien-cardot\" title=\"Consulter tous les articles de Aurelien Cardot\" target=\"_blank\" rel=\"noopener\">Aurelien Cardot<\/a><br \/>\n        <\/strong><\/p>\n<p>        Publi\u00e9 le<\/p>\n<p>            12 mai 2025 \u00e0 17h46        <\/p>\n<p><strong>Le CHU de Bordeaux<\/strong>, premier employeur de Nouvelle-Aquitaine avec pr\u00e8s de 14 500 salari\u00e9s, lance une <a href=\"https:\/\/actu.fr\/nouvelle-aquitaine\/bordeaux_33063\/emploi-le-chu-de-bordeaux-recrute-plus-de-200-personnes-et-ouvre-les-portes-de-ses-hopitaux_62523357.html\" target=\"_blank\" rel=\"noopener\">op\u00e9ration de recrutement<\/a>. Trois journ\u00e9es <strong>portes ouvertes<\/strong> sont organis\u00e9es dans trois h\u00f4pitaux diff\u00e9rents pour faire d\u00e9couvrir leurs coulisses aux professionnels de sant\u00e9 et \u00e9tudiants en fin de cursus.\u00a0<\/p>\n<p class=\" wall-content\">Au programme : des <strong>rencontres avec les soignants<\/strong> et les directions, des visites guid\u00e9es, des immersions en bloc op\u00e9ratoire ou en r\u00e9animation, ainsi que des animations pour d\u00e9couvrir le quotidien hospitalier.<\/p>\n<p>H\u00f4pital Haut-L\u00e9v\u00eaque \u2013 mardi 13 mai de 10h \u00e0 16h<\/p>\n<p class=\" wall-content\">Pour ces premi\u00e8res portes ouvertes, les visiteurs pourront<strong> \u00e9changer avec de nombreux professionnels.<\/strong><\/p>\n<p class=\" wall-content\">Il s\u2019agit des services de <strong>direction des soins<\/strong> et RH, addictologie, anesth\u00e9sie, r\u00e9animation, appareil digestif, endocrinologie, cardiologie, pneumologie, urgences, m\u00e9decine interne, g\u00e9rontologie, onco-h\u00e9matologie, radioth\u00e9rapie, biologie, pathologie, imagerie m\u00e9dicale, r\u00e9\u00e9ducation et bionettoyage.<\/p>\n<p class=\" wall-content\"><strong>Des immersions sont pr\u00e9vues<\/strong> en blocs op\u00e9ratoires cardio-thoraciques et digestifs ainsi qu\u2019en r\u00e9animation \u00e0 11h et 15h. Des animations ludiques en r\u00e9alit\u00e9 virtuelle seront \u00e9galement propos\u00e9es.<\/p>\n<p>Vid\u00e9os : en ce moment sur ActuH\u00f4pital Saint-Andr\u00e9 \u2013 mardi 20 mai de 10h \u00e0 15h<\/p>\n<p class=\" wall-content\">Pour cette deuxi\u00e8me journ\u00e9e, <strong>les services pr\u00e9sents incluent<\/strong> : m\u00e9decine interne, sp\u00e9cialit\u00e9s chirurgicales et dermatologie, g\u00e9rontologie clinique, canc\u00e9rologie, anesth\u00e9sie-r\u00e9animation, biologie, pathologie, imagerie m\u00e9dicale et urgences.<\/p>\n<p class=\" wall-content\">Il est \u00e9galement possible de rencontrer les cadres de service et de d\u00e9couvrir le parcours patient typique de l\u2019h\u00f4pital.<\/p>\n<p class=\" wall-content\"><strong>H\u00f4pital Pellegrin \u2013 vendredi 23 mai de 9h \u00e0 14h<\/strong><\/p>\n<p class=\" wall-content\">Enfin, pour clore les portes ouvertes, <strong>sont mobilis\u00e9s pour accueillir les visiteurs<\/strong> : les services obst\u00e9trique, gyn\u00e9cologie et reproduction, neurosciences, sp\u00e9cialit\u00e9s m\u00e9dicales, p\u00e9diatrie, chirurgie, sp\u00e9cialit\u00e9s chirurgicales et dermatologie, anesth\u00e9sie-r\u00e9animation, biologie, pathologie, imagerie m\u00e9dicale et urgences.<\/p>\n<p class=\" wall-content\">L\u00e0 aussi, <strong>des immersions sont pr\u00e9vues<\/strong> au bloc op\u00e9ratoire et en r\u00e9animation.<\/p>\n<p>Pour ceux qui ne pourraient pas participer, les offres d\u2019emploi sont consultables sur la plateforme <a href=\"https:\/\/chu-bordeaux.softy.pro\/offres\" target=\"_blank\" rel=\"noopener\">Softy<\/a>.<\/p>\n<p class=\" wall-content\">Suivez toute l\u2019actualit\u00e9 de vos villes et m\u00e9dias favoris en vous inscrivant \u00e0 <a href=\"https:\/\/moncompte.actu.fr\" title=\"D\u00e9couvez Mon Actu\" rel=\"nofollow noopener\" data-trk=\"{&quot;cta&quot;:{&quot;action&quot;:&quot;https:\\\/\\\/moncompte.actu.fr&quot;,&quot;category&quot;:&quot;mon compte&quot;,&quot;from&quot;:&quot;article footer&quot;,&quot;name&quot;:&quot;Mon actu&quot;,&quot;type&quot;:&quot;cta&quot;}}\" target=\"_blank\">Mon Actu<\/a>.<\/p>\n","protected":false},"excerpt":{"rendered":"Par Aurelien Cardot Publi\u00e9 le 12 mai 2025 \u00e0 17h46 Le CHU de Bordeaux, premier employeur de Nouvelle-Aquitaine&hellip;\n","protected":false},"author":2,"featured_media":95276,"comment_status":"","ping_status":"","sticky":false,"template":"","format":"standard","meta":{"footnotes":""},"categories":[2817],"tags":[1111,11,1997,11421,341,1777,674,1011,27,12,2219,25,104],"class_list":{"0":"post-95275","1":"post","2":"type-post","3":"status-publish","4":"format-standard","5":"has-post-thumbnail","7":"category-bordeaux","8":"tag-actu","9":"tag-actualites","10":"tag-bordeaux","11":"tag-chu-de-bordeaux","12":"tag-emploi","13":"tag-eu","14":"tag-europe","15":"tag-fr","16":"tag-france","17":"tag-news","18":"tag-nouvelle-aquitaine","19":"tag-republique-francaise","20":"tag-societe"},"share_on_mastodon":{"url":"https:\/\/pubeurope.com\/@fr\/114497158110991303","error":""},"_links":{"self":[{"href":"https:\/\/www.europesays.com\/fr\/wp-json\/wp\/v2\/posts\/95275","targetHints":{"allow":["GET"]}}],"collection":[{"href":"https:\/\/www.europesays.com\/fr\/wp-json\/wp\/v2\/posts"}],"about":[{"href":"https:\/\/www.europesays.com\/fr\/wp-json\/wp\/v2\/types\/post"}],"author":[{"embeddable":true,"href":"https:\/\/www.europesays.com\/fr\/wp-json\/wp\/v2\/users\/2"}],"replies":[{"embeddable":true,"href":"https:\/\/www.europesays.com\/fr\/wp-json\/wp\/v2\/comments?post=95275"}],"version-history":[{"count":0,"href":"https:\/\/www.europesays.com\/fr\/wp-json\/wp\/v2\/posts\/95275\/revisions"}],"wp:featuredmedia":[{"embeddable":true,"href":"https:\/\/www.europesays.com\/fr\/wp-json\/wp\/v2\/media\/95276"}],"wp:attachment":[{"href":"https:\/\/www.europesays.com\/fr\/wp-json\/wp\/v2\/media?parent=95275"}],"wp:term":[{"taxonomy":"category","embeddable":true,"href":"https:\/\/www.europesays.com\/fr\/wp-json\/wp\/v2\/categories?post=95275"},{"taxonomy":"post_tag","embeddable":true,"href":"https:\/\/www.europesays.com\/fr\/wp-json\/wp\/v2\/tags?post=95275"}],"curies":[{"name":"wp","href":"https:\/\/api.w.org\/{rel}","templated":true}]}}