{"id":95284,"date":"2025-05-12T22:16:09","date_gmt":"2025-05-12T22:16:09","guid":{"rendered":"https:\/\/www.europesays.com\/fr\/95284\/"},"modified":"2025-05-12T22:16:09","modified_gmt":"2025-05-12T22:16:09","slug":"apres-la-chute-dune-cliente-lexploitant-dun-manege-sera-juge","status":"publish","type":"post","link":"https:\/\/www.europesays.com\/fr\/95284\/","title":{"rendered":"Apr\u00e8s la chute d\u2019une cliente, l\u2019exploitant d\u2019un man\u00e8ge sera jug\u00e9"},"content":{"rendered":"<p><strong>ACCIDENT &#8211; A Lille, une femme de 28 ans a \u00e9t\u00e9 gri\u00e8vement bless\u00e9e, dans la nuit de vendredi \u00e0 samedi, apr\u00e8s avoir chut\u00e9 d\u2019un man\u00e8ge. L\u2019exploitant, accus\u00e9 de graves manquements \u00e0 la s\u00e9curit\u00e9, sera jug\u00e9 le 22\u00a0octobre<\/strong><\/p>\n<p>Dans la nuit de vendredi \u00e0 samedi \u00e0 <a href=\"https:\/\/www.20minutes.fr\/lille\/?at_medium=RSS%20feed&amp;at_campaign=ynews&amp;utm_source=yahoo&amp;utm_medium=rss&amp;utm_campaign=news_feed&amp;utm_content=in_article_link\" rel=\"nofollow noopener\" target=\"_blank\" data-ylk=\"slk:Lille;elm:context_link;itc:0;sec:content-canvas\" class=\"link \">Lille<\/a>, une femme de 28 ans a \u00e9t\u00e9 gri\u00e8vement bless\u00e9e apr\u00e8s avoir chut\u00e9 d\u2019un man\u00e8ge lors du festival Madame Loyal, un \u00e9v\u00e9nement m\u00ealant <a href=\"https:\/\/www.20minutes.fr\/dossier\/fete-foraine?at_medium=RSS%20feed&amp;at_campaign=ynews&amp;utm_source=yahoo&amp;utm_medium=rss&amp;utm_campaign=news_feed&amp;utm_content=in_article_link\" rel=\"nofollow noopener\" target=\"_blank\" data-ylk=\"slk:f\u00eate foraine;elm:context_link;itc:0;sec:content-canvas\" class=\"link \">f\u00eate foraine<\/a>, musique \u00e9lectronique et arts du cirque. L\u2019exploitant du man\u00e8ge, mis en cause pour des manquements graves \u00e0 la s\u00e9curit\u00e9, sera jug\u00e9 le 22\u00a0octobre 2025, a annonc\u00e9 lundi le parquet.<\/p>\n<p>Une <a href=\"https:\/\/www.20minutes.fr\/dossier\/enquete?at_medium=RSS%20feed&amp;at_campaign=ynews&amp;utm_source=yahoo&amp;utm_medium=rss&amp;utm_campaign=news_feed&amp;utm_content=in_article_link\" rel=\"nofollow noopener\" target=\"_blank\" data-ylk=\"slk:enqu\u00eate;elm:context_link;itc:0;sec:content-canvas\" class=\"link \">enqu\u00eate<\/a> a \u00e9t\u00e9 ouverte pour \u00ab\u00a0blessures involontaires suite \u00e0 une violation manifestement d\u00e9lib\u00e9r\u00e9e d\u2019une obligation de prudence ou de s\u00e9curit\u00e9\u00a0\u00bb, selon la <a href=\"https:\/\/www.20minutes.fr\/dossier\/procureur?at_medium=RSS%20feed&amp;at_campaign=ynews&amp;utm_source=yahoo&amp;utm_medium=rss&amp;utm_campaign=news_feed&amp;utm_content=in_article_link\" rel=\"nofollow noopener\" target=\"_blank\" data-ylk=\"slk:procureure;elm:context_link;itc:0;sec:content-canvas\" class=\"link \">procureure<\/a> de Lille Carole Etienne. Le <a href=\"https:\/\/www.20minutes.fr\/dossier\/forains?at_medium=RSS%20feed&amp;at_campaign=ynews&amp;utm_source=yahoo&amp;utm_medium=rss&amp;utm_campaign=news_feed&amp;utm_content=in_article_link\" rel=\"nofollow noopener\" target=\"_blank\" data-ylk=\"slk:forain;elm:context_link;itc:0;sec:content-canvas\" class=\"link \">forain<\/a>, plac\u00e9 en garde \u00e0 vue puis lib\u00e9r\u00e9 sous contr\u00f4le judiciaire, est accus\u00e9 de ne pas avoir proc\u00e9d\u00e9 aux v\u00e9rifications de rigueur avant de lancer l\u2019attraction.<\/p>\n<p>L\u2019exploitant avait quitt\u00e9 son poste<\/p>\n<p>\u00ab\u00a0Les investigations ont montr\u00e9 que la victime n\u2019\u00e9tait pas accroch\u00e9e correctement et que l\u2019exploitant du man\u00e8ge n\u2019avait pas v\u00e9rifi\u00e9 un \u00e0 un que les clients \u00e9taient bien attach\u00e9s au moment o\u00f9 il a r\u00e9cup\u00e9r\u00e9 les tickets\u00a0\u00bb, a pr\u00e9cis\u00e9 la magistrate. Pire encore, l\u2019homme aurait quitt\u00e9 son poste apr\u00e8s avoir mis le man\u00e8ge en marche, sans rester \u00e0 proximit\u00e9 pour assurer la s\u00e9curit\u00e9 ou pouvoir activer le bouton d\u2019arr\u00eat d\u2019urgence.<\/p>\n<p><a href=\"https:\/\/www.20minutes.fr\/lille\/\" rel=\"nofollow noopener\" target=\"_blank\" data-ylk=\"slk:Toute l&#039;actualit\u00e9 lilloise;elm:context_link;itc:0;sec:content-canvas\" class=\"link \">Toute l&rsquo;actualit\u00e9 lilloise<\/a><\/p>\n<p>La victime, souffrant de blessures s\u00e9rieuses, s\u2019est vue prescrire une incapacit\u00e9 totale de travail (ITT) d\u2019un mois. Elle a pu sortir de l\u2019h\u00f4pital dimanche, selon le producteur lillois A Gauche de la Lune, organisateur de l\u2019\u00e9v\u00e9nement. Ce dernier pr\u00e9cise que le man\u00e8ge impliqu\u00e9 \u00ab\u00a0disposait de toutes les autorisations (&#8230;)<\/p>\n<p><a href=\"https:\/\/www.20minutes.fr\/justice\/4153122-20250512-lille-apres-chute-cliente-exploitant-manege-juge?at_medium=RSS%20feed&amp;at_campaign=ynews&amp;utm_source=yahoo&amp;utm_medium=rss&amp;utm_campaign=news_feed&amp;utm_content=read_more_link&quot;\" rel=\"nofollow noopener\" target=\"_blank\" data-ylk=\"slk:Lire la suite sur 20minutes;elm:context_link;itc:0;sec:content-canvas\" class=\"link \">Lire la suite sur 20minutes<\/a><\/p>\n<p>\u00c0 lire aussi :<br \/><a href=\"https:\/\/www.20minutes.fr\/faits_divers\/faits-divers-lille\/4152742-20250510-lille-jeune-femme-grievement-blessee-apres-avoir-ejectee-manege?at_medium=RSS%20feed&amp;at_campaign=ynews&amp;utm_source=yahoo&amp;utm_medium=rss&amp;utm_campaign=news_feed&amp;utm_content=related_content_link\" rel=\"nofollow noopener\" target=\"_blank\" data-ylk=\"slk:Lille\u00a0: Une jeune femme gri\u00e8vement bless\u00e9e apr\u00e8s avoir \u00e9t\u00e9 \u00e9ject\u00e9e d\u2019un man\u00e8ge;elm:context_link;itc:0;sec:content-canvas\" class=\"link \">Lille\u00a0: Une jeune femme gri\u00e8vement bless\u00e9e apr\u00e8s avoir \u00e9t\u00e9 \u00e9ject\u00e9e d\u2019un man\u00e8ge<\/a><br \/><a href=\"https:\/\/www.20minutes.fr\/monde\/4140940-20250227-etats-unis-grand-mere-obtient-7-millions-dollars-apres-etre-tombee-manege?at_medium=RSS%20feed&amp;at_campaign=ynews&amp;utm_source=yahoo&amp;utm_medium=rss&amp;utm_campaign=news_feed&amp;utm_content=related_content_link\" rel=\"nofollow noopener\" target=\"_blank\" data-ylk=\"slk:\u00c9tats-Unis\u00a0: Une grand-m\u00e8re obtient 7\u00a0millions de dollars apr\u00e8s \u00eatre tomb\u00e9e d\u2019un man\u00e8ge;elm:context_link;itc:0;sec:content-canvas\" class=\"link \">\u00c9tats-Unis\u00a0: Une grand-m\u00e8re obtient 7\u00a0millions de dollars apr\u00e8s \u00eatre tomb\u00e9e d\u2019un man\u00e8ge<\/a><\/p>\n","protected":false},"excerpt":{"rendered":"ACCIDENT &#8211; A Lille, une femme de 28 ans a \u00e9t\u00e9 gri\u00e8vement bless\u00e9e, dans la nuit de vendredi&hellip;\n","protected":false},"author":2,"featured_media":95285,"comment_status":"","ping_status":"","sticky":false,"template":"","format":"standard","meta":{"footnotes":""},"categories":[2815],"tags":[1111,11,1777,674,1011,27,811,20811,1307,12,25,11436],"class_list":{"0":"post-95284","1":"post","2":"type-post","3":"status-publish","4":"format-standard","5":"has-post-thumbnail","7":"category-lille","8":"tag-actu","9":"tag-actualites","10":"tag-eu","11":"tag-europe","12":"tag-fr","13":"tag-france","14":"tag-hauts-de-france","15":"tag-le-manege","16":"tag-lille","17":"tag-news","18":"tag-republique-francaise","19":"tag-une-femme"},"share_on_mastodon":{"url":"https:\/\/pubeurope.com\/@fr\/114497177799096950","error":""},"_links":{"self":[{"href":"https:\/\/www.europesays.com\/fr\/wp-json\/wp\/v2\/posts\/95284","targetHints":{"allow":["GET"]}}],"collection":[{"href":"https:\/\/www.europesays.com\/fr\/wp-json\/wp\/v2\/posts"}],"about":[{"href":"https:\/\/www.europesays.com\/fr\/wp-json\/wp\/v2\/types\/post"}],"author":[{"embeddable":true,"href":"https:\/\/www.europesays.com\/fr\/wp-json\/wp\/v2\/users\/2"}],"replies":[{"embeddable":true,"href":"https:\/\/www.europesays.com\/fr\/wp-json\/wp\/v2\/comments?post=95284"}],"version-history":[{"count":0,"href":"https:\/\/www.europesays.com\/fr\/wp-json\/wp\/v2\/posts\/95284\/revisions"}],"wp:featuredmedia":[{"embeddable":true,"href":"https:\/\/www.europesays.com\/fr\/wp-json\/wp\/v2\/media\/95285"}],"wp:attachment":[{"href":"https:\/\/www.europesays.com\/fr\/wp-json\/wp\/v2\/media?parent=95284"}],"wp:term":[{"taxonomy":"category","embeddable":true,"href":"https:\/\/www.europesays.com\/fr\/wp-json\/wp\/v2\/categories?post=95284"},{"taxonomy":"post_tag","embeddable":true,"href":"https:\/\/www.europesays.com\/fr\/wp-json\/wp\/v2\/tags?post=95284"}],"curies":[{"name":"wp","href":"https:\/\/api.w.org\/{rel}","templated":true}]}}