{"id":95292,"date":"2025-05-12T22:20:08","date_gmt":"2025-05-12T22:20:08","guid":{"rendered":"https:\/\/www.europesays.com\/fr\/95292\/"},"modified":"2025-05-12T22:20:08","modified_gmt":"2025-05-12T22:20:08","slug":"lyon-action-judiciaire-de-masse-contre-les-pfas-dans-la-vallee-de-la-chimie","status":"publish","type":"post","link":"https:\/\/www.europesays.com\/fr\/95292\/","title":{"rendered":"Lyon: action judiciaire de masse contre les PFAS dans la Vall\u00e9e de la Chimie"},"content":{"rendered":"<p>\n                                                C\u2019est le scandale sanitaire de ce d\u00e9but du XXIe si\u00e8cle : les PFAS. Ces polluants \u00e9ternels sont des substances chimiques tr\u00e8s persistantes. On en trouve dans nos objets du quotidien\u00a0: produits de beaut\u00e9, pesticides, emballages alimentaires, rev\u00eatements antiadh\u00e9sifs&#8230; Mais ils sont aussi apparent\u00e9s \u00e0 des perturbateurs endocriniens, et leurs effets sur la sant\u00e9 humaine, av\u00e9r\u00e9s ou potentiels, sont multiples. En France, une loi a \u00e9t\u00e9 vot\u00e9e en f\u00e9vrier dernier sur le sujet. Objectif\u00a0: interdire les cosm\u00e9tiques, v\u00eatements ou encore les chaussures qui en contiennent \u00e0 partir de 2026. Une l\u00e9gislation bien loin de satisfaire les habitants de la Vall\u00e9e de la Chimie, pr\u00e8s de Lyon. Dans la r\u00e9gion, alors que pr\u00e8s de 220 000 personnes sont concern\u00e9es par cette pollution, la lutte contre les PFAS s\u2019organise : une action judiciaire de masse a \u00e9t\u00e9 lanc\u00e9e par plusieurs ONG pour aider les habitants de la r\u00e9gion.                    <\/p>\n<p>\u00ab\u00a0L\u00e0, c&rsquo;est le centre d&rsquo;essai et derri\u00e8re, c&rsquo;est Daikin avec ces ateliers qui ont des pr\u00e9faces.\u00a0\u00bb\u00a0Thierry Mounib habite Pierre-B\u00e9nite, dans le sud de Lyon. Face \u00e0 lui : les usines Daikin et Arkema. \u00ab Si on se retourne, on a les stades de foot. L\u00e0, c&rsquo;est l&rsquo;\u00e9cole maternelle. On a fait des pr\u00e9l\u00e8vements sur l&rsquo;\u00e9cole maternelle, c&rsquo;est une catastrophe.\u00a0\u00bb<\/p>\n<p>Avec son association Bien vivre \u00e0 Pierre-B\u00e9nite,\u00a0Thierry Mounib alerte sur\u00a0<strong><a target=\"_self\" href=\"https:\/\/www.rfi.fr\/fr\/podcasts\/questions-d-environnement\/20240404-comment-les-pfas-ces-polluants-\u00e9ternels-ont-contamin\u00e9-le-monde\" rel=\"noopener\">la pollution de son environnement,<\/a><\/strong> et sur des probl\u00e8mes de sant\u00e9 dans son entourage, qu\u2019il soup\u00e7onne \u00eatre li\u00e9s aux PFAS.\u00a0<\/p>\n<p>\u00ab Ma femme a \u00e9t\u00e9 op\u00e9r\u00e9e d&rsquo;un d&rsquo;un cancer du sein et elle a Parkinson. Autour de moi, dans toutes les maisons, il y a des cancers. Aux \u00c9tats-Unis, qu&rsquo;est-ce qui s&rsquo;est pass\u00e9 quand c&rsquo;\u00e9tait prouv\u00e9\u202f? Les entreprises 3M et DuPont ont \u00e9t\u00e9 oblig\u00e9es de verser des milliards pour le suivi de la population. Arkema et Daikin, ils refusent. Ils ne vont pas verser les milliards pour la population\u00a0de Pierre-B\u00e9nite. \u00bb<\/p>\n<p class=\"a-read-more\">\u00c0 lire aussi<a target=\"_self\" href=\"https:\/\/www.rfi.fr\/fr\/podcasts\/d\u00e9cryptage\/20250219-pfas-peut-on-se-d\u00e9barrasser-des-polluants-\u00e9ternels\" class=\"a-read-more__link\" rel=\"noopener\">Pfas : peut-on se d\u00e9barrasser des polluants \u00e9ternels ?<\/a><\/p>\n<p>\u00ab\u00a0Un s\u00e9rieux doute sur la qualit\u00e9 d\u00e9sormais des l\u00e9gumes \u00bb<\/p>\n<p>Tous ces espoirs reposent d\u00e9sormais sur une action judiciaire de masse. Objectif : que 500 victimes potentielles des PFAS dans la r\u00e9gion lyonnaise demandent en m\u00eame temps des r\u00e9parations financi\u00e8res aux entreprises Arkema et Daikin pour de multiples pr\u00e9judices subis concernant la sant\u00e9, le moral ou une perte de valeur immobili\u00e8re par exemple. Alain a d\u00e9pos\u00e9 son dossier apr\u00e8s avoir fait une prise de sang. Il s&rsquo;est aper\u00e7u \u00eatre contamin\u00e9 en regardant les microgrammes de PFAS pr\u00e9sents par litre de sang.<\/p>\n<p>\u00ab Moi, je suis \u00e0 22,6. Quand vous regardez la grille donn\u00e9e par le laboratoire, au-dessus de 20, il y aura des probl\u00e8mes sur la sant\u00e9. Ceux qui ne sont pas le plus proche de l&rsquo;usine, comme nous, par exemple, \u00e0 un kilom\u00e8tre et demi, ils ont l&rsquo;impression quand m\u00eame d&rsquo;avoir \u00e9chapp\u00e9 au probl\u00e8me. On a quand m\u00eame un s\u00e9rieux doute sur la qualit\u00e9 d\u00e9sormais des l\u00e9gumes qui nous sont fournis ou des \u0153ufs.\u00a0\u00bb<\/p>\n<p class=\"a-read-more\">\u00c0 lire aussi<a target=\"_self\" href=\"https:\/\/www.rfi.fr\/fr\/environnement\/20250123-pfas-la-france-doit-prendre-des-mesures-urgentes-contre-la-pollution-de-l-eau-potable\" class=\"a-read-more__link\" rel=\"noopener\">PFAS: \u00abLa France doit prendre des mesures urgentes contre la pollution de l&rsquo;eau potable\u00bb<\/a><\/p>\n<p>Une action judiciaire unique en France<\/p>\n<p>Cette action au civil sur les PFAS est une premi\u00e8re en France. Louise Tschanz est avocate sp\u00e9cialiste du droit de l&rsquo;environnement au Cabinet Kaizen. Le cabinet qui s&rsquo;occupe des potentielles victimes de contamination aux PFAS.<\/p>\n<p>\u00ab L&rsquo;id\u00e9e, c&rsquo;est qu&rsquo;on cr\u00e9e de <strong><a target=\"_self\" href=\"https:\/\/www.rfi.fr\/fr\/podcasts\/questions-d-environnement\/20250220-les-pfas-sont-ils-suffisamment-r\u00e9glement\u00e9s\" rel=\"noopener\">la jurisprudence qui ait vraiment beaucoup d&rsquo;impact<\/a><\/strong> et que \u00e7a am\u00e8ne les entreprises \u00e0 ne pas faire des d\u00e9cisions comme celles qui \u00e9taient prises par Arkema. C&rsquo;est-\u00e0-dire de savoir qu&rsquo;il y a une pollution tr\u00e8s grave qui est en train de se passer et de continuer pour faire des profits. L&rsquo;id\u00e9e, c&rsquo;est que \u00e7a leur co\u00fbte tellement cher que la prochaine fois, lors de leur d\u00e9cision business et dans leur comit\u00e9 de pilotage, ils se disent, \u00ab\u00a0Ok, ce n&rsquo;est pas possible de r\u00e9agir comme \u00e7a\u00a0\u00bb. Il faut pr\u00e9server l&rsquo;environnement et la sant\u00e9, sinon la population va faire des actions en justice qui vont nous co\u00fbter tr\u00e8s cher.\u00a0\u00bb<\/p>\n<p>Selon l&rsquo;avocate, cette action judiciaire de masse est unique par son ampleur et pourrait \u00eatre la plus importante d\u2019Europe.<\/p>\n<p class=\"a-read-more\">\u00c0 lire aussi<a target=\"_self\" href=\"https:\/\/www.rfi.fr\/fr\/environnement\/20250114-pfas-une-vaste-enqu\u00eate-journalistique-r\u00e9v\u00e8le-le-co\u00fbt-astronomique-de-la-d\u00e9pollution-en-europe\" class=\"a-read-more__link\" rel=\"noopener\">PFAS: une vaste enqu\u00eate journalistique r\u00e9v\u00e8le le co\u00fbt astronomique de la d\u00e9pollution en Europe<\/a><\/p>\n","protected":false},"excerpt":{"rendered":"C\u2019est le scandale sanitaire de ce d\u00e9but du XXIe si\u00e8cle : les PFAS. Ces polluants \u00e9ternels sont des&hellip;\n","protected":false},"author":2,"featured_media":95293,"comment_status":"","ping_status":"","sticky":false,"template":"","format":"standard","meta":{"footnotes":""},"categories":[1889],"tags":[1111,11,2430,313,436,1777,674,1011,27,303,2428,12,1800,5920,25,2362],"class_list":{"0":"post-95292","1":"post","2":"type-post","3":"status-publish","4":"format-standard","5":"has-post-thumbnail","7":"category-lyon","8":"tag-actu","9":"tag-actualites","10":"tag-auvergne-rhone-alpes","11":"tag-entreprises","12":"tag-environnement","13":"tag-eu","14":"tag-europe","15":"tag-fr","16":"tag-france","17":"tag-justice","18":"tag-lyon","19":"tag-news","20":"tag-pollution","21":"tag-reportage-france","22":"tag-republique-francaise","23":"tag-sante-et-medecine"},"share_on_mastodon":{"url":"https:\/\/pubeurope.com\/@fr\/114497193445490902","error":""},"_links":{"self":[{"href":"https:\/\/www.europesays.com\/fr\/wp-json\/wp\/v2\/posts\/95292","targetHints":{"allow":["GET"]}}],"collection":[{"href":"https:\/\/www.europesays.com\/fr\/wp-json\/wp\/v2\/posts"}],"about":[{"href":"https:\/\/www.europesays.com\/fr\/wp-json\/wp\/v2\/types\/post"}],"author":[{"embeddable":true,"href":"https:\/\/www.europesays.com\/fr\/wp-json\/wp\/v2\/users\/2"}],"replies":[{"embeddable":true,"href":"https:\/\/www.europesays.com\/fr\/wp-json\/wp\/v2\/comments?post=95292"}],"version-history":[{"count":0,"href":"https:\/\/www.europesays.com\/fr\/wp-json\/wp\/v2\/posts\/95292\/revisions"}],"wp:featuredmedia":[{"embeddable":true,"href":"https:\/\/www.europesays.com\/fr\/wp-json\/wp\/v2\/media\/95293"}],"wp:attachment":[{"href":"https:\/\/www.europesays.com\/fr\/wp-json\/wp\/v2\/media?parent=95292"}],"wp:term":[{"taxonomy":"category","embeddable":true,"href":"https:\/\/www.europesays.com\/fr\/wp-json\/wp\/v2\/categories?post=95292"},{"taxonomy":"post_tag","embeddable":true,"href":"https:\/\/www.europesays.com\/fr\/wp-json\/wp\/v2\/tags?post=95292"}],"curies":[{"name":"wp","href":"https:\/\/api.w.org\/{rel}","templated":true}]}}